{"id":511232,"date":"2023-10-28T15:12:19","date_gmt":"2023-10-28T21:12:19","guid":{"rendered":"https:\/\/www.zunoticia.com\/noticias-de-hidalgo\/?p=511232"},"modified":"2023-10-28T15:12:21","modified_gmt":"2023-10-28T21:12:21","slug":"primera-alcaldesa-en-hidalgo-fue-de-yahualica-ma-mercedes","status":"publish","type":"post","link":"https:\/\/www.zunoticia.com\/noticias-de-hidalgo\/2023\/10\/28\/primera-alcaldesa-en-hidalgo-fue-de-yahualica-ma-mercedes\/","title":{"rendered":"Primera alcaldesa en Hidalgo fue de Yahualica: Ma. Mercedes"},"content":{"rendered":"<aside class=\"mashsb-container mashsb-main mashsb-stretched\"><div class=\"mashsb-box\"><div class=\"mashsb-count mash-large\" style=\"float:left\"><div class=\"counts mashsbcount\">66<\/div><span class=\"mashsb-sharetext\">SHARES<\/span><\/div><div class=\"mashsb-buttons\"><a class=\"mashicon-facebook mash-large mash-center mashsb-noshadow\" href=\"https:\/\/www.facebook.com\/sharer.php?u=https%3A%2F%2Fwww.zunoticia.com%2Fnoticias-de-hidalgo%2F2023%2F10%2F28%2Fprimera-alcaldesa-en-hidalgo-fue-de-yahualica-ma-mercedes%2F\" target=\"_top\" rel=\"nofollow\"><span class=\"icon\"><\/span><span class=\"text\">Share<\/span><\/a><a class=\"mashicon-twitter mash-large mash-center mashsb-noshadow\" href=\"https:\/\/twitter.com\/intent\/tweet?text=&amp;url=https:\/\/www.zunoticia.com\/noticias-de-hidalgo\/2023\/10\/28\/primera-alcaldesa-en-hidalgo-fue-de-yahualica-ma-mercedes\/\" target=\"_top\" rel=\"nofollow\"><span class=\"icon\"><\/span><span class=\"text\">Tweet<\/span><\/a><div class=\"onoffswitch2 mash-large mashsb-noshadow\" style=\"display:none\"><\/div><\/div>\n            <\/div>\n                <div style=\"clear:both\"><\/div><div class=\"mashsb-toggle-container\"><\/div><\/aside>\n            <!-- Share buttons by mashshare.net - Version: 4.0.47-->\n<ul class=\"wp-block-list\">\n<li>Reclama que su cuadro conmemorativo por interinato debe engalanar la pared hist\u00f3rica del palacio municipal, en cabildo.<\/li>\n<\/ul>\n\n\n\n<p><em>Por Mois\u00e9s Medrano\/ Zunoticia<\/em><\/p>\n\n\n\n<p><strong>Yahualica, Hgo<\/strong>.- La primera alcaldesa de Yahualica, entrevistada v\u00eda telef\u00f3nica, reclam\u00f3 que la igualdad de g\u00e9nero debe comenzar desde la pared hist\u00f3rica de la participaci\u00f3n de las mujeres en los ayuntamientos, pues ella como primera alcaldesa interina de Yahualica y en el estado de Hidalgo, no hay referencia de su participaci\u00f3n en el sal\u00f3n de cabildo.&nbsp;<\/p>\n\n\n\n<p>La ex alcaldesa interina, profesora Mar\u00eda Mercedes Torres Rodr\u00edguez, dijo a Zunoticia que en alg\u00fan momento parec\u00eda un cuadro sin foto, le solicitaron una fotograf\u00eda para anexarla a cabildo, en ese entonces fue el Ingeniero Hip\u00f3lito que en paz descanse, que el alcalde no pudo hacer nada y alcanz\u00f3 a recuperar la fotograf\u00eda.<\/p>\n\n\n\n<p>Narra que solo tiene la credencial, siete de nueve ciudadanos que le apoyaban: \u201cNo s\u00e9 por qu\u00e9 se olvidan de uno, tal vez por ser humilde, pero pues yo me siento orgullosa de haber estado frente a una presidencia del municipio y son cosas que se llevan en el coraz\u00f3n\u201d.<\/p>\n\n\n\n<p>Reclama y con mucha congruencia \u201cen esa pared deber\u00eda estar mi fotograf\u00eda, es un derecho, yo fui quien termin\u00f3 el per\u00edodo de mi t\u00edo Erasmo Rodr\u00edguez Campos que en paz descanse, creo que como un historial debe aparecer. En ese entonces las personas que llegaron despu\u00e9s le dieron importancia, yo ten\u00eda 26 a\u00f1os\u201d.<\/p>\n\n\n\n<p>\u201cYo digo, no s\u00e9 si pedirlo, platicarlo, antes hab\u00eda la creencia que a la mujer no se le tomaba en cuenta\u201d se\u00f1al\u00f3.<\/p>\n\n\n\n<p>\u00a0Revel\u00f3 que su participaci\u00f3n fue en el a\u00f1o 1975 a enero de 1976 \u201cYo fui la primera presidenta interina en el estado de Hidalgo, nunca antes hubo una mujer en el cargo de alcaldesa, despu\u00e9s vino la maestra Carmina o Mar\u00eda del Carmen Lara Garc\u00eda en Huejutla, o Mar\u00eda del Carmen Monroy en Atlapexco, parece que fue en esos mismos tiempos\u201d.<\/p>\n\n\n\n<figure class=\"wp-block-gallery has-nested-images columns-default is-cropped wp-block-gallery-1 is-layout-flex wp-block-gallery-is-layout-flex\">\n<figure class=\"wp-block-image size-large\"><img fetchpriority=\"high\" decoding=\"async\" width=\"940\" height=\"788\" data-id=\"511235\" src=\"https:\/\/www.zunoticia.com\/noticias-de-hidalgo\/wp-content\/uploads\/2023\/10\/Zunoticia-2-101.png\" alt=\"\" class=\"wp-image-511235\" srcset=\"https:\/\/www.zunoticia.com\/noticias-de-hidalgo\/wp-content\/uploads\/2023\/10\/Zunoticia-2-101.png 940w, https:\/\/www.zunoticia.com\/noticias-de-hidalgo\/wp-content\/uploads\/2023\/10\/Zunoticia-2-101-300x251.png 300w, https:\/\/www.zunoticia.com\/noticias-de-hidalgo\/wp-content\/uploads\/2023\/10\/Zunoticia-2-101-768x644.png 768w\" sizes=\"(max-width: 940px) 100vw, 940px\" \/><\/figure>\n\n\n\n<figure class=\"wp-block-image size-large\"><img decoding=\"async\" width=\"940\" height=\"788\" data-id=\"511234\" src=\"https:\/\/www.zunoticia.com\/noticias-de-hidalgo\/wp-content\/uploads\/2023\/10\/Zunoticia-1-255.png\" alt=\"\" class=\"wp-image-511234\" srcset=\"https:\/\/www.zunoticia.com\/noticias-de-hidalgo\/wp-content\/uploads\/2023\/10\/Zunoticia-1-255.png 940w, https:\/\/www.zunoticia.com\/noticias-de-hidalgo\/wp-content\/uploads\/2023\/10\/Zunoticia-1-255-300x251.png 300w, https:\/\/www.zunoticia.com\/noticias-de-hidalgo\/wp-content\/uploads\/2023\/10\/Zunoticia-1-255-768x644.png 768w\" sizes=\"(max-width: 940px) 100vw, 940px\" \/><\/figure>\n<\/figure>\n","protected":false},"excerpt":{"rendered":"<p>Por Mois\u00e9s Medrano\/ Zunoticia Yahualica, Hgo.- La primera alcaldesa de Yahualica, entrevistada v\u00eda telef\u00f3nica, reclam\u00f3 que la igualdad de g\u00e9nero debe comenzar desde la pared hist\u00f3rica de la participaci\u00f3n de las mujeres en los ayuntamientos, pues ella como primera alcaldesa interina de Yahualica y en el estado de Hidalgo, no hay referencia de su participaci\u00f3n&hellip; <a class=\"more-link\" href=\"https:\/\/www.zunoticia.com\/noticias-de-hidalgo\/2023\/10\/28\/primera-alcaldesa-en-hidalgo-fue-de-yahualica-ma-mercedes\/\">Seguir leyendo <span class=\"screen-reader-text\">Primera alcaldesa en Hidalgo fue de Yahualica: Ma. Mercedes<\/span><\/a><\/p>\n","protected":false},"author":20,"featured_media":511233,"comment_status":"open","ping_status":"open","sticky":false,"template":"","format":"standard","meta":{"rop_custom_images_group":[],"rop_custom_messages_group":[],"rop_publish_now":"initial","rop_publish_now_accounts":{"facebook_10159540855086992_322828327761733":""},"rop_publish_now_history":[],"rop_publish_now_status":"pending","footnotes":""},"categories":[179,203],"tags":[229,123],"class_list":["post-511232","post","type-post","status-publish","format-standard","has-post-thumbnail","hentry","category-huasteca","category-yahualica","tag-huasteca","tag-yahualica","entry"],"_links":{"self":[{"href":"https:\/\/www.zunoticia.com\/noticias-de-hidalgo\/wp-json\/wp\/v2\/posts\/511232","targetHints":{"allow":["GET"]}}],"collection":[{"href":"https:\/\/www.zunoticia.com\/noticias-de-hidalgo\/wp-json\/wp\/v2\/posts"}],"about":[{"href":"https:\/\/www.zunoticia.com\/noticias-de-hidalgo\/wp-json\/wp\/v2\/types\/post"}],"author":[{"embeddable":true,"href":"https:\/\/www.zunoticia.com\/noticias-de-hidalgo\/wp-json\/wp\/v2\/users\/20"}],"replies":[{"embeddable":true,"href":"https:\/\/www.zunoticia.com\/noticias-de-hidalgo\/wp-json\/wp\/v2\/comments?post=511232"}],"version-history":[{"count":1,"href":"https:\/\/www.zunoticia.com\/noticias-de-hidalgo\/wp-json\/wp\/v2\/posts\/511232\/revisions"}],"predecessor-version":[{"id":511236,"href":"https:\/\/www.zunoticia.com\/noticias-de-hidalgo\/wp-json\/wp\/v2\/posts\/511232\/revisions\/511236"}],"wp:featuredmedia":[{"embeddable":true,"href":"https:\/\/www.zunoticia.com\/noticias-de-hidalgo\/wp-json\/wp\/v2\/media\/511233"}],"wp:attachment":[{"href":"https:\/\/www.zunoticia.com\/noticias-de-hidalgo\/wp-json\/wp\/v2\/media?parent=511232"}],"wp:term":[{"taxonomy":"category","embeddable":true,"href":"https:\/\/www.zunoticia.com\/noticias-de-hidalgo\/wp-json\/wp\/v2\/categories?post=511232"},{"taxonomy":"post_tag","embeddable":true,"href":"https:\/\/www.zunoticia.com\/noticias-de-hidalgo\/wp-json\/wp\/v2\/tags?post=511232"}],"curies":[{"name":"wp","href":"https:\/\/api.w.org\/{rel}","templated":true}]}}