{"id":511304,"date":"2023-10-29T00:20:54","date_gmt":"2023-10-29T06:20:54","guid":{"rendered":"https:\/\/www.zunoticia.com\/noticias-de-hidalgo\/?p=511304"},"modified":"2023-10-29T00:20:55","modified_gmt":"2023-10-29T06:20:55","slug":"auto-atropello-a-un-motociclista-2","status":"publish","type":"post","link":"https:\/\/www.zunoticia.com\/noticias-de-hidalgo\/2023\/10\/29\/auto-atropello-a-un-motociclista-2\/","title":{"rendered":"Auto atropell\u00f3 a un motociclista"},"content":{"rendered":"<aside class=\"mashsb-container mashsb-main mashsb-stretched\"><div class=\"mashsb-box\"><div class=\"mashsb-count mash-large\" style=\"float:left\"><div class=\"counts mashsbcount\">54<\/div><span class=\"mashsb-sharetext\">SHARES<\/span><\/div><div class=\"mashsb-buttons\"><a class=\"mashicon-facebook mash-large mash-center mashsb-noshadow\" href=\"https:\/\/www.facebook.com\/sharer.php?u=https%3A%2F%2Fwww.zunoticia.com%2Fnoticias-de-hidalgo%2F2023%2F10%2F29%2Fauto-atropello-a-un-motociclista-2%2F\" target=\"_top\" rel=\"nofollow\"><span class=\"icon\"><\/span><span class=\"text\">Share<\/span><\/a><a class=\"mashicon-twitter mash-large mash-center mashsb-noshadow\" href=\"https:\/\/twitter.com\/intent\/tweet?text=&amp;url=https:\/\/www.zunoticia.com\/noticias-de-hidalgo\/2023\/10\/29\/auto-atropello-a-un-motociclista-2\/\" target=\"_top\" rel=\"nofollow\"><span class=\"icon\"><\/span><span class=\"text\">Tweet<\/span><\/a><div class=\"onoffswitch2 mash-large mashsb-noshadow\" style=\"display:none\"><\/div><\/div>\n            <\/div>\n                <div style=\"clear:both\"><\/div><div class=\"mashsb-toggle-container\"><\/div><\/aside>\n            <!-- Share buttons by mashshare.net - Version: 4.0.47-->\n<p><em>Por Roberto Meza\/Zunoticia<\/em><\/p>\n\n\n\n<p><strong>Huejutla, Hgo.-<\/strong> El conductor de un autom\u00f3vil que circulaba sobre el bulevar Adolfo L\u00f3pez de la Colonia Aviaci\u00f3n Civil, atropell\u00f3 a un motociclista dej\u00e1ndolo con lesiones, adem\u00e1s de&nbsp; da\u00f1os materiales en las dos unidades motoras, param\u00e9dicos de los bomberos llegaron al lugar de los hechos para auxiliar al lesionado, mientras que oficiales de tr\u00e1nsito requirieron al conductor del autom\u00f3vil para que se hiciera responsable de los gastos m\u00e9dicos.<\/p>\n\n\n\n<p>El incidente ocurri\u00f3 la noche del viernes en la colonia se\u00f1alada de esta ciudad, donde el conductor de un autom\u00f3vil Volkswagen color blanco, al transitar sobre el lugar atropell\u00f3 al masculino que iba en motocicleta.<\/p>\n\n\n\n<p>El accidente dej\u00f3 mal herido&nbsp; al motociclista que fue trasladado a un hospital de la regi\u00f3n, mientras que el chofer del auto fue requerido por las autoridades policiacas, para deslindar responsabilidades.<\/p>\n","protected":false},"excerpt":{"rendered":"<p>Por Roberto Meza\/Zunoticia Huejutla, Hgo.- El conductor de un autom\u00f3vil que circulaba sobre el bulevar Adolfo L\u00f3pez de la Colonia Aviaci\u00f3n Civil, atropell\u00f3 a un motociclista dej\u00e1ndolo con lesiones, adem\u00e1s de&nbsp; da\u00f1os materiales en las dos unidades motoras, param\u00e9dicos de los bomberos llegaron al lugar de los hechos para auxiliar al lesionado, mientras que oficiales&hellip; <a class=\"more-link\" href=\"https:\/\/www.zunoticia.com\/noticias-de-hidalgo\/2023\/10\/29\/auto-atropello-a-un-motociclista-2\/\">Seguir leyendo <span class=\"screen-reader-text\">Auto atropell\u00f3 a un motociclista<\/span><\/a><\/p>\n","protected":false},"author":13,"featured_media":511308,"comment_status":"open","ping_status":"open","sticky":false,"template":"","format":"standard","meta":{"rop_custom_images_group":[],"rop_custom_messages_group":[],"rop_publish_now":"initial","rop_publish_now_accounts":{"facebook_10159540855086992_322828327761733":""},"rop_publish_now_history":[],"rop_publish_now_status":"pending","footnotes":""},"categories":[178],"tags":[121,259],"class_list":["post-511304","post","type-post","status-publish","format-standard","has-post-thumbnail","hentry","category-policiaca","tag-huejutla","tag-policiaca","entry"],"_links":{"self":[{"href":"https:\/\/www.zunoticia.com\/noticias-de-hidalgo\/wp-json\/wp\/v2\/posts\/511304","targetHints":{"allow":["GET"]}}],"collection":[{"href":"https:\/\/www.zunoticia.com\/noticias-de-hidalgo\/wp-json\/wp\/v2\/posts"}],"about":[{"href":"https:\/\/www.zunoticia.com\/noticias-de-hidalgo\/wp-json\/wp\/v2\/types\/post"}],"author":[{"embeddable":true,"href":"https:\/\/www.zunoticia.com\/noticias-de-hidalgo\/wp-json\/wp\/v2\/users\/13"}],"replies":[{"embeddable":true,"href":"https:\/\/www.zunoticia.com\/noticias-de-hidalgo\/wp-json\/wp\/v2\/comments?post=511304"}],"version-history":[{"count":1,"href":"https:\/\/www.zunoticia.com\/noticias-de-hidalgo\/wp-json\/wp\/v2\/posts\/511304\/revisions"}],"predecessor-version":[{"id":511309,"href":"https:\/\/www.zunoticia.com\/noticias-de-hidalgo\/wp-json\/wp\/v2\/posts\/511304\/revisions\/511309"}],"wp:featuredmedia":[{"embeddable":true,"href":"https:\/\/www.zunoticia.com\/noticias-de-hidalgo\/wp-json\/wp\/v2\/media\/511308"}],"wp:attachment":[{"href":"https:\/\/www.zunoticia.com\/noticias-de-hidalgo\/wp-json\/wp\/v2\/media?parent=511304"}],"wp:term":[{"taxonomy":"category","embeddable":true,"href":"https:\/\/www.zunoticia.com\/noticias-de-hidalgo\/wp-json\/wp\/v2\/categories?post=511304"},{"taxonomy":"post_tag","embeddable":true,"href":"https:\/\/www.zunoticia.com\/noticias-de-hidalgo\/wp-json\/wp\/v2\/tags?post=511304"}],"curies":[{"name":"wp","href":"https:\/\/api.w.org\/{rel}","templated":true}]}}