{"id":511310,"date":"2023-10-29T00:25:58","date_gmt":"2023-10-29T06:25:58","guid":{"rendered":"https:\/\/www.zunoticia.com\/noticias-de-hidalgo\/?p=511310"},"modified":"2023-10-29T00:25:59","modified_gmt":"2023-10-29T06:25:59","slug":"salen-para-acapulco-primeros-camiones-con-ayuda-de-hidalguenses","status":"publish","type":"post","link":"https:\/\/www.zunoticia.com\/noticias-de-hidalgo\/2023\/10\/29\/salen-para-acapulco-primeros-camiones-con-ayuda-de-hidalguenses\/","title":{"rendered":"Salen para Acapulco primeros camiones con ayuda de Hidalguenses"},"content":{"rendered":"<aside class=\"mashsb-container mashsb-main mashsb-stretched\"><div class=\"mashsb-box\"><div class=\"mashsb-count mash-large\" style=\"float:left\"><div class=\"counts mashsbcount\">2<\/div><span class=\"mashsb-sharetext\">SHARES<\/span><\/div><div class=\"mashsb-buttons\"><a class=\"mashicon-facebook mash-large mash-center mashsb-noshadow\" href=\"https:\/\/www.facebook.com\/sharer.php?u=https%3A%2F%2Fwww.zunoticia.com%2Fnoticias-de-hidalgo%2F2023%2F10%2F29%2Fsalen-para-acapulco-primeros-camiones-con-ayuda-de-hidalguenses%2F\" target=\"_top\" rel=\"nofollow\"><span class=\"icon\"><\/span><span class=\"text\">Share<\/span><\/a><a class=\"mashicon-twitter mash-large mash-center mashsb-noshadow\" href=\"https:\/\/twitter.com\/intent\/tweet?text=&amp;url=https:\/\/www.zunoticia.com\/noticias-de-hidalgo\/2023\/10\/29\/salen-para-acapulco-primeros-camiones-con-ayuda-de-hidalguenses\/\" target=\"_top\" rel=\"nofollow\"><span class=\"icon\"><\/span><span class=\"text\">Tweet<\/span><\/a><div class=\"onoffswitch2 mash-large mashsb-noshadow\" style=\"display:none\"><\/div><\/div>\n            <\/div>\n                <div style=\"clear:both\"><\/div><div class=\"mashsb-toggle-container\"><\/div><\/aside>\n            <!-- Share buttons by mashshare.net - Version: 4.0.47-->\n<p><em>Redacci\u00f3n\/Zunoticia<\/em><\/p>\n\n\n\n<p><strong>Pachuca, Hgo.- <\/strong>Este s\u00e1bado salieron del centro de acopio de Plaza Ju\u00e1rez los primeros dos camiones de tres y media toneladas con v\u00edveres, agua embotellada y medicinas rumbo a Acapulco, Guerrero. Su trayecto ser\u00e1 monitoreado por Guardia Nacional y Sedena, la coordinaci\u00f3n en sitio quedar\u00e1 a cargo de la Polic\u00eda del Estado de esa entidad.&nbsp;<\/p>\n\n\n\n<p>Apoyemos a nuestros hermanos y hermanas de Guerrero en estos dif\u00edciles momentos.<\/p>\n","protected":false},"excerpt":{"rendered":"<p>Redacci\u00f3n\/Zunoticia Pachuca, Hgo.- Este s\u00e1bado salieron del centro de acopio de Plaza Ju\u00e1rez los primeros dos camiones de tres y media toneladas con v\u00edveres, agua embotellada y medicinas rumbo a Acapulco, Guerrero. Su trayecto ser\u00e1 monitoreado por Guardia Nacional y Sedena, la coordinaci\u00f3n en sitio quedar\u00e1 a cargo de la Polic\u00eda del Estado de esa&hellip; <a class=\"more-link\" href=\"https:\/\/www.zunoticia.com\/noticias-de-hidalgo\/2023\/10\/29\/salen-para-acapulco-primeros-camiones-con-ayuda-de-hidalguenses\/\">Seguir leyendo <span class=\"screen-reader-text\">Salen para Acapulco primeros camiones con ayuda de Hidalguenses<\/span><\/a><\/p>\n","protected":false},"author":13,"featured_media":511305,"comment_status":"open","ping_status":"open","sticky":false,"template":"","format":"standard","meta":{"rop_custom_images_group":[],"rop_custom_messages_group":[],"rop_publish_now":"initial","rop_publish_now_accounts":{"facebook_10159540855086992_322828327761733":""},"rop_publish_now_history":[],"rop_publish_now_status":"pending","footnotes":""},"categories":[208],"tags":[214],"class_list":["post-511310","post","type-post","status-publish","format-standard","has-post-thumbnail","hentry","category-estado","tag-estado","entry"],"_links":{"self":[{"href":"https:\/\/www.zunoticia.com\/noticias-de-hidalgo\/wp-json\/wp\/v2\/posts\/511310","targetHints":{"allow":["GET"]}}],"collection":[{"href":"https:\/\/www.zunoticia.com\/noticias-de-hidalgo\/wp-json\/wp\/v2\/posts"}],"about":[{"href":"https:\/\/www.zunoticia.com\/noticias-de-hidalgo\/wp-json\/wp\/v2\/types\/post"}],"author":[{"embeddable":true,"href":"https:\/\/www.zunoticia.com\/noticias-de-hidalgo\/wp-json\/wp\/v2\/users\/13"}],"replies":[{"embeddable":true,"href":"https:\/\/www.zunoticia.com\/noticias-de-hidalgo\/wp-json\/wp\/v2\/comments?post=511310"}],"version-history":[{"count":1,"href":"https:\/\/www.zunoticia.com\/noticias-de-hidalgo\/wp-json\/wp\/v2\/posts\/511310\/revisions"}],"predecessor-version":[{"id":511311,"href":"https:\/\/www.zunoticia.com\/noticias-de-hidalgo\/wp-json\/wp\/v2\/posts\/511310\/revisions\/511311"}],"wp:featuredmedia":[{"embeddable":true,"href":"https:\/\/www.zunoticia.com\/noticias-de-hidalgo\/wp-json\/wp\/v2\/media\/511305"}],"wp:attachment":[{"href":"https:\/\/www.zunoticia.com\/noticias-de-hidalgo\/wp-json\/wp\/v2\/media?parent=511310"}],"wp:term":[{"taxonomy":"category","embeddable":true,"href":"https:\/\/www.zunoticia.com\/noticias-de-hidalgo\/wp-json\/wp\/v2\/categories?post=511310"},{"taxonomy":"post_tag","embeddable":true,"href":"https:\/\/www.zunoticia.com\/noticias-de-hidalgo\/wp-json\/wp\/v2\/tags?post=511310"}],"curies":[{"name":"wp","href":"https:\/\/api.w.org\/{rel}","templated":true}]}}