{"id":511335,"date":"2023-10-29T18:27:14","date_gmt":"2023-10-30T00:27:14","guid":{"rendered":"https:\/\/www.zunoticia.com\/noticias-de-hidalgo\/?p=511335"},"modified":"2023-10-30T00:32:00","modified_gmt":"2023-10-30T06:32:00","slug":"preocupa-a-huejutlenses-que-el-altar-no-se-culmine-a-tiempo","status":"publish","type":"post","link":"https:\/\/www.zunoticia.com\/noticias-de-hidalgo\/2023\/10\/29\/preocupa-a-huejutlenses-que-el-altar-no-se-culmine-a-tiempo\/","title":{"rendered":"Preocupa que altar no se culmine a tiempo"},"content":{"rendered":"<aside class=\"mashsb-container mashsb-main mashsb-stretched\"><div class=\"mashsb-box\"><div class=\"mashsb-count mash-large\" style=\"float:left\"><div class=\"counts mashsbcount\">56<\/div><span class=\"mashsb-sharetext\">SHARES<\/span><\/div><div class=\"mashsb-buttons\"><a class=\"mashicon-facebook mash-large mash-center mashsb-noshadow\" href=\"https:\/\/www.facebook.com\/sharer.php?u=https%3A%2F%2Fwww.zunoticia.com%2Fnoticias-de-hidalgo%2F2023%2F10%2F29%2Fpreocupa-a-huejutlenses-que-el-altar-no-se-culmine-a-tiempo%2F\" target=\"_top\" rel=\"nofollow\"><span class=\"icon\"><\/span><span class=\"text\">Share<\/span><\/a><a class=\"mashicon-twitter mash-large mash-center mashsb-noshadow\" href=\"https:\/\/twitter.com\/intent\/tweet?text=&amp;url=https:\/\/www.zunoticia.com\/noticias-de-hidalgo\/2023\/10\/29\/preocupa-a-huejutlenses-que-el-altar-no-se-culmine-a-tiempo\/\" target=\"_top\" rel=\"nofollow\"><span class=\"icon\"><\/span><span class=\"text\">Tweet<\/span><\/a><div class=\"onoffswitch2 mash-large mashsb-noshadow\" style=\"display:none\"><\/div><\/div>\n            <\/div>\n                <div style=\"clear:both\"><\/div><div class=\"mashsb-toggle-container\"><\/div><\/aside>\n            <!-- Share buttons by mashshare.net - Version: 4.0.47-->\n<p><em>Por Karen Rivera\/Zunoticia<\/em><\/p>\n\n\n\n<p><strong>Huejutla de Reyes, Hgo. &#8211;<\/strong> Cuestionamientos encontrados son los que viven los huejutlenses, quienes se han preguntado, si el proyecto del altar en la Plaza del Reloj ser\u00e1 culminado a tiempo.<\/p>\n\n\n\n<figure class=\"wp-block-image size-large\"><img fetchpriority=\"high\" decoding=\"async\" width=\"1024\" height=\"768\" src=\"https:\/\/www.zunoticia.com\/noticias-de-hidalgo\/wp-content\/uploads\/2023\/10\/eZy-Watermark_29-10-2023_05-58-02-5370p.m-1024x768.jpg\" alt=\"\" class=\"wp-image-511338\" srcset=\"https:\/\/www.zunoticia.com\/noticias-de-hidalgo\/wp-content\/uploads\/2023\/10\/eZy-Watermark_29-10-2023_05-58-02-5370p.m-1024x768.jpg 1024w, https:\/\/www.zunoticia.com\/noticias-de-hidalgo\/wp-content\/uploads\/2023\/10\/eZy-Watermark_29-10-2023_05-58-02-5370p.m-300x225.jpg 300w, https:\/\/www.zunoticia.com\/noticias-de-hidalgo\/wp-content\/uploads\/2023\/10\/eZy-Watermark_29-10-2023_05-58-02-5370p.m-768x576.jpg 768w, https:\/\/www.zunoticia.com\/noticias-de-hidalgo\/wp-content\/uploads\/2023\/10\/eZy-Watermark_29-10-2023_05-58-02-5370p.m.jpg 1280w\" sizes=\"(max-width: 1024px) 100vw, 1024px\" \/><\/figure>\n\n\n\n<p>Incertidumbre existe entre algunas personas, como es el caso de la ciudadana Magdalena Guerrero, quien est\u00e1 en espera de ver culminado el altar m\u00e1s grande de Latinoam\u00e9rica, sin embargo, hay quienes tienen la duda de que dichos trabajos est\u00e9n a tiempo para la inauguraci\u00f3n del Xantolo.<\/p>\n\n\n\n<p>Ya que comentan que requiere de mucho tiempo para poder hacer este magno proyecto, adem\u00e1s de que las lluvias atrasaron las labores que se llevaban a cabo.<\/p>\n\n\n\n<figure class=\"wp-block-image size-large\"><img decoding=\"async\" width=\"1024\" height=\"768\" src=\"https:\/\/www.zunoticia.com\/noticias-de-hidalgo\/wp-content\/uploads\/2023\/10\/eZy-Watermark_29-10-2023_05-58-27-6520p.m-1024x768.jpg\" alt=\"\" class=\"wp-image-511337\" srcset=\"https:\/\/www.zunoticia.com\/noticias-de-hidalgo\/wp-content\/uploads\/2023\/10\/eZy-Watermark_29-10-2023_05-58-27-6520p.m-1024x768.jpg 1024w, https:\/\/www.zunoticia.com\/noticias-de-hidalgo\/wp-content\/uploads\/2023\/10\/eZy-Watermark_29-10-2023_05-58-27-6520p.m-300x225.jpg 300w, https:\/\/www.zunoticia.com\/noticias-de-hidalgo\/wp-content\/uploads\/2023\/10\/eZy-Watermark_29-10-2023_05-58-27-6520p.m-768x576.jpg 768w, https:\/\/www.zunoticia.com\/noticias-de-hidalgo\/wp-content\/uploads\/2023\/10\/eZy-Watermark_29-10-2023_05-58-27-6520p.m.jpg 1280w\" sizes=\"(max-width: 1024px) 100vw, 1024px\" \/><\/figure>\n\n\n\n<p>No obstante, otra parte de la poblaci\u00f3n est\u00e1 esperanzada que est\u00e1s celebraciones traer\u00e1n a visitantes y con ello la econom\u00eda a nivel local habr\u00e1 de mejorarse, inter\u00e9s que ha levantado el \u00e1nimo principalmente de todos los comerciantes, quienes ya estaban en espera de la fiesta m\u00e1s grande de la huasteca.<\/p>\n","protected":false},"excerpt":{"rendered":"<p>Por Karen Rivera\/Zunoticia Huejutla de Reyes, Hgo. &#8211; Cuestionamientos encontrados son los que viven los huejutlenses, quienes se han preguntado, si el proyecto del altar en la Plaza del Reloj ser\u00e1 culminado a tiempo. Incertidumbre existe entre algunas personas, como es el caso de la ciudadana Magdalena Guerrero, quien est\u00e1 en espera de ver culminado&hellip; <a class=\"more-link\" href=\"https:\/\/www.zunoticia.com\/noticias-de-hidalgo\/2023\/10\/29\/preocupa-a-huejutlenses-que-el-altar-no-se-culmine-a-tiempo\/\">Seguir leyendo <span class=\"screen-reader-text\">Preocupa que altar no se culmine a tiempo<\/span><\/a><\/p>\n","protected":false},"author":12,"featured_media":511340,"comment_status":"open","ping_status":"open","sticky":false,"template":"","format":"standard","meta":{"rop_custom_images_group":[],"rop_custom_messages_group":[],"rop_publish_now":"initial","rop_publish_now_accounts":{"facebook_10159540855086992_322828327761733":""},"rop_publish_now_history":[],"rop_publish_now_status":"pending","footnotes":""},"categories":[199],"tags":[121],"class_list":["post-511335","post","type-post","status-publish","format-standard","has-post-thumbnail","hentry","category-huautla","tag-huejutla","entry"],"_links":{"self":[{"href":"https:\/\/www.zunoticia.com\/noticias-de-hidalgo\/wp-json\/wp\/v2\/posts\/511335","targetHints":{"allow":["GET"]}}],"collection":[{"href":"https:\/\/www.zunoticia.com\/noticias-de-hidalgo\/wp-json\/wp\/v2\/posts"}],"about":[{"href":"https:\/\/www.zunoticia.com\/noticias-de-hidalgo\/wp-json\/wp\/v2\/types\/post"}],"author":[{"embeddable":true,"href":"https:\/\/www.zunoticia.com\/noticias-de-hidalgo\/wp-json\/wp\/v2\/users\/12"}],"replies":[{"embeddable":true,"href":"https:\/\/www.zunoticia.com\/noticias-de-hidalgo\/wp-json\/wp\/v2\/comments?post=511335"}],"version-history":[{"count":3,"href":"https:\/\/www.zunoticia.com\/noticias-de-hidalgo\/wp-json\/wp\/v2\/posts\/511335\/revisions"}],"predecessor-version":[{"id":511407,"href":"https:\/\/www.zunoticia.com\/noticias-de-hidalgo\/wp-json\/wp\/v2\/posts\/511335\/revisions\/511407"}],"wp:featuredmedia":[{"embeddable":true,"href":"https:\/\/www.zunoticia.com\/noticias-de-hidalgo\/wp-json\/wp\/v2\/media\/511340"}],"wp:attachment":[{"href":"https:\/\/www.zunoticia.com\/noticias-de-hidalgo\/wp-json\/wp\/v2\/media?parent=511335"}],"wp:term":[{"taxonomy":"category","embeddable":true,"href":"https:\/\/www.zunoticia.com\/noticias-de-hidalgo\/wp-json\/wp\/v2\/categories?post=511335"},{"taxonomy":"post_tag","embeddable":true,"href":"https:\/\/www.zunoticia.com\/noticias-de-hidalgo\/wp-json\/wp\/v2\/tags?post=511335"}],"curies":[{"name":"wp","href":"https:\/\/api.w.org\/{rel}","templated":true}]}}