{"id":511367,"date":"2023-10-29T19:28:32","date_gmt":"2023-10-30T01:28:32","guid":{"rendered":"https:\/\/www.zunoticia.com\/noticias-de-hidalgo\/?p=511367"},"modified":"2023-10-29T19:28:33","modified_gmt":"2023-10-30T01:28:33","slug":"menor-provoco-choque","status":"publish","type":"post","link":"https:\/\/www.zunoticia.com\/noticias-de-hidalgo\/2023\/10\/29\/menor-provoco-choque\/","title":{"rendered":"Menor provoc\u00f3 choque"},"content":{"rendered":"<aside class=\"mashsb-container mashsb-main mashsb-stretched\"><div class=\"mashsb-box\"><div class=\"mashsb-count mash-large\" style=\"float:left\"><div class=\"counts mashsbcount\">46<\/div><span class=\"mashsb-sharetext\">SHARES<\/span><\/div><div class=\"mashsb-buttons\"><a class=\"mashicon-facebook mash-large mash-center mashsb-noshadow\" href=\"https:\/\/www.facebook.com\/sharer.php?u=https%3A%2F%2Fwww.zunoticia.com%2Fnoticias-de-hidalgo%2F2023%2F10%2F29%2Fmenor-provoco-choque%2F\" target=\"_top\" rel=\"nofollow\"><span class=\"icon\"><\/span><span class=\"text\">Share<\/span><\/a><a class=\"mashicon-twitter mash-large mash-center mashsb-noshadow\" href=\"https:\/\/twitter.com\/intent\/tweet?text=&amp;url=https:\/\/www.zunoticia.com\/noticias-de-hidalgo\/2023\/10\/29\/menor-provoco-choque\/\" target=\"_top\" rel=\"nofollow\"><span class=\"icon\"><\/span><span class=\"text\">Tweet<\/span><\/a><div class=\"onoffswitch2 mash-large mashsb-noshadow\" style=\"display:none\"><\/div><\/div>\n            <\/div>\n                <div style=\"clear:both\"><\/div><div class=\"mashsb-toggle-container\"><\/div><\/aside>\n            <!-- Share buttons by mashshare.net - Version: 4.0.47-->\n<p><em>Por Francisco Rosas\/Zunoticia<\/em><\/p>\n\n\n\n<p><strong>Plat\u00f3n S\u00e1nchez, Ver.-<\/strong> Por falta de pericia al conducir, una menor de edad, originaria del municipio de Chalma, provoc\u00f3 un choque automovil\u00edstico en la cabecera de este municipio.<\/p>\n\n\n\n<p>El percance ocurri\u00f3 entre las calles Argentina y Porfirio Diaz, de la colonia Los Cues y la jovencita de identidad reservada, manejaba un coche de la marca Nissan Tsuru de color negro, con placas de circulaci\u00f3n del estado de Hidalgo, el cual termin\u00f3 impactado contra una camioneta Hyundai de color azul marino.<\/p>\n\n\n\n<figure class=\"wp-block-image size-full\"><img fetchpriority=\"high\" decoding=\"async\" width=\"970\" height=\"612\" src=\"https:\/\/www.zunoticia.com\/noticias-de-hidalgo\/wp-content\/uploads\/2023\/10\/eZy-Watermark_29-10-2023_07-04-55-1430p.m.jpg\" alt=\"\" class=\"wp-image-511365\" srcset=\"https:\/\/www.zunoticia.com\/noticias-de-hidalgo\/wp-content\/uploads\/2023\/10\/eZy-Watermark_29-10-2023_07-04-55-1430p.m.jpg 970w, https:\/\/www.zunoticia.com\/noticias-de-hidalgo\/wp-content\/uploads\/2023\/10\/eZy-Watermark_29-10-2023_07-04-55-1430p.m-300x189.jpg 300w, https:\/\/www.zunoticia.com\/noticias-de-hidalgo\/wp-content\/uploads\/2023\/10\/eZy-Watermark_29-10-2023_07-04-55-1430p.m-768x485.jpg 768w\" sizes=\"(max-width: 970px) 100vw, 970px\" \/><\/figure>\n\n\n\n<p>Derivado al fuerte choque, el auto compacto tambi\u00e9n da\u00f1\u00f3 la mufa de la luz de un domicilio, sin embargo, lo m\u00e1s importante fue que no hubo personas lesionadas.<\/p>\n\n\n\n<p>Al sitio acudieron elementos de Tr\u00e1nsito del Estado, quienes ordenaron el aseguramiento de ambas unidades motoras para el deslinde de responsabilidades y reparaci\u00f3n de las p\u00e9rdidas materiales.<\/p>\n","protected":false},"excerpt":{"rendered":"<p>Por Francisco Rosas\/Zunoticia Plat\u00f3n S\u00e1nchez, Ver.- Por falta de pericia al conducir, una menor de edad, originaria del municipio de Chalma, provoc\u00f3 un choque automovil\u00edstico en la cabecera de este municipio. El percance ocurri\u00f3 entre las calles Argentina y Porfirio Diaz, de la colonia Los Cues y la jovencita de identidad reservada, manejaba un coche&hellip; <a class=\"more-link\" href=\"https:\/\/www.zunoticia.com\/noticias-de-hidalgo\/2023\/10\/29\/menor-provoco-choque\/\">Seguir leyendo <span class=\"screen-reader-text\">Menor provoc\u00f3 choque<\/span><\/a><\/p>\n","protected":false},"author":12,"featured_media":511364,"comment_status":"open","ping_status":"open","sticky":false,"template":"","format":"standard","meta":{"rop_custom_images_group":[],"rop_custom_messages_group":[],"rop_publish_now":"initial","rop_publish_now_accounts":{"facebook_10159540855086992_322828327761733":""},"rop_publish_now_history":[],"rop_publish_now_status":"pending","footnotes":""},"categories":[178],"tags":[259],"class_list":["post-511367","post","type-post","status-publish","format-standard","has-post-thumbnail","hentry","category-policiaca","tag-policiaca","entry"],"_links":{"self":[{"href":"https:\/\/www.zunoticia.com\/noticias-de-hidalgo\/wp-json\/wp\/v2\/posts\/511367","targetHints":{"allow":["GET"]}}],"collection":[{"href":"https:\/\/www.zunoticia.com\/noticias-de-hidalgo\/wp-json\/wp\/v2\/posts"}],"about":[{"href":"https:\/\/www.zunoticia.com\/noticias-de-hidalgo\/wp-json\/wp\/v2\/types\/post"}],"author":[{"embeddable":true,"href":"https:\/\/www.zunoticia.com\/noticias-de-hidalgo\/wp-json\/wp\/v2\/users\/12"}],"replies":[{"embeddable":true,"href":"https:\/\/www.zunoticia.com\/noticias-de-hidalgo\/wp-json\/wp\/v2\/comments?post=511367"}],"version-history":[{"count":1,"href":"https:\/\/www.zunoticia.com\/noticias-de-hidalgo\/wp-json\/wp\/v2\/posts\/511367\/revisions"}],"predecessor-version":[{"id":511368,"href":"https:\/\/www.zunoticia.com\/noticias-de-hidalgo\/wp-json\/wp\/v2\/posts\/511367\/revisions\/511368"}],"wp:featuredmedia":[{"embeddable":true,"href":"https:\/\/www.zunoticia.com\/noticias-de-hidalgo\/wp-json\/wp\/v2\/media\/511364"}],"wp:attachment":[{"href":"https:\/\/www.zunoticia.com\/noticias-de-hidalgo\/wp-json\/wp\/v2\/media?parent=511367"}],"wp:term":[{"taxonomy":"category","embeddable":true,"href":"https:\/\/www.zunoticia.com\/noticias-de-hidalgo\/wp-json\/wp\/v2\/categories?post=511367"},{"taxonomy":"post_tag","embeddable":true,"href":"https:\/\/www.zunoticia.com\/noticias-de-hidalgo\/wp-json\/wp\/v2\/tags?post=511367"}],"curies":[{"name":"wp","href":"https:\/\/api.w.org\/{rel}","templated":true}]}}