{"id":511380,"date":"2023-10-29T20:06:16","date_gmt":"2023-10-30T02:06:16","guid":{"rendered":"https:\/\/www.zunoticia.com\/noticias-de-hidalgo\/?p=511380"},"modified":"2023-10-29T20:06:17","modified_gmt":"2023-10-30T02:06:17","slug":"auto-compacto-choco-con-casa","status":"publish","type":"post","link":"https:\/\/www.zunoticia.com\/noticias-de-hidalgo\/2023\/10\/29\/auto-compacto-choco-con-casa\/","title":{"rendered":"Auto compacto choc\u00f3 con casa"},"content":{"rendered":"<aside class=\"mashsb-container mashsb-main mashsb-stretched\"><div class=\"mashsb-box\"><div class=\"mashsb-count mash-large\" style=\"float:left\"><div class=\"counts mashsbcount\">30<\/div><span class=\"mashsb-sharetext\">SHARES<\/span><\/div><div class=\"mashsb-buttons\"><a class=\"mashicon-facebook mash-large mash-center mashsb-noshadow\" href=\"https:\/\/www.facebook.com\/sharer.php?u=https%3A%2F%2Fwww.zunoticia.com%2Fnoticias-de-hidalgo%2F2023%2F10%2F29%2Fauto-compacto-choco-con-casa%2F\" target=\"_top\" rel=\"nofollow\"><span class=\"icon\"><\/span><span class=\"text\">Share<\/span><\/a><a class=\"mashicon-twitter mash-large mash-center mashsb-noshadow\" href=\"https:\/\/twitter.com\/intent\/tweet?text=&amp;url=https:\/\/www.zunoticia.com\/noticias-de-hidalgo\/2023\/10\/29\/auto-compacto-choco-con-casa\/\" target=\"_top\" rel=\"nofollow\"><span class=\"icon\"><\/span><span class=\"text\">Tweet<\/span><\/a><div class=\"onoffswitch2 mash-large mashsb-noshadow\" style=\"display:none\"><\/div><\/div>\n            <\/div>\n                <div style=\"clear:both\"><\/div><div class=\"mashsb-toggle-container\"><\/div><\/aside>\n            <!-- Share buttons by mashshare.net - Version: 4.0.47-->\n<p><em>Por Francisco Rosas\/Zunoticia<\/em><\/p>\n\n\n\n<p><strong>Huejutla, Hgo.-<\/strong> Por una presunta falla mec\u00e1nica, un auto compacto, que circulaba en una pendiente, termin\u00f3 impactado contra la fachada de un domicilio particular.<\/p>\n\n\n\n<p>El percance automovil\u00edstico sucedi\u00f3 la tarde de este domingo, en la calle Doctores de la colonia Loma Bonita de esta ciudad y de acuerdo con el reporte del personal de Seguridad P\u00fablica y Tr\u00e1nsito Municipal, que tom\u00f3 conocimiento de los hechos, se dio a conocer que tres personas resultaron con golpes y lesiones menores en el incidente.<\/p>\n\n\n\n<p>Los tripulantes de la unidad motora fueron valorados en el lugar por param\u00e9dicos de la Cruz Roja Mexicana, mientras que una gr\u00faa se encarg\u00f3 de remolcar el veh\u00edculo hacia el corral\u00f3n municipal mientras se deslindan responsabilidades.<\/p>\n","protected":false},"excerpt":{"rendered":"<p>Por Francisco Rosas\/Zunoticia Huejutla, Hgo.- Por una presunta falla mec\u00e1nica, un auto compacto, que circulaba en una pendiente, termin\u00f3 impactado contra la fachada de un domicilio particular. El percance automovil\u00edstico sucedi\u00f3 la tarde de este domingo, en la calle Doctores de la colonia Loma Bonita de esta ciudad y de acuerdo con el reporte del&hellip; <a class=\"more-link\" href=\"https:\/\/www.zunoticia.com\/noticias-de-hidalgo\/2023\/10\/29\/auto-compacto-choco-con-casa\/\">Seguir leyendo <span class=\"screen-reader-text\">Auto compacto choc\u00f3 con casa<\/span><\/a><\/p>\n","protected":false},"author":12,"featured_media":511386,"comment_status":"open","ping_status":"open","sticky":false,"template":"","format":"standard","meta":{"rop_custom_images_group":[],"rop_custom_messages_group":[],"rop_publish_now":"initial","rop_publish_now_accounts":{"facebook_10159540855086992_322828327761733":""},"rop_publish_now_history":[],"rop_publish_now_status":"pending","footnotes":""},"categories":[178],"tags":[259],"class_list":["post-511380","post","type-post","status-publish","format-standard","has-post-thumbnail","hentry","category-policiaca","tag-policiaca","entry"],"_links":{"self":[{"href":"https:\/\/www.zunoticia.com\/noticias-de-hidalgo\/wp-json\/wp\/v2\/posts\/511380","targetHints":{"allow":["GET"]}}],"collection":[{"href":"https:\/\/www.zunoticia.com\/noticias-de-hidalgo\/wp-json\/wp\/v2\/posts"}],"about":[{"href":"https:\/\/www.zunoticia.com\/noticias-de-hidalgo\/wp-json\/wp\/v2\/types\/post"}],"author":[{"embeddable":true,"href":"https:\/\/www.zunoticia.com\/noticias-de-hidalgo\/wp-json\/wp\/v2\/users\/12"}],"replies":[{"embeddable":true,"href":"https:\/\/www.zunoticia.com\/noticias-de-hidalgo\/wp-json\/wp\/v2\/comments?post=511380"}],"version-history":[{"count":1,"href":"https:\/\/www.zunoticia.com\/noticias-de-hidalgo\/wp-json\/wp\/v2\/posts\/511380\/revisions"}],"predecessor-version":[{"id":511387,"href":"https:\/\/www.zunoticia.com\/noticias-de-hidalgo\/wp-json\/wp\/v2\/posts\/511380\/revisions\/511387"}],"wp:featuredmedia":[{"embeddable":true,"href":"https:\/\/www.zunoticia.com\/noticias-de-hidalgo\/wp-json\/wp\/v2\/media\/511386"}],"wp:attachment":[{"href":"https:\/\/www.zunoticia.com\/noticias-de-hidalgo\/wp-json\/wp\/v2\/media?parent=511380"}],"wp:term":[{"taxonomy":"category","embeddable":true,"href":"https:\/\/www.zunoticia.com\/noticias-de-hidalgo\/wp-json\/wp\/v2\/categories?post=511380"},{"taxonomy":"post_tag","embeddable":true,"href":"https:\/\/www.zunoticia.com\/noticias-de-hidalgo\/wp-json\/wp\/v2\/tags?post=511380"}],"curies":[{"name":"wp","href":"https:\/\/api.w.org\/{rel}","templated":true}]}}