{"id":511443,"date":"2023-10-30T16:50:40","date_gmt":"2023-10-30T22:50:40","guid":{"rendered":"https:\/\/www.zunoticia.com\/noticias-de-hidalgo\/?p=511443"},"modified":"2023-10-30T16:50:41","modified_gmt":"2023-10-30T22:50:41","slug":"colorido-creativo-y-muy-concurrido-desfile-de-catrinas-y-coles-por-parte-de-los-alumnos-de-la-secundaria-tecnica-7-guadalupe-victoria","status":"publish","type":"post","link":"https:\/\/www.zunoticia.com\/noticias-de-hidalgo\/2023\/10\/30\/colorido-creativo-y-muy-concurrido-desfile-de-catrinas-y-coles-por-parte-de-los-alumnos-de-la-secundaria-tecnica-7-guadalupe-victoria\/","title":{"rendered":"Colorido, creativo y muy concurrido desfile de Catrinas y Coles por parte de los alumnos de la Secundaria T\u00e9cnica 7 &#8220;Guadalupe Victoria&#8221;"},"content":{"rendered":"<aside class=\"mashsb-container mashsb-main mashsb-stretched\"><div class=\"mashsb-box\"><div class=\"mashsb-count mash-large\" style=\"float:left\"><div class=\"counts mashsbcount\">2<\/div><span class=\"mashsb-sharetext\">SHARES<\/span><\/div><div class=\"mashsb-buttons\"><a class=\"mashicon-facebook mash-large mash-center mashsb-noshadow\" href=\"https:\/\/www.facebook.com\/sharer.php?u=https%3A%2F%2Fwww.zunoticia.com%2Fnoticias-de-hidalgo%2F2023%2F10%2F30%2Fcolorido-creativo-y-muy-concurrido-desfile-de-catrinas-y-coles-por-parte-de-los-alumnos-de-la-secundaria-tecnica-7-guadalupe-victoria%2F\" target=\"_top\" rel=\"nofollow\"><span class=\"icon\"><\/span><span class=\"text\">Share<\/span><\/a><a class=\"mashicon-twitter mash-large mash-center mashsb-noshadow\" href=\"https:\/\/twitter.com\/intent\/tweet?text=&amp;url=https:\/\/www.zunoticia.com\/noticias-de-hidalgo\/2023\/10\/30\/colorido-creativo-y-muy-concurrido-desfile-de-catrinas-y-coles-por-parte-de-los-alumnos-de-la-secundaria-tecnica-7-guadalupe-victoria\/\" target=\"_top\" rel=\"nofollow\"><span class=\"icon\"><\/span><span class=\"text\">Tweet<\/span><\/a><div class=\"onoffswitch2 mash-large mashsb-noshadow\" style=\"display:none\"><\/div><\/div>\n            <\/div>\n                <div style=\"clear:both\"><\/div><div class=\"mashsb-toggle-container\"><\/div><\/aside>\n            <!-- Share buttons by mashshare.net - Version: 4.0.47-->\n<ul class=\"wp-block-list\">\n<li>Adem\u00e1s, realizaron la demostraci\u00f3n de artesan\u00edas hechas de barro.<\/li>\n<\/ul>\n\n\n\n<p><em>Por Redacci\u00f3n\/Zunoticia<\/em><\/p>\n\n\n\n<p><strong>San Felipe Orizatl\u00e1n, Hgo<\/strong>.- En un ambiente de alegr\u00eda y al ritmo de sones xantoleros, con gran \u00e9xito se llev\u00f3 a cabo el desfile de catrinas, catrines y coles por parte de los alumnos de la Escuela Secundaria T\u00e9cnica 7 &#8220;Guadalupe Victoria\u201d, quienes recorrieron las principales calles de la cabecera municipal de San Felipe Orizatl\u00e1n.<\/p>\n\n\n\n<p>El desfile comenz\u00f3 en punto de las 9:30 horas, partiendo en la Avenida Felipe \u00c1ngeles, a la altura del Parque Ecol\u00f3gico, en donde los estudiantes, disfrazados con los elementos m\u00e1s caracter\u00edsticos de la cultura mexicana y destacadamente de la regi\u00f3n huasteca, recorrieron las calles de la zona centro hasta llegar a la explanada de la alcald\u00eda, lugar donde se encuentra el escenario para las actividades del Xantolo 2023.<\/p>\n\n\n\n<p>Al paso de los contingentes, las familias orizatlenses y visitantes disfrutaron de este evento organizado por los maestros, alumnos y padres de familia de la Escuela Secundaria T\u00e9cnica 7, en coordinaci\u00f3n con el gobierno municipal, dentro de las actividades para la celebraci\u00f3n del D\u00eda de Muertos.<\/p>\n\n\n\n<p>En el mismo evento, realizaron una demostraci\u00f3n de artesan\u00edas hechas de barro por parte de los alumnos y maestros de dicha instituci\u00f3n educativa.<\/p>\n\n\n\n<p>Se observ\u00f3 un ambiente de alegr\u00eda y diversi\u00f3n entre los espectadores e integrantes de los contingentes mientras los coles danzaron.<\/p>\n\n\n\n<p>La presidenta municipal, Erika Saab Lara, agradeci\u00f3 a todos quienes integran la Secundaria T\u00e9cnica, por su participaci\u00f3n en esta fiesta tan importante y grande, como lo es el Xantolo.<\/p>\n\n\n\n<p>Las actividades continuar\u00e1n para el d\u00eda martes 31 de octubre, en donde el gobierno municipal invita a presenciar la inauguraci\u00f3n de las Festividades del Xantolo 2023.<\/p>\n\n\n\n<figure class=\"wp-block-gallery has-nested-images columns-default is-cropped wp-block-gallery-1 is-layout-flex wp-block-gallery-is-layout-flex\">\n<figure class=\"wp-block-image size-large\"><img fetchpriority=\"high\" decoding=\"async\" width=\"940\" height=\"788\" data-id=\"511445\" src=\"https:\/\/www.zunoticia.com\/noticias-de-hidalgo\/wp-content\/uploads\/2023\/10\/Zunoticia-3-41.png\" alt=\"\" class=\"wp-image-511445\" srcset=\"https:\/\/www.zunoticia.com\/noticias-de-hidalgo\/wp-content\/uploads\/2023\/10\/Zunoticia-3-41.png 940w, https:\/\/www.zunoticia.com\/noticias-de-hidalgo\/wp-content\/uploads\/2023\/10\/Zunoticia-3-41-300x251.png 300w, https:\/\/www.zunoticia.com\/noticias-de-hidalgo\/wp-content\/uploads\/2023\/10\/Zunoticia-3-41-768x644.png 768w\" sizes=\"(max-width: 940px) 100vw, 940px\" \/><\/figure>\n\n\n\n<figure class=\"wp-block-image size-large\"><img decoding=\"async\" width=\"940\" height=\"788\" data-id=\"511446\" src=\"https:\/\/www.zunoticia.com\/noticias-de-hidalgo\/wp-content\/uploads\/2023\/10\/Zunoticia-2-108.png\" alt=\"\" class=\"wp-image-511446\" srcset=\"https:\/\/www.zunoticia.com\/noticias-de-hidalgo\/wp-content\/uploads\/2023\/10\/Zunoticia-2-108.png 940w, https:\/\/www.zunoticia.com\/noticias-de-hidalgo\/wp-content\/uploads\/2023\/10\/Zunoticia-2-108-300x251.png 300w, https:\/\/www.zunoticia.com\/noticias-de-hidalgo\/wp-content\/uploads\/2023\/10\/Zunoticia-2-108-768x644.png 768w\" sizes=\"(max-width: 940px) 100vw, 940px\" \/><\/figure>\n\n\n\n<figure class=\"wp-block-image size-large\"><img decoding=\"async\" width=\"940\" height=\"788\" data-id=\"511447\" src=\"https:\/\/www.zunoticia.com\/noticias-de-hidalgo\/wp-content\/uploads\/2023\/10\/Zunoticia-1-269.png\" alt=\"\" class=\"wp-image-511447\" srcset=\"https:\/\/www.zunoticia.com\/noticias-de-hidalgo\/wp-content\/uploads\/2023\/10\/Zunoticia-1-269.png 940w, https:\/\/www.zunoticia.com\/noticias-de-hidalgo\/wp-content\/uploads\/2023\/10\/Zunoticia-1-269-300x251.png 300w, https:\/\/www.zunoticia.com\/noticias-de-hidalgo\/wp-content\/uploads\/2023\/10\/Zunoticia-1-269-768x644.png 768w\" sizes=\"(max-width: 940px) 100vw, 940px\" \/><\/figure>\n<\/figure>\n","protected":false},"excerpt":{"rendered":"<p>Por Redacci\u00f3n\/Zunoticia San Felipe Orizatl\u00e1n, Hgo.- En un ambiente de alegr\u00eda y al ritmo de sones xantoleros, con gran \u00e9xito se llev\u00f3 a cabo el desfile de catrinas, catrines y coles por parte de los alumnos de la Escuela Secundaria T\u00e9cnica 7 &#8220;Guadalupe Victoria\u201d, quienes recorrieron las principales calles de la cabecera municipal de San&hellip; <a class=\"more-link\" href=\"https:\/\/www.zunoticia.com\/noticias-de-hidalgo\/2023\/10\/30\/colorido-creativo-y-muy-concurrido-desfile-de-catrinas-y-coles-por-parte-de-los-alumnos-de-la-secundaria-tecnica-7-guadalupe-victoria\/\">Seguir leyendo <span class=\"screen-reader-text\">Colorido, creativo y muy concurrido desfile de Catrinas y Coles por parte de los alumnos de la Secundaria T\u00e9cnica 7 &#8220;Guadalupe Victoria&#8221;<\/span><\/a><\/p>\n","protected":false},"author":20,"featured_media":511444,"comment_status":"open","ping_status":"open","sticky":false,"template":"","format":"standard","meta":{"rop_custom_images_group":[],"rop_custom_messages_group":[],"rop_publish_now":"initial","rop_publish_now_accounts":{"facebook_10159540855086992_322828327761733":""},"rop_publish_now_history":[],"rop_publish_now_status":"pending","footnotes":""},"categories":[179,180],"tags":[129],"class_list":["post-511443","post","type-post","status-publish","format-standard","has-post-thumbnail","hentry","category-huasteca","category-orizatlan","tag-orizatlan","entry"],"_links":{"self":[{"href":"https:\/\/www.zunoticia.com\/noticias-de-hidalgo\/wp-json\/wp\/v2\/posts\/511443","targetHints":{"allow":["GET"]}}],"collection":[{"href":"https:\/\/www.zunoticia.com\/noticias-de-hidalgo\/wp-json\/wp\/v2\/posts"}],"about":[{"href":"https:\/\/www.zunoticia.com\/noticias-de-hidalgo\/wp-json\/wp\/v2\/types\/post"}],"author":[{"embeddable":true,"href":"https:\/\/www.zunoticia.com\/noticias-de-hidalgo\/wp-json\/wp\/v2\/users\/20"}],"replies":[{"embeddable":true,"href":"https:\/\/www.zunoticia.com\/noticias-de-hidalgo\/wp-json\/wp\/v2\/comments?post=511443"}],"version-history":[{"count":1,"href":"https:\/\/www.zunoticia.com\/noticias-de-hidalgo\/wp-json\/wp\/v2\/posts\/511443\/revisions"}],"predecessor-version":[{"id":511448,"href":"https:\/\/www.zunoticia.com\/noticias-de-hidalgo\/wp-json\/wp\/v2\/posts\/511443\/revisions\/511448"}],"wp:featuredmedia":[{"embeddable":true,"href":"https:\/\/www.zunoticia.com\/noticias-de-hidalgo\/wp-json\/wp\/v2\/media\/511444"}],"wp:attachment":[{"href":"https:\/\/www.zunoticia.com\/noticias-de-hidalgo\/wp-json\/wp\/v2\/media?parent=511443"}],"wp:term":[{"taxonomy":"category","embeddable":true,"href":"https:\/\/www.zunoticia.com\/noticias-de-hidalgo\/wp-json\/wp\/v2\/categories?post=511443"},{"taxonomy":"post_tag","embeddable":true,"href":"https:\/\/www.zunoticia.com\/noticias-de-hidalgo\/wp-json\/wp\/v2\/tags?post=511443"}],"curies":[{"name":"wp","href":"https:\/\/api.w.org\/{rel}","templated":true}]}}