{"id":512146,"date":"2023-11-04T12:11:12","date_gmt":"2023-11-04T18:11:12","guid":{"rendered":"https:\/\/www.zunoticia.com\/noticias-de-hidalgo\/?p=512146"},"modified":"2023-11-04T12:11:13","modified_gmt":"2023-11-04T18:11:13","slug":"la-diocesis-intensifica-la-colecta-para-damnificados-de-guerrero","status":"publish","type":"post","link":"https:\/\/www.zunoticia.com\/noticias-de-hidalgo\/2023\/11\/04\/la-diocesis-intensifica-la-colecta-para-damnificados-de-guerrero\/","title":{"rendered":"La Di\u00f3cesis intensifica la colecta para damnificados de Guerrero"},"content":{"rendered":"<aside class=\"mashsb-container mashsb-main mashsb-stretched\"><div class=\"mashsb-box\"><div class=\"mashsb-count mash-large\" style=\"float:left\"><div class=\"counts mashsbcount\">1<\/div><span class=\"mashsb-sharetext\">SHARES<\/span><\/div><div class=\"mashsb-buttons\"><a class=\"mashicon-facebook mash-large mash-center mashsb-noshadow\" href=\"https:\/\/www.facebook.com\/sharer.php?u=https%3A%2F%2Fwww.zunoticia.com%2Fnoticias-de-hidalgo%2F2023%2F11%2F04%2Fla-diocesis-intensifica-la-colecta-para-damnificados-de-guerrero%2F\" target=\"_top\" rel=\"nofollow\"><span class=\"icon\"><\/span><span class=\"text\">Share<\/span><\/a><a class=\"mashicon-twitter mash-large mash-center mashsb-noshadow\" href=\"https:\/\/twitter.com\/intent\/tweet?text=&amp;url=https:\/\/www.zunoticia.com\/noticias-de-hidalgo\/2023\/11\/04\/la-diocesis-intensifica-la-colecta-para-damnificados-de-guerrero\/\" target=\"_top\" rel=\"nofollow\"><span class=\"icon\"><\/span><span class=\"text\">Tweet<\/span><\/a><div class=\"onoffswitch2 mash-large mashsb-noshadow\" style=\"display:none\"><\/div><\/div>\n            <\/div>\n                <div style=\"clear:both\"><\/div><div class=\"mashsb-toggle-container\"><\/div><\/aside>\n            <!-- Share buttons by mashshare.net - Version: 4.0.47-->\n<p><em>Por Enedino Hern\u00e1ndez\/Zunoticia<\/em><\/p>\n\n\n\n<p><strong>Huejutla, Hgo<\/strong>.- El Obispo de la Di\u00f3cesis de Huejutla de Reyes, Jos\u00e9 Hir\u00e1is Acosta Beltr\u00e1n, confirm\u00f3 que el domingo 5 de noviembre concluye en las parroquias, la colecta econ\u00f3mica que actualmente se realiza en apoyo a los afectados por el hurac\u00e1n Otis a su paso por Acapulco, Guerrero; por lo que espera la buena voluntad de la poblaci\u00f3n para apoyar a quienes hoy m\u00e1s lo necesitan.<\/p>\n\n\n\n<p>Expuso que los fieles cat\u00f3licos pueden hacer sus dep\u00f3sitos econ\u00f3micos con los Sacerdotes de las diversas parroquias de la Di\u00f3cesis de Huejutla, para posteriormente concentrar todo para canalizarlo a Acapulco.<\/p>\n\n\n\n<p>Adem\u00e1s, se\u00f1al\u00f3 que, tambi\u00e9n pueden hacer sus dep\u00f3sitos a la cuenta bancaria de C\u00e1ritas, que invita a todas las C\u00e1ritas Diocesanas a sumarse en un gesto de solidaridad cristiana para ayudar a los hermanos de la Arquidi\u00f3cesis de Acapulco y otras comunidades afectadas por el hurac\u00e1n OTIS.<\/p>\n\n\n\n<p>&#8220;Como pastores cercanos al pueblo, conocemos de primera mano el sufrimiento y las enormes necesidades que se viven tras estos desastres naturales. Es tiempo de estar m\u00e1s unidos, C\u00e1ritas Mexicana se encargar\u00e1 de coordinar y hacer llegar a trav\u00e9s de las C\u00e1ritas Diocesanas locales, toda la ayuda en especie y recursos econ\u00f3micos que logremos reunir gracias a la generosidad de los fieles&#8221; se\u00f1al\u00f3.<\/p>\n\n\n\n<p>Asimismo, dijo que, el donativo para los afectados de Acapulco se puede realizar en la cuenta: C\u00e1ritas Mexicana IAP Banco: BBVA Cuenta: 0123456781 Clave interbancaria: O12 18O 00123456781 5 y para extenderles su recibo de deducibilidad deben de informar que su dep\u00f3sito corresponde a &#8220;Hurac\u00e1n Otis&#8221;, adem\u00e1s adjuntar datos fiscales o constancia de situaci\u00f3n fiscal y env\u00eden imagen de su ficha de dep\u00f3sito a los correos: contadorgeneralceps.org.mx o a donantes@caritas.org al tel\u00e9fono (55) 5598-239 o al (55) 5598-7512.<\/p>\n\n\n\n<p><\/p>\n","protected":false},"excerpt":{"rendered":"<p>Por Enedino Hern\u00e1ndez\/Zunoticia Huejutla, Hgo.- El Obispo de la Di\u00f3cesis de Huejutla de Reyes, Jos\u00e9 Hir\u00e1is Acosta Beltr\u00e1n, confirm\u00f3 que el domingo 5 de noviembre concluye en las parroquias, la colecta econ\u00f3mica que actualmente se realiza en apoyo a los afectados por el hurac\u00e1n Otis a su paso por Acapulco, Guerrero; por lo que espera&hellip; <a class=\"more-link\" href=\"https:\/\/www.zunoticia.com\/noticias-de-hidalgo\/2023\/11\/04\/la-diocesis-intensifica-la-colecta-para-damnificados-de-guerrero\/\">Seguir leyendo <span class=\"screen-reader-text\">La Di\u00f3cesis intensifica la colecta para damnificados de Guerrero<\/span><\/a><\/p>\n","protected":false},"author":20,"featured_media":512147,"comment_status":"open","ping_status":"open","sticky":false,"template":"","format":"standard","meta":{"rop_custom_images_group":[],"rop_custom_messages_group":[],"rop_publish_now":"initial","rop_publish_now_accounts":{"facebook_10159540855086992_322828327761733":""},"rop_publish_now_history":[],"rop_publish_now_status":"pending","footnotes":""},"categories":[181],"tags":[121],"class_list":["post-512146","post","type-post","status-publish","format-standard","has-post-thumbnail","hentry","category-huejutla","tag-huejutla","entry"],"_links":{"self":[{"href":"https:\/\/www.zunoticia.com\/noticias-de-hidalgo\/wp-json\/wp\/v2\/posts\/512146","targetHints":{"allow":["GET"]}}],"collection":[{"href":"https:\/\/www.zunoticia.com\/noticias-de-hidalgo\/wp-json\/wp\/v2\/posts"}],"about":[{"href":"https:\/\/www.zunoticia.com\/noticias-de-hidalgo\/wp-json\/wp\/v2\/types\/post"}],"author":[{"embeddable":true,"href":"https:\/\/www.zunoticia.com\/noticias-de-hidalgo\/wp-json\/wp\/v2\/users\/20"}],"replies":[{"embeddable":true,"href":"https:\/\/www.zunoticia.com\/noticias-de-hidalgo\/wp-json\/wp\/v2\/comments?post=512146"}],"version-history":[{"count":1,"href":"https:\/\/www.zunoticia.com\/noticias-de-hidalgo\/wp-json\/wp\/v2\/posts\/512146\/revisions"}],"predecessor-version":[{"id":512148,"href":"https:\/\/www.zunoticia.com\/noticias-de-hidalgo\/wp-json\/wp\/v2\/posts\/512146\/revisions\/512148"}],"wp:featuredmedia":[{"embeddable":true,"href":"https:\/\/www.zunoticia.com\/noticias-de-hidalgo\/wp-json\/wp\/v2\/media\/512147"}],"wp:attachment":[{"href":"https:\/\/www.zunoticia.com\/noticias-de-hidalgo\/wp-json\/wp\/v2\/media?parent=512146"}],"wp:term":[{"taxonomy":"category","embeddable":true,"href":"https:\/\/www.zunoticia.com\/noticias-de-hidalgo\/wp-json\/wp\/v2\/categories?post=512146"},{"taxonomy":"post_tag","embeddable":true,"href":"https:\/\/www.zunoticia.com\/noticias-de-hidalgo\/wp-json\/wp\/v2\/tags?post=512146"}],"curies":[{"name":"wp","href":"https:\/\/api.w.org\/{rel}","templated":true}]}}