{"id":512254,"date":"2023-11-05T17:48:53","date_gmt":"2023-11-05T23:48:53","guid":{"rendered":"https:\/\/www.zunoticia.com\/noticias-de-hidalgo\/?p=512254"},"modified":"2023-11-05T17:48:54","modified_gmt":"2023-11-05T23:48:54","slug":"cierra-con-broche-de-oro-la-xxiii-edicion-de-la-feria-del-libro-infantil-y-juvenil-del-estado-de-hidalgo","status":"publish","type":"post","link":"https:\/\/www.zunoticia.com\/noticias-de-hidalgo\/2023\/11\/05\/cierra-con-broche-de-oro-la-xxiii-edicion-de-la-feria-del-libro-infantil-y-juvenil-del-estado-de-hidalgo\/","title":{"rendered":"Cierra con &#8220;broche de oro&#8221; la XXIII edici\u00f3n de la &#8220;Feria del Libro Infantil y Juvenil del Estado de Hidalgo"},"content":{"rendered":"<aside class=\"mashsb-container mashsb-main mashsb-stretched\"><div class=\"mashsb-box\"><div class=\"mashsb-count mash-large\" style=\"float:left\"><div class=\"counts mashsbcount\">42<\/div><span class=\"mashsb-sharetext\">SHARES<\/span><\/div><div class=\"mashsb-buttons\"><a class=\"mashicon-facebook mash-large mash-center mashsb-noshadow\" href=\"https:\/\/www.facebook.com\/sharer.php?u=https%3A%2F%2Fwww.zunoticia.com%2Fnoticias-de-hidalgo%2F2023%2F11%2F05%2Fcierra-con-broche-de-oro-la-xxiii-edicion-de-la-feria-del-libro-infantil-y-juvenil-del-estado-de-hidalgo%2F\" target=\"_top\" rel=\"nofollow\"><span class=\"icon\"><\/span><span class=\"text\">Share<\/span><\/a><a class=\"mashicon-twitter mash-large mash-center mashsb-noshadow\" href=\"https:\/\/twitter.com\/intent\/tweet?text=&amp;url=https:\/\/www.zunoticia.com\/noticias-de-hidalgo\/2023\/11\/05\/cierra-con-broche-de-oro-la-xxiii-edicion-de-la-feria-del-libro-infantil-y-juvenil-del-estado-de-hidalgo\/\" target=\"_top\" rel=\"nofollow\"><span class=\"icon\"><\/span><span class=\"text\">Tweet<\/span><\/a><div class=\"onoffswitch2 mash-large mashsb-noshadow\" style=\"display:none\"><\/div><\/div>\n            <\/div>\n                <div style=\"clear:both\"><\/div><div class=\"mashsb-toggle-container\"><\/div><\/aside>\n            <!-- Share buttons by mashshare.net - Version: 4.0.47-->\n<p><em>Por Salvador Altamirano\/Zunoticia<\/em><\/p>\n\n\n\n<p><strong>Huejutla, Hgo.-<\/strong> Entrevistada en torno al evento que este domingo se estaba llevando a cabo en las instalaciones de la Casa de la Cultura de la Huasteca, la Secretaria de Cultura en el Estado de Hidalgo, Tania Meza Escorza, expres\u00f3 que, estaban en la ejecuci\u00f3n de la vig\u00e9sima tercera (XXIII) edici\u00f3n de la &#8220;Feria del Libro&nbsp; Infantil y Juvenil del Estado de Hidalgo (FLIJEH).<\/p>\n\n\n\n<figure class=\"wp-block-image size-large\"><img fetchpriority=\"high\" decoding=\"async\" width=\"1024\" height=\"768\" src=\"https:\/\/www.zunoticia.com\/noticias-de-hidalgo\/wp-content\/uploads\/2023\/11\/eZy-Watermark_05-11-2023_03-09-53-0370p.m-1024x768.jpg\" alt=\"\" class=\"wp-image-512232\" srcset=\"https:\/\/www.zunoticia.com\/noticias-de-hidalgo\/wp-content\/uploads\/2023\/11\/eZy-Watermark_05-11-2023_03-09-53-0370p.m-1024x768.jpg 1024w, https:\/\/www.zunoticia.com\/noticias-de-hidalgo\/wp-content\/uploads\/2023\/11\/eZy-Watermark_05-11-2023_03-09-53-0370p.m-300x225.jpg 300w, https:\/\/www.zunoticia.com\/noticias-de-hidalgo\/wp-content\/uploads\/2023\/11\/eZy-Watermark_05-11-2023_03-09-53-0370p.m-768x576.jpg 768w, https:\/\/www.zunoticia.com\/noticias-de-hidalgo\/wp-content\/uploads\/2023\/11\/eZy-Watermark_05-11-2023_03-09-53-0370p.m.jpg 1280w\" sizes=\"(max-width: 1024px) 100vw, 1024px\" \/><\/figure>\n\n\n\n<p>Explic\u00f3 que, las actividades iniciaron el 13 de octubre en Pachuca, y posteriormente ha recorrido las distintas regiones de la entidad, y este domingo cerramos con &#8220;broche de oro&#8221; en Huejutla, con el concierto de un grupo infantil de rock muy famoso denominado &#8220;Yucat\u00e1n a Gogo&#8221;.<\/p>\n\n\n\n<p>A pregunta formulada detall\u00f3 que, en el marco del evento, del cual se est\u00e1 a la expectativa porque es el primero que organizan, de los muchos que habr\u00e1, en el Centro cultural que antes se llamaba la Casa Blanca, no solamente est\u00e1n a la venta libros, sino que de manera simult\u00e1nea se implementan talleres con el tema de los derechos de las juventudes a trav\u00e9s del arte, as\u00ed como de cuentacuentos.<\/p>\n\n\n\n<figure class=\"wp-block-image size-large\"><img decoding=\"async\" width=\"1024\" height=\"768\" src=\"https:\/\/www.zunoticia.com\/noticias-de-hidalgo\/wp-content\/uploads\/2023\/11\/eZy-Watermark_05-11-2023_03-10-21-2410p.m-1024x768.jpg\" alt=\"\" class=\"wp-image-512234\" srcset=\"https:\/\/www.zunoticia.com\/noticias-de-hidalgo\/wp-content\/uploads\/2023\/11\/eZy-Watermark_05-11-2023_03-10-21-2410p.m-1024x768.jpg 1024w, https:\/\/www.zunoticia.com\/noticias-de-hidalgo\/wp-content\/uploads\/2023\/11\/eZy-Watermark_05-11-2023_03-10-21-2410p.m-300x225.jpg 300w, https:\/\/www.zunoticia.com\/noticias-de-hidalgo\/wp-content\/uploads\/2023\/11\/eZy-Watermark_05-11-2023_03-10-21-2410p.m-768x576.jpg 768w, https:\/\/www.zunoticia.com\/noticias-de-hidalgo\/wp-content\/uploads\/2023\/11\/eZy-Watermark_05-11-2023_03-10-21-2410p.m.jpg 1280w\" sizes=\"(max-width: 1024px) 100vw, 1024px\" \/><\/figure>\n\n\n\n<p>Al requerirle su opini\u00f3n especifica respecto a qu\u00e9 conlleva la lectura, subray\u00f3 que, es acercarse a una de las siete bellas artes, que es la creaci\u00f3n literaria en general, tambi\u00e9n al cocimiento y mantiene la mente ocupada d\u00e1ndole elementos creativos para evitar actitudes nocivas.<\/p>\n\n\n\n<p>Para finalizar, la titular de la Secretar\u00eda de Cultura del Estado de Hidalgo, exhort\u00f3 a los padres de familia para que inculquen en los hijos el h\u00e1bito de la lectura, ya que los libros son toda una experiencia, son el contacto con el arte y la vivencia, a lo que las nuevas generaciones no est\u00e1n muy acostumbradas por el uso del celular.<\/p>\n","protected":false},"excerpt":{"rendered":"<p>Por Salvador Altamirano\/Zunoticia Huejutla, Hgo.- Entrevistada en torno al evento que este domingo se estaba llevando a cabo en las instalaciones de la Casa de la Cultura de la Huasteca, la Secretaria de Cultura en el Estado de Hidalgo, Tania Meza Escorza, expres\u00f3 que, estaban en la ejecuci\u00f3n de la vig\u00e9sima tercera (XXIII) edici\u00f3n de&hellip; <a class=\"more-link\" href=\"https:\/\/www.zunoticia.com\/noticias-de-hidalgo\/2023\/11\/05\/cierra-con-broche-de-oro-la-xxiii-edicion-de-la-feria-del-libro-infantil-y-juvenil-del-estado-de-hidalgo\/\">Seguir leyendo <span class=\"screen-reader-text\">Cierra con &#8220;broche de oro&#8221; la XXIII edici\u00f3n de la &#8220;Feria del Libro Infantil y Juvenil del Estado de Hidalgo<\/span><\/a><\/p>\n","protected":false},"author":12,"featured_media":512233,"comment_status":"open","ping_status":"open","sticky":false,"template":"","format":"standard","meta":{"rop_custom_images_group":[],"rop_custom_messages_group":[],"rop_publish_now":"initial","rop_publish_now_accounts":{"facebook_10159540855086992_322828327761733":""},"rop_publish_now_history":[],"rop_publish_now_status":"pending","footnotes":""},"categories":[181],"tags":[121],"class_list":["post-512254","post","type-post","status-publish","format-standard","has-post-thumbnail","hentry","category-huejutla","tag-huejutla","entry"],"_links":{"self":[{"href":"https:\/\/www.zunoticia.com\/noticias-de-hidalgo\/wp-json\/wp\/v2\/posts\/512254","targetHints":{"allow":["GET"]}}],"collection":[{"href":"https:\/\/www.zunoticia.com\/noticias-de-hidalgo\/wp-json\/wp\/v2\/posts"}],"about":[{"href":"https:\/\/www.zunoticia.com\/noticias-de-hidalgo\/wp-json\/wp\/v2\/types\/post"}],"author":[{"embeddable":true,"href":"https:\/\/www.zunoticia.com\/noticias-de-hidalgo\/wp-json\/wp\/v2\/users\/12"}],"replies":[{"embeddable":true,"href":"https:\/\/www.zunoticia.com\/noticias-de-hidalgo\/wp-json\/wp\/v2\/comments?post=512254"}],"version-history":[{"count":1,"href":"https:\/\/www.zunoticia.com\/noticias-de-hidalgo\/wp-json\/wp\/v2\/posts\/512254\/revisions"}],"predecessor-version":[{"id":512260,"href":"https:\/\/www.zunoticia.com\/noticias-de-hidalgo\/wp-json\/wp\/v2\/posts\/512254\/revisions\/512260"}],"wp:featuredmedia":[{"embeddable":true,"href":"https:\/\/www.zunoticia.com\/noticias-de-hidalgo\/wp-json\/wp\/v2\/media\/512233"}],"wp:attachment":[{"href":"https:\/\/www.zunoticia.com\/noticias-de-hidalgo\/wp-json\/wp\/v2\/media?parent=512254"}],"wp:term":[{"taxonomy":"category","embeddable":true,"href":"https:\/\/www.zunoticia.com\/noticias-de-hidalgo\/wp-json\/wp\/v2\/categories?post=512254"},{"taxonomy":"post_tag","embeddable":true,"href":"https:\/\/www.zunoticia.com\/noticias-de-hidalgo\/wp-json\/wp\/v2\/tags?post=512254"}],"curies":[{"name":"wp","href":"https:\/\/api.w.org\/{rel}","templated":true}]}}