{"id":512261,"date":"2023-11-05T17:57:43","date_gmt":"2023-11-05T23:57:43","guid":{"rendered":"https:\/\/www.zunoticia.com\/noticias-de-hidalgo\/?p=512261"},"modified":"2023-11-05T17:57:45","modified_gmt":"2023-11-05T23:57:45","slug":"entregan-reconocimientos-y-preseas-en-evento-encuentro-intercultural-de-escritores-poetas-y-cronistas","status":"publish","type":"post","link":"https:\/\/www.zunoticia.com\/noticias-de-hidalgo\/2023\/11\/05\/entregan-reconocimientos-y-preseas-en-evento-encuentro-intercultural-de-escritores-poetas-y-cronistas\/","title":{"rendered":"Entregan reconocimientos y preseas en evento &#8220;Encuentro Intercultural de Escritores, Poetas y Cronistas&#8221;"},"content":{"rendered":"<aside class=\"mashsb-container mashsb-main mashsb-stretched\"><div class=\"mashsb-box\"><div class=\"mashsb-count mash-large\" style=\"float:left\"><div class=\"counts mashsbcount\">10<\/div><span class=\"mashsb-sharetext\">SHARES<\/span><\/div><div class=\"mashsb-buttons\"><a class=\"mashicon-facebook mash-large mash-center mashsb-noshadow\" href=\"https:\/\/www.facebook.com\/sharer.php?u=https%3A%2F%2Fwww.zunoticia.com%2Fnoticias-de-hidalgo%2F2023%2F11%2F05%2Fentregan-reconocimientos-y-preseas-en-evento-encuentro-intercultural-de-escritores-poetas-y-cronistas%2F\" target=\"_top\" rel=\"nofollow\"><span class=\"icon\"><\/span><span class=\"text\">Share<\/span><\/a><a class=\"mashicon-twitter mash-large mash-center mashsb-noshadow\" href=\"https:\/\/twitter.com\/intent\/tweet?text=&amp;url=https:\/\/www.zunoticia.com\/noticias-de-hidalgo\/2023\/11\/05\/entregan-reconocimientos-y-preseas-en-evento-encuentro-intercultural-de-escritores-poetas-y-cronistas\/\" target=\"_top\" rel=\"nofollow\"><span class=\"icon\"><\/span><span class=\"text\">Tweet<\/span><\/a><div class=\"onoffswitch2 mash-large mashsb-noshadow\" style=\"display:none\"><\/div><\/div>\n            <\/div>\n                <div style=\"clear:both\"><\/div><div class=\"mashsb-toggle-container\"><\/div><\/aside>\n            <!-- Share buttons by mashshare.net - Version: 4.0.47-->\n<p><em>Por Salvador Altamirano\/Zunoticia<\/em><\/p>\n\n\n\n<p><strong>Huejutla, Hgo.-<\/strong> Este domingo en las instalaciones de la Escuela Normal de las Huastecas, a las 10:00 horas, se llev\u00f3 a cabo la clausura del evento internacional denominado &#8220;Encuentro Intercultural de Escritores, Poetas y Cronistas&#8221;, entreg\u00e1ndoles reconocimientos y preseas a cada uno de los participantes.<\/p>\n\n\n\n<figure class=\"wp-block-image size-large\"><img fetchpriority=\"high\" decoding=\"async\" width=\"1024\" height=\"768\" src=\"https:\/\/www.zunoticia.com\/noticias-de-hidalgo\/wp-content\/uploads\/2023\/11\/eZy-Watermark_05-11-2023_04-15-33-3330p.m-1024x768.jpg\" alt=\"\" class=\"wp-image-512248\" srcset=\"https:\/\/www.zunoticia.com\/noticias-de-hidalgo\/wp-content\/uploads\/2023\/11\/eZy-Watermark_05-11-2023_04-15-33-3330p.m-1024x768.jpg 1024w, https:\/\/www.zunoticia.com\/noticias-de-hidalgo\/wp-content\/uploads\/2023\/11\/eZy-Watermark_05-11-2023_04-15-33-3330p.m-300x225.jpg 300w, https:\/\/www.zunoticia.com\/noticias-de-hidalgo\/wp-content\/uploads\/2023\/11\/eZy-Watermark_05-11-2023_04-15-33-3330p.m-768x576.jpg 768w, https:\/\/www.zunoticia.com\/noticias-de-hidalgo\/wp-content\/uploads\/2023\/11\/eZy-Watermark_05-11-2023_04-15-33-3330p.m-1536x1152.jpg 1536w, https:\/\/www.zunoticia.com\/noticias-de-hidalgo\/wp-content\/uploads\/2023\/11\/eZy-Watermark_05-11-2023_04-15-33-3330p.m-1568x1176.jpg 1568w, https:\/\/www.zunoticia.com\/noticias-de-hidalgo\/wp-content\/uploads\/2023\/11\/eZy-Watermark_05-11-2023_04-15-33-3330p.m.jpg 1600w\" sizes=\"(max-width: 1024px) 100vw, 1024px\" \/><\/figure>\n\n\n\n<p>Como se inform\u00f3 con oportunidad, la referida actividad literaria, organizada por la escritora huasteca, Luz Alfa Vargas Sa\u00e9nz, tuvo tres d\u00edas de duraci\u00f3n, inaugur\u00e1ndose el pasado viernes en la Plaza 31 de Mayo.<\/p>\n\n\n\n<p>Es necesario expresar que, al evento internacional acudieron un total de 60 escritores, poetas y cronistas, provenientes de los pa\u00edses de Chile, Uruguay, Estados Unidos y de varios estados de la Rep\u00fablica Mexicana.<\/p>\n\n\n\n<figure class=\"wp-block-image size-large\"><img decoding=\"async\" width=\"1024\" height=\"576\" src=\"https:\/\/www.zunoticia.com\/noticias-de-hidalgo\/wp-content\/uploads\/2023\/11\/eZy-Watermark_05-11-2023_04-15-48-1970p.m-1024x576.jpg\" alt=\"\" class=\"wp-image-512245\" srcset=\"https:\/\/www.zunoticia.com\/noticias-de-hidalgo\/wp-content\/uploads\/2023\/11\/eZy-Watermark_05-11-2023_04-15-48-1970p.m-1024x576.jpg 1024w, https:\/\/www.zunoticia.com\/noticias-de-hidalgo\/wp-content\/uploads\/2023\/11\/eZy-Watermark_05-11-2023_04-15-48-1970p.m-300x169.jpg 300w, https:\/\/www.zunoticia.com\/noticias-de-hidalgo\/wp-content\/uploads\/2023\/11\/eZy-Watermark_05-11-2023_04-15-48-1970p.m-768x432.jpg 768w, https:\/\/www.zunoticia.com\/noticias-de-hidalgo\/wp-content\/uploads\/2023\/11\/eZy-Watermark_05-11-2023_04-15-48-1970p.m-1536x864.jpg 1536w, https:\/\/www.zunoticia.com\/noticias-de-hidalgo\/wp-content\/uploads\/2023\/11\/eZy-Watermark_05-11-2023_04-15-48-1970p.m-1568x882.jpg 1568w, https:\/\/www.zunoticia.com\/noticias-de-hidalgo\/wp-content\/uploads\/2023\/11\/eZy-Watermark_05-11-2023_04-15-48-1970p.m.jpg 1600w\" sizes=\"(max-width: 1024px) 100vw, 1024px\" \/><\/figure>\n\n\n\n<p>Durante su participaci\u00f3n en el acto de clausura, la escritora chilena, Lorena Manr\u00edquez Hern\u00e1ndez enfatiz\u00f3: &#8220;Me voy con el coraz\u00f3n llenito de alegr\u00eda&#8221; y su hija, Francisca, interpret\u00f3 una melod\u00eda titulada: &#8220;Un mensaje de fe&#8221;, alusiva a la superaci\u00f3n de adversidades ya que su madre tuvo un accidente perdiendo uno de sus brazos.<\/p>\n\n\n\n<figure class=\"wp-block-image size-large\"><img decoding=\"async\" width=\"1024\" height=\"576\" src=\"https:\/\/www.zunoticia.com\/noticias-de-hidalgo\/wp-content\/uploads\/2023\/11\/eZy-Watermark_05-11-2023_04-15-17-8270p.m-1024x576.jpg\" alt=\"\" class=\"wp-image-512246\" srcset=\"https:\/\/www.zunoticia.com\/noticias-de-hidalgo\/wp-content\/uploads\/2023\/11\/eZy-Watermark_05-11-2023_04-15-17-8270p.m-1024x576.jpg 1024w, https:\/\/www.zunoticia.com\/noticias-de-hidalgo\/wp-content\/uploads\/2023\/11\/eZy-Watermark_05-11-2023_04-15-17-8270p.m-300x169.jpg 300w, https:\/\/www.zunoticia.com\/noticias-de-hidalgo\/wp-content\/uploads\/2023\/11\/eZy-Watermark_05-11-2023_04-15-17-8270p.m-768x432.jpg 768w, https:\/\/www.zunoticia.com\/noticias-de-hidalgo\/wp-content\/uploads\/2023\/11\/eZy-Watermark_05-11-2023_04-15-17-8270p.m-1536x864.jpg 1536w, https:\/\/www.zunoticia.com\/noticias-de-hidalgo\/wp-content\/uploads\/2023\/11\/eZy-Watermark_05-11-2023_04-15-17-8270p.m-1568x882.jpg 1568w, https:\/\/www.zunoticia.com\/noticias-de-hidalgo\/wp-content\/uploads\/2023\/11\/eZy-Watermark_05-11-2023_04-15-17-8270p.m.jpg 1600w\" sizes=\"(max-width: 1024px) 100vw, 1024px\" \/><\/figure>\n\n\n\n<p>Es oportuno comentar que, en el evento de entrega de preseas ya no estuvieron todos los participantes, ya que muchos, si no es que la mayor\u00eda, por agendas de compromisos partieron la noche del s\u00e1bado, sin embargo, la actividad fue emotiva.<\/p>\n","protected":false},"excerpt":{"rendered":"<p>Por Salvador Altamirano\/Zunoticia Huejutla, Hgo.- Este domingo en las instalaciones de la Escuela Normal de las Huastecas, a las 10:00 horas, se llev\u00f3 a cabo la clausura del evento internacional denominado &#8220;Encuentro Intercultural de Escritores, Poetas y Cronistas&#8221;, entreg\u00e1ndoles reconocimientos y preseas a cada uno de los participantes. Como se inform\u00f3 con oportunidad, la referida&hellip; <a class=\"more-link\" href=\"https:\/\/www.zunoticia.com\/noticias-de-hidalgo\/2023\/11\/05\/entregan-reconocimientos-y-preseas-en-evento-encuentro-intercultural-de-escritores-poetas-y-cronistas\/\">Seguir leyendo <span class=\"screen-reader-text\">Entregan reconocimientos y preseas en evento &#8220;Encuentro Intercultural de Escritores, Poetas y Cronistas&#8221;<\/span><\/a><\/p>\n","protected":false},"author":12,"featured_media":512247,"comment_status":"open","ping_status":"open","sticky":false,"template":"","format":"standard","meta":{"rop_custom_images_group":[],"rop_custom_messages_group":[],"rop_publish_now":"initial","rop_publish_now_accounts":{"facebook_10159540855086992_322828327761733":""},"rop_publish_now_history":[],"rop_publish_now_status":"pending","footnotes":""},"categories":[181],"tags":[121],"class_list":["post-512261","post","type-post","status-publish","format-standard","has-post-thumbnail","hentry","category-huejutla","tag-huejutla","entry"],"_links":{"self":[{"href":"https:\/\/www.zunoticia.com\/noticias-de-hidalgo\/wp-json\/wp\/v2\/posts\/512261","targetHints":{"allow":["GET"]}}],"collection":[{"href":"https:\/\/www.zunoticia.com\/noticias-de-hidalgo\/wp-json\/wp\/v2\/posts"}],"about":[{"href":"https:\/\/www.zunoticia.com\/noticias-de-hidalgo\/wp-json\/wp\/v2\/types\/post"}],"author":[{"embeddable":true,"href":"https:\/\/www.zunoticia.com\/noticias-de-hidalgo\/wp-json\/wp\/v2\/users\/12"}],"replies":[{"embeddable":true,"href":"https:\/\/www.zunoticia.com\/noticias-de-hidalgo\/wp-json\/wp\/v2\/comments?post=512261"}],"version-history":[{"count":1,"href":"https:\/\/www.zunoticia.com\/noticias-de-hidalgo\/wp-json\/wp\/v2\/posts\/512261\/revisions"}],"predecessor-version":[{"id":512262,"href":"https:\/\/www.zunoticia.com\/noticias-de-hidalgo\/wp-json\/wp\/v2\/posts\/512261\/revisions\/512262"}],"wp:featuredmedia":[{"embeddable":true,"href":"https:\/\/www.zunoticia.com\/noticias-de-hidalgo\/wp-json\/wp\/v2\/media\/512247"}],"wp:attachment":[{"href":"https:\/\/www.zunoticia.com\/noticias-de-hidalgo\/wp-json\/wp\/v2\/media?parent=512261"}],"wp:term":[{"taxonomy":"category","embeddable":true,"href":"https:\/\/www.zunoticia.com\/noticias-de-hidalgo\/wp-json\/wp\/v2\/categories?post=512261"},{"taxonomy":"post_tag","embeddable":true,"href":"https:\/\/www.zunoticia.com\/noticias-de-hidalgo\/wp-json\/wp\/v2\/tags?post=512261"}],"curies":[{"name":"wp","href":"https:\/\/api.w.org\/{rel}","templated":true}]}}