{"id":512268,"date":"2023-11-05T18:40:57","date_gmt":"2023-11-06T00:40:57","guid":{"rendered":"https:\/\/www.zunoticia.com\/noticias-de-hidalgo\/?p=512268"},"modified":"2023-11-05T18:40:59","modified_gmt":"2023-11-06T00:40:59","slug":"requieren-alumbrado-publico-en-trecho-de-calle-huejutla-la-garita","status":"publish","type":"post","link":"https:\/\/www.zunoticia.com\/noticias-de-hidalgo\/2023\/11\/05\/requieren-alumbrado-publico-en-trecho-de-calle-huejutla-la-garita\/","title":{"rendered":"Requieren alumbrado p\u00fablico en trecho de calle Huejutla &#8211; La Garita"},"content":{"rendered":"<aside class=\"mashsb-container mashsb-main mashsb-stretched\"><div class=\"mashsb-box\"><div class=\"mashsb-count mash-large\" style=\"float:left\"><div class=\"counts mashsbcount\">7<\/div><span class=\"mashsb-sharetext\">SHARES<\/span><\/div><div class=\"mashsb-buttons\"><a class=\"mashicon-facebook mash-large mash-center mashsb-noshadow\" href=\"https:\/\/www.facebook.com\/sharer.php?u=https%3A%2F%2Fwww.zunoticia.com%2Fnoticias-de-hidalgo%2F2023%2F11%2F05%2Frequieren-alumbrado-publico-en-trecho-de-calle-huejutla-la-garita%2F\" target=\"_top\" rel=\"nofollow\"><span class=\"icon\"><\/span><span class=\"text\">Share<\/span><\/a><a class=\"mashicon-twitter mash-large mash-center mashsb-noshadow\" href=\"https:\/\/twitter.com\/intent\/tweet?text=&amp;url=https:\/\/www.zunoticia.com\/noticias-de-hidalgo\/2023\/11\/05\/requieren-alumbrado-publico-en-trecho-de-calle-huejutla-la-garita\/\" target=\"_top\" rel=\"nofollow\"><span class=\"icon\"><\/span><span class=\"text\">Tweet<\/span><\/a><div class=\"onoffswitch2 mash-large mashsb-noshadow\" style=\"display:none\"><\/div><\/div>\n            <\/div>\n                <div style=\"clear:both\"><\/div><div class=\"mashsb-toggle-container\"><\/div><\/aside>\n            <!-- Share buttons by mashshare.net - Version: 4.0.47-->\n<p><em>Por Salvador Altamirano\/Zunoticia<\/em><\/p>\n\n\n\n<p><strong>Huejutla, Hgo.-<\/strong> Personas residentes en la Colonia La Garita, solicitan a la actual administraci\u00f3n municipal la instalaci\u00f3n del sistema de alumbrado p\u00fablico en el trecho de calle que los comunica con Huejutla.<\/p>\n\n\n\n<p>Explicaron que, entre los motivos que exponen para el requerimiento, en primer t\u00e9rmino, se encuentra que por falta de luz el\u00e9ctrica en ese espacio por las noches pernoctan mal vivientes, por lo que ning\u00fan vecino se atreve a transitarlo al oscurecer.<\/p>\n\n\n\n<figure class=\"wp-block-image size-large\"><img fetchpriority=\"high\" decoding=\"async\" width=\"1024\" height=\"768\" src=\"https:\/\/www.zunoticia.com\/noticias-de-hidalgo\/wp-content\/uploads\/2023\/11\/eZy-Watermark_05-11-2023_06-23-31-5470p.m-1024x768.jpg\" alt=\"\" class=\"wp-image-512271\" srcset=\"https:\/\/www.zunoticia.com\/noticias-de-hidalgo\/wp-content\/uploads\/2023\/11\/eZy-Watermark_05-11-2023_06-23-31-5470p.m-1024x768.jpg 1024w, https:\/\/www.zunoticia.com\/noticias-de-hidalgo\/wp-content\/uploads\/2023\/11\/eZy-Watermark_05-11-2023_06-23-31-5470p.m-300x225.jpg 300w, https:\/\/www.zunoticia.com\/noticias-de-hidalgo\/wp-content\/uploads\/2023\/11\/eZy-Watermark_05-11-2023_06-23-31-5470p.m-768x576.jpg 768w, https:\/\/www.zunoticia.com\/noticias-de-hidalgo\/wp-content\/uploads\/2023\/11\/eZy-Watermark_05-11-2023_06-23-31-5470p.m-1536x1152.jpg 1536w, https:\/\/www.zunoticia.com\/noticias-de-hidalgo\/wp-content\/uploads\/2023\/11\/eZy-Watermark_05-11-2023_06-23-31-5470p.m-1568x1176.jpg 1568w, https:\/\/www.zunoticia.com\/noticias-de-hidalgo\/wp-content\/uploads\/2023\/11\/eZy-Watermark_05-11-2023_06-23-31-5470p.m.jpg 1600w\" sizes=\"(max-width: 1024px) 100vw, 1024px\" \/><\/figure>\n\n\n\n<p>Agregaron que, de igual manera, es utilizado como sanitario y basurero p\u00fablico e incluso como hotel, ya que a la vera de la calle se encuentran objetos que son necesarios para actos libidinosos.<\/p>\n\n\n\n<p>Para finalizar, comentaron que, el trecho de calle en referencia tiene una longitud de 60 metros, aproximadamente, en el cual por las noches prevalece una oscuridad absoluta, no obstante que comunica con una Colonia de la cabecera municipal.<\/p>\n","protected":false},"excerpt":{"rendered":"<p>Por Salvador Altamirano\/Zunoticia Huejutla, Hgo.- Personas residentes en la Colonia La Garita, solicitan a la actual administraci\u00f3n municipal la instalaci\u00f3n del sistema de alumbrado p\u00fablico en el trecho de calle que los comunica con Huejutla. Explicaron que, entre los motivos que exponen para el requerimiento, en primer t\u00e9rmino, se encuentra que por falta de luz&hellip; <a class=\"more-link\" href=\"https:\/\/www.zunoticia.com\/noticias-de-hidalgo\/2023\/11\/05\/requieren-alumbrado-publico-en-trecho-de-calle-huejutla-la-garita\/\">Seguir leyendo <span class=\"screen-reader-text\">Requieren alumbrado p\u00fablico en trecho de calle Huejutla &#8211; La Garita<\/span><\/a><\/p>\n","protected":false},"author":12,"featured_media":512272,"comment_status":"open","ping_status":"open","sticky":false,"template":"","format":"standard","meta":{"rop_custom_images_group":[],"rop_custom_messages_group":[],"rop_publish_now":"initial","rop_publish_now_accounts":{"facebook_10159540855086992_322828327761733":""},"rop_publish_now_history":[],"rop_publish_now_status":"pending","footnotes":""},"categories":[181],"tags":[121],"class_list":["post-512268","post","type-post","status-publish","format-standard","has-post-thumbnail","hentry","category-huejutla","tag-huejutla","entry"],"_links":{"self":[{"href":"https:\/\/www.zunoticia.com\/noticias-de-hidalgo\/wp-json\/wp\/v2\/posts\/512268","targetHints":{"allow":["GET"]}}],"collection":[{"href":"https:\/\/www.zunoticia.com\/noticias-de-hidalgo\/wp-json\/wp\/v2\/posts"}],"about":[{"href":"https:\/\/www.zunoticia.com\/noticias-de-hidalgo\/wp-json\/wp\/v2\/types\/post"}],"author":[{"embeddable":true,"href":"https:\/\/www.zunoticia.com\/noticias-de-hidalgo\/wp-json\/wp\/v2\/users\/12"}],"replies":[{"embeddable":true,"href":"https:\/\/www.zunoticia.com\/noticias-de-hidalgo\/wp-json\/wp\/v2\/comments?post=512268"}],"version-history":[{"count":1,"href":"https:\/\/www.zunoticia.com\/noticias-de-hidalgo\/wp-json\/wp\/v2\/posts\/512268\/revisions"}],"predecessor-version":[{"id":512273,"href":"https:\/\/www.zunoticia.com\/noticias-de-hidalgo\/wp-json\/wp\/v2\/posts\/512268\/revisions\/512273"}],"wp:featuredmedia":[{"embeddable":true,"href":"https:\/\/www.zunoticia.com\/noticias-de-hidalgo\/wp-json\/wp\/v2\/media\/512272"}],"wp:attachment":[{"href":"https:\/\/www.zunoticia.com\/noticias-de-hidalgo\/wp-json\/wp\/v2\/media?parent=512268"}],"wp:term":[{"taxonomy":"category","embeddable":true,"href":"https:\/\/www.zunoticia.com\/noticias-de-hidalgo\/wp-json\/wp\/v2\/categories?post=512268"},{"taxonomy":"post_tag","embeddable":true,"href":"https:\/\/www.zunoticia.com\/noticias-de-hidalgo\/wp-json\/wp\/v2\/tags?post=512268"}],"curies":[{"name":"wp","href":"https:\/\/api.w.org\/{rel}","templated":true}]}}