{"id":512300,"date":"2023-11-05T19:27:29","date_gmt":"2023-11-06T01:27:29","guid":{"rendered":"https:\/\/www.zunoticia.com\/noticias-de-hidalgo\/?p=512300"},"modified":"2023-11-05T19:27:30","modified_gmt":"2023-11-06T01:27:30","slug":"concluye-la-edicion-23-de-la-feria-del-libro-infantil-y-juvenil-en-huejutla","status":"publish","type":"post","link":"https:\/\/www.zunoticia.com\/noticias-de-hidalgo\/2023\/11\/05\/concluye-la-edicion-23-de-la-feria-del-libro-infantil-y-juvenil-en-huejutla\/","title":{"rendered":"Concluye la edici\u00f3n 23 de la Feria del Libro Infantil y Juvenil en Huejutla"},"content":{"rendered":"<aside class=\"mashsb-container mashsb-main mashsb-stretched\"><div class=\"mashsb-box\"><div class=\"mashsb-count mash-large\" style=\"float:left\"><div class=\"counts mashsbcount\">24<\/div><span class=\"mashsb-sharetext\">SHARES<\/span><\/div><div class=\"mashsb-buttons\"><a class=\"mashicon-facebook mash-large mash-center mashsb-noshadow\" href=\"https:\/\/www.facebook.com\/sharer.php?u=https%3A%2F%2Fwww.zunoticia.com%2Fnoticias-de-hidalgo%2F2023%2F11%2F05%2Fconcluye-la-edicion-23-de-la-feria-del-libro-infantil-y-juvenil-en-huejutla%2F\" target=\"_top\" rel=\"nofollow\"><span class=\"icon\"><\/span><span class=\"text\">Share<\/span><\/a><a class=\"mashicon-twitter mash-large mash-center mashsb-noshadow\" href=\"https:\/\/twitter.com\/intent\/tweet?text=&amp;url=https:\/\/www.zunoticia.com\/noticias-de-hidalgo\/2023\/11\/05\/concluye-la-edicion-23-de-la-feria-del-libro-infantil-y-juvenil-en-huejutla\/\" target=\"_top\" rel=\"nofollow\"><span class=\"icon\"><\/span><span class=\"text\">Tweet<\/span><\/a><div class=\"onoffswitch2 mash-large mashsb-noshadow\" style=\"display:none\"><\/div><\/div>\n            <\/div>\n                <div style=\"clear:both\"><\/div><div class=\"mashsb-toggle-container\"><\/div><\/aside>\n            <!-- Share buttons by mashshare.net - Version: 4.0.47-->\n<ul class=\"wp-block-list\">\n<li>La agrupaci\u00f3n Yucat\u00e1n A Go Go culmina la jornada a las 18:00 horas con su concierto \u201cAjolotzilla Contraataca\u201d, en la plaza principal.<\/li>\n\n\n\n<li>Se realizaron 260 actividades que atendieron a un aforo de 20 mil infancias y adolescencias en 9 municipios.<\/li>\n<\/ul>\n\n\n\n<p><em>Por Redacci\u00f3n\/Zunoticia<\/em><\/p>\n\n\n\n<p><strong>Huejutla de Reyes, Hgo.-<\/strong> Este domingo terminaron las actividades de la 23\u00b0 Feria del Libro Infantil y Juvenil en la Casa de la Cultura Huasteca, ubicada en Huejutla de Reyes, donde Tania Meza, secretaria de Cultura, asegur\u00f3 que de esta manera respaldan el compromiso del gobernador Julio Menchaca Salazar con los derechos culturales de todas las personas hasta el \u00faltimo rinc\u00f3n de Hidalgo.<\/p>\n\n\n\n<p>\u201cCon esta feria logramos dos cosas muy importantes; la primera fue recuperar la vocaci\u00f3n dirigida a infancias y adolescencias que se hab\u00eda perdido anteriormente; la segunda es que fue un espacio destinado a escuchar a quienes anteriormente no lo eran en los grandes eventos culturales\u201d, destac\u00f3 Meza Escorza.<\/p>\n\n\n\n<p>La jornada de actividades de este domingo en la Casa de la Cultura Huasteca incluye los talleres \u201cMi drag\u00f3n de papel\u201d, \u201cCineminuto\u201d y \u201c\u00bfEn d\u00f3nde estamos?\u201d; un carrusel de cuentos, pic nic literario, el espect\u00e1culo esc\u00e9nico \u201cLos escarabajos de Ana Luna\u201d, la narraci\u00f3n oral \u201cPalabras m\u00e1gicas\u201d y cierra a las 18:00 horas con el concierto \u201cAjolotzilla Contraataca\u201d, de la agrupaci\u00f3n Yucat\u00e1n A Go Go, en la plaza principal 21 de Mayo.<\/p>\n\n\n\n<p>Se trata de un grupo musical con una propuesta interesante dedicada espec\u00edficamente a las infancias, el g\u00e9nero de esta banda es el rock surf y sus integrantes son Miguel Yey\u00e9 y Jos\u00e9 Roberto Kamikaze (en las guitarras), Alejandro Bule Bule (bajo), Alba rock Starr (bater\u00eda), Hugo \u201cel luchador\u201d (mel\u00f3dica) y Ram\u00f3n A Go Go (voz); definen su m\u00fasica como antisolemne, antil\u00f3gica, antimoda&nbsp;y&nbsp;antifaz.<\/p>\n\n\n\n<figure class=\"wp-block-image size-large\"><img fetchpriority=\"high\" decoding=\"async\" width=\"1024\" height=\"682\" src=\"https:\/\/www.zunoticia.com\/noticias-de-hidalgo\/wp-content\/uploads\/2023\/11\/eZy-Watermark_05-11-2023_07-20-02-7870p.m-1024x682.jpg\" alt=\"\" class=\"wp-image-512290\" srcset=\"https:\/\/www.zunoticia.com\/noticias-de-hidalgo\/wp-content\/uploads\/2023\/11\/eZy-Watermark_05-11-2023_07-20-02-7870p.m-1024x682.jpg 1024w, https:\/\/www.zunoticia.com\/noticias-de-hidalgo\/wp-content\/uploads\/2023\/11\/eZy-Watermark_05-11-2023_07-20-02-7870p.m-300x200.jpg 300w, https:\/\/www.zunoticia.com\/noticias-de-hidalgo\/wp-content\/uploads\/2023\/11\/eZy-Watermark_05-11-2023_07-20-02-7870p.m-768x511.jpg 768w, https:\/\/www.zunoticia.com\/noticias-de-hidalgo\/wp-content\/uploads\/2023\/11\/eZy-Watermark_05-11-2023_07-20-02-7870p.m.jpg 1280w\" sizes=\"(max-width: 1024px) 100vw, 1024px\" \/><\/figure>\n\n\n\n<p>Tania Meza revel\u00f3 que durante la edici\u00f3n 2023 contaron con 260 actividades que atendieron a m\u00e1s de 20 mil ni\u00f1os, ni\u00f1as, ni\u00f1es y adolescentes de los municipios de Emiliano Zapata, Huejutla de Reyes, Huichapan, Ixmiquilpan, Mineral del&nbsp;Monte, Pachuca de Soto, Tepeapulco, Zacualtip\u00e1n y Zimap\u00e1n.<\/p>\n\n\n\n<p>La 23\u00b0 Feria del Libro Infantil y Juvenil Hidalgo 2023 cont\u00f3 con la presencia de 40 casas editoriales, bajo los ejes tem\u00e1ticos de derechos humanos, inclusi\u00f3n y comunidad, diversidad cultural, interculturalidad, perspectiva de g\u00e9nero, as\u00ed como reconocimiento y cuidado del medio ambiente.<\/p>\n\n\n\n<p>\u201cLas ni\u00f1as, ni\u00f1os y ni\u00f1es fueron los protagonistas de esta feria en los nueve municipios, pero es muy emblem\u00e1tico cerrar en Huejutla con un evento de muy alta calidad como el de Yucat\u00e1n a Go Go, ya que es una forma de dignificar la Feria del Libro Infantil y Juvenil\u201d, finaliz\u00f3 la titular de Cultura en la entidad, Tania Meza.<\/p>\n","protected":false},"excerpt":{"rendered":"<p>Por Redacci\u00f3n\/Zunoticia Huejutla de Reyes, Hgo.- Este domingo terminaron las actividades de la 23\u00b0 Feria del Libro Infantil y Juvenil en la Casa de la Cultura Huasteca, ubicada en Huejutla de Reyes, donde Tania Meza, secretaria de Cultura, asegur\u00f3 que de esta manera respaldan el compromiso del gobernador Julio Menchaca Salazar con los derechos culturales&hellip; <a class=\"more-link\" href=\"https:\/\/www.zunoticia.com\/noticias-de-hidalgo\/2023\/11\/05\/concluye-la-edicion-23-de-la-feria-del-libro-infantil-y-juvenil-en-huejutla\/\">Seguir leyendo <span class=\"screen-reader-text\">Concluye la edici\u00f3n 23 de la Feria del Libro Infantil y Juvenil en Huejutla<\/span><\/a><\/p>\n","protected":false},"author":12,"featured_media":512289,"comment_status":"open","ping_status":"open","sticky":false,"template":"","format":"standard","meta":{"rop_custom_images_group":[],"rop_custom_messages_group":[],"rop_publish_now":"initial","rop_publish_now_accounts":{"facebook_10159540855086992_322828327761733":""},"rop_publish_now_history":[],"rop_publish_now_status":"pending","footnotes":""},"categories":[208],"tags":[214],"class_list":["post-512300","post","type-post","status-publish","format-standard","has-post-thumbnail","hentry","category-estado","tag-estado","entry"],"_links":{"self":[{"href":"https:\/\/www.zunoticia.com\/noticias-de-hidalgo\/wp-json\/wp\/v2\/posts\/512300","targetHints":{"allow":["GET"]}}],"collection":[{"href":"https:\/\/www.zunoticia.com\/noticias-de-hidalgo\/wp-json\/wp\/v2\/posts"}],"about":[{"href":"https:\/\/www.zunoticia.com\/noticias-de-hidalgo\/wp-json\/wp\/v2\/types\/post"}],"author":[{"embeddable":true,"href":"https:\/\/www.zunoticia.com\/noticias-de-hidalgo\/wp-json\/wp\/v2\/users\/12"}],"replies":[{"embeddable":true,"href":"https:\/\/www.zunoticia.com\/noticias-de-hidalgo\/wp-json\/wp\/v2\/comments?post=512300"}],"version-history":[{"count":1,"href":"https:\/\/www.zunoticia.com\/noticias-de-hidalgo\/wp-json\/wp\/v2\/posts\/512300\/revisions"}],"predecessor-version":[{"id":512301,"href":"https:\/\/www.zunoticia.com\/noticias-de-hidalgo\/wp-json\/wp\/v2\/posts\/512300\/revisions\/512301"}],"wp:featuredmedia":[{"embeddable":true,"href":"https:\/\/www.zunoticia.com\/noticias-de-hidalgo\/wp-json\/wp\/v2\/media\/512289"}],"wp:attachment":[{"href":"https:\/\/www.zunoticia.com\/noticias-de-hidalgo\/wp-json\/wp\/v2\/media?parent=512300"}],"wp:term":[{"taxonomy":"category","embeddable":true,"href":"https:\/\/www.zunoticia.com\/noticias-de-hidalgo\/wp-json\/wp\/v2\/categories?post=512300"},{"taxonomy":"post_tag","embeddable":true,"href":"https:\/\/www.zunoticia.com\/noticias-de-hidalgo\/wp-json\/wp\/v2\/tags?post=512300"}],"curies":[{"name":"wp","href":"https:\/\/api.w.org\/{rel}","templated":true}]}}