{"id":513255,"date":"2023-11-12T20:38:02","date_gmt":"2023-11-13T02:38:02","guid":{"rendered":"https:\/\/www.zunoticia.com\/noticias-de-hidalgo\/?p=513255"},"modified":"2023-11-12T20:38:06","modified_gmt":"2023-11-13T02:38:06","slug":"llaman-a-usar-cubrebocas-por-alza-en-enfermedades-respiratorias","status":"publish","type":"post","link":"https:\/\/www.zunoticia.com\/noticias-de-hidalgo\/2023\/11\/12\/llaman-a-usar-cubrebocas-por-alza-en-enfermedades-respiratorias\/","title":{"rendered":"Llaman a usar cubrebocas por alza en enfermedades respiratorias"},"content":{"rendered":"<aside class=\"mashsb-container mashsb-main mashsb-stretched\"><div class=\"mashsb-box\"><div class=\"mashsb-count mash-large\" style=\"float:left\"><div class=\"counts mashsbcount\">24<\/div><span class=\"mashsb-sharetext\">SHARES<\/span><\/div><div class=\"mashsb-buttons\"><a class=\"mashicon-facebook mash-large mash-center mashsb-noshadow\" href=\"https:\/\/www.facebook.com\/sharer.php?u=https%3A%2F%2Fwww.zunoticia.com%2Fnoticias-de-hidalgo%2F2023%2F11%2F12%2Fllaman-a-usar-cubrebocas-por-alza-en-enfermedades-respiratorias%2F\" target=\"_top\" rel=\"nofollow\"><span class=\"icon\"><\/span><span class=\"text\">Share<\/span><\/a><a class=\"mashicon-twitter mash-large mash-center mashsb-noshadow\" href=\"https:\/\/twitter.com\/intent\/tweet?text=&amp;url=https:\/\/www.zunoticia.com\/noticias-de-hidalgo\/2023\/11\/12\/llaman-a-usar-cubrebocas-por-alza-en-enfermedades-respiratorias\/\" target=\"_top\" rel=\"nofollow\"><span class=\"icon\"><\/span><span class=\"text\">Tweet<\/span><\/a><div class=\"onoffswitch2 mash-large mashsb-noshadow\" style=\"display:none\"><\/div><\/div>\n            <\/div>\n                <div style=\"clear:both\"><\/div><div class=\"mashsb-toggle-container\"><\/div><\/aside>\n            <!-- Share buttons by mashshare.net - Version: 4.0.47-->\n<p><em>Por \u00c1ngel Silverio\/Zunoticia<\/em><\/p>\n\n\n\n<p><strong>Jaltoc\u00e1n, Hgo.-<\/strong> La regidora con la Comisi\u00f3n en Salud, Adriana Nava Hern\u00e1ndez, hizo un llamado a la poblaci\u00f3n a extremar sus medidas de prevenci\u00f3n para evitar problemas de salud ante la temporada de fr\u00edo y pidi\u00f3 que se siga usando el cubre bocas en los lugares cerrados.<\/p>\n\n\n\n<p>Dijo, -&#8220;Tenemos ahorita un alza en enfermedades respiratorias, sobre todo en adultos mayores, menores de edad y mujeres embarazadas, los cambios bruscos de temperatura han generado este incremento, y bueno debemos de tomar medidas de prevenci\u00f3n para evitar que se nos compliquen y no bajar la guardia&#8221;.<\/p>\n\n\n\n<p>&#8220;La recomendaci\u00f3n y como ya lo hemos dicho, el uso de cubrebocas lleg\u00f3 para quedarse, en esta temporada debemos cargarlo con nosotros, usarlo en lugares cerrados como transporte p\u00fablico o donde haya una gran afluencia de personas, precisamente para evitar enfermar, sobre todo los ni\u00f1os y los abuelos&#8221; indic\u00f3.<\/p>\n\n\n\n<p>En este tenor, agreg\u00f3 que, es muy importante que no se automediquen y que se atiendan de manera inmediata, pues podr\u00eda ser alguna variante del Covid, es por lo que ante los s\u00edntomas se debe acudir al m\u00e9dico m\u00e1s cercano para darles un tratamiento adecuado.<\/p>\n","protected":false},"excerpt":{"rendered":"<p>Por \u00c1ngel Silverio\/Zunoticia Jaltoc\u00e1n, Hgo.- La regidora con la Comisi\u00f3n en Salud, Adriana Nava Hern\u00e1ndez, hizo un llamado a la poblaci\u00f3n a extremar sus medidas de prevenci\u00f3n para evitar problemas de salud ante la temporada de fr\u00edo y pidi\u00f3 que se siga usando el cubre bocas en los lugares cerrados. Dijo, -&#8220;Tenemos ahorita un alza&hellip; <a class=\"more-link\" href=\"https:\/\/www.zunoticia.com\/noticias-de-hidalgo\/2023\/11\/12\/llaman-a-usar-cubrebocas-por-alza-en-enfermedades-respiratorias\/\">Seguir leyendo <span class=\"screen-reader-text\">Llaman a usar cubrebocas por alza en enfermedades respiratorias<\/span><\/a><\/p>\n","protected":false},"author":12,"featured_media":513229,"comment_status":"open","ping_status":"open","sticky":false,"template":"","format":"standard","meta":{"rop_custom_images_group":[],"rop_custom_messages_group":[],"rop_publish_now":"initial","rop_publish_now_accounts":{"facebook_10159540855086992_322828327761733":""},"rop_publish_now_history":[],"rop_publish_now_status":"pending","footnotes":""},"categories":[181,200],"tags":[131],"class_list":["post-513255","post","type-post","status-publish","format-standard","has-post-thumbnail","hentry","category-huejutla","category-jaltocan","tag-jaltocan","entry"],"_links":{"self":[{"href":"https:\/\/www.zunoticia.com\/noticias-de-hidalgo\/wp-json\/wp\/v2\/posts\/513255","targetHints":{"allow":["GET"]}}],"collection":[{"href":"https:\/\/www.zunoticia.com\/noticias-de-hidalgo\/wp-json\/wp\/v2\/posts"}],"about":[{"href":"https:\/\/www.zunoticia.com\/noticias-de-hidalgo\/wp-json\/wp\/v2\/types\/post"}],"author":[{"embeddable":true,"href":"https:\/\/www.zunoticia.com\/noticias-de-hidalgo\/wp-json\/wp\/v2\/users\/12"}],"replies":[{"embeddable":true,"href":"https:\/\/www.zunoticia.com\/noticias-de-hidalgo\/wp-json\/wp\/v2\/comments?post=513255"}],"version-history":[{"count":1,"href":"https:\/\/www.zunoticia.com\/noticias-de-hidalgo\/wp-json\/wp\/v2\/posts\/513255\/revisions"}],"predecessor-version":[{"id":513259,"href":"https:\/\/www.zunoticia.com\/noticias-de-hidalgo\/wp-json\/wp\/v2\/posts\/513255\/revisions\/513259"}],"wp:featuredmedia":[{"embeddable":true,"href":"https:\/\/www.zunoticia.com\/noticias-de-hidalgo\/wp-json\/wp\/v2\/media\/513229"}],"wp:attachment":[{"href":"https:\/\/www.zunoticia.com\/noticias-de-hidalgo\/wp-json\/wp\/v2\/media?parent=513255"}],"wp:term":[{"taxonomy":"category","embeddable":true,"href":"https:\/\/www.zunoticia.com\/noticias-de-hidalgo\/wp-json\/wp\/v2\/categories?post=513255"},{"taxonomy":"post_tag","embeddable":true,"href":"https:\/\/www.zunoticia.com\/noticias-de-hidalgo\/wp-json\/wp\/v2\/tags?post=513255"}],"curies":[{"name":"wp","href":"https:\/\/api.w.org\/{rel}","templated":true}]}}