{"id":513657,"date":"2023-11-15T17:35:30","date_gmt":"2023-11-15T23:35:30","guid":{"rendered":"https:\/\/www.zunoticia.com\/noticias-de-hidalgo\/?p=513657"},"modified":"2023-11-15T17:35:31","modified_gmt":"2023-11-15T23:35:31","slug":"presentan-la-programacion-del-festival-de-la-huasteca-en-huazalingo","status":"publish","type":"post","link":"https:\/\/www.zunoticia.com\/noticias-de-hidalgo\/2023\/11\/15\/presentan-la-programacion-del-festival-de-la-huasteca-en-huazalingo\/","title":{"rendered":"Presentan la programaci\u00f3n del Festival de la Huasteca en Huazalingo"},"content":{"rendered":"<aside class=\"mashsb-container mashsb-main mashsb-stretched\"><div class=\"mashsb-box\"><div class=\"mashsb-count mash-large\" style=\"float:left\"><div class=\"counts mashsbcount\">40<\/div><span class=\"mashsb-sharetext\">SHARES<\/span><\/div><div class=\"mashsb-buttons\"><a class=\"mashicon-facebook mash-large mash-center mashsb-noshadow\" href=\"https:\/\/www.facebook.com\/sharer.php?u=https%3A%2F%2Fwww.zunoticia.com%2Fnoticias-de-hidalgo%2F2023%2F11%2F15%2Fpresentan-la-programacion-del-festival-de-la-huasteca-en-huazalingo%2F\" target=\"_top\" rel=\"nofollow\"><span class=\"icon\"><\/span><span class=\"text\">Share<\/span><\/a><a class=\"mashicon-twitter mash-large mash-center mashsb-noshadow\" href=\"https:\/\/twitter.com\/intent\/tweet?text=&amp;url=https:\/\/www.zunoticia.com\/noticias-de-hidalgo\/2023\/11\/15\/presentan-la-programacion-del-festival-de-la-huasteca-en-huazalingo\/\" target=\"_top\" rel=\"nofollow\"><span class=\"icon\"><\/span><span class=\"text\">Tweet<\/span><\/a><div class=\"onoffswitch2 mash-large mashsb-noshadow\" style=\"display:none\"><\/div><\/div>\n            <\/div>\n                <div style=\"clear:both\"><\/div><div class=\"mashsb-toggle-container\"><\/div><\/aside>\n            <!-- Share buttons by mashshare.net - Version: 4.0.47-->\n<p><em>Por Roberto Meza Ram\u00edrez\/Zunoticia<\/em><\/p>\n\n\n\n<p><strong>Huazalingo, Hgo<\/strong>. &#8211; El gobierno municipal a trav\u00e9s del \u00e1rea de Cultura municipal que preside el profesor Apolinar Cort\u00e9s Jim\u00e9nez, dio a conocer la programaci\u00f3n del Festival de la Huasteca, mismo que se desarrollar\u00e1 en la plaza principal de Huazalingo y con ello, proyectar y preservar la cultura.<\/p>\n\n\n\n<p>El presidente municipal Julio C\u00e9sar Gonz\u00e1lez, expres\u00f3 que alrededor de las 14:00 horas habr\u00e1 un concierto Banda de viento Flor de la Cascada, Ixhuatl\u00e1n de Madero, Veracruz. Para las 14:30 horas, la presentaci\u00f3n del libro La riqueza de mi sangre, arte, etnograf\u00eda y micro historias en la Huasteca, Presenta: Luis Enrique P\u00e9rez; Para las 15:10 horas de la tarde, la presentaci\u00f3n discogr\u00e1fica &#8220;As\u00ed Vivir\u00e9 cantando&#8221;, por el Tr\u00edo Cantores del Potos\u00ed, San Luis Potos\u00ed.<\/p>\n\n\n\n<p>La inauguraci\u00f3n del evento ser\u00e1 alrededor de las 16:00 horas, a las 16:30 horas se presentar\u00e1 la danza Tres Colores, de San Isidro Labrador, Nuevo Hidalgo, Huazalingo, Hidalgo; as\u00ed a las 5:00 de la tarde la representaci\u00f3n de la danza Moctezuma, Xiquila, Huejutla de Reyes, Hidalgo; M\u00e1s tarde se desarrollar\u00e1 el encuentro de tr\u00edos Huastecos ser\u00e1 a las 18:00 horas, cuando har\u00e1 su presentaci\u00f3n el Tr\u00edo Los Siete Mares, Jalpan de Serra, Quer\u00e9taro.<\/p>\n\n\n\n<p>Para las 18:30 horas har\u00e1 su participaci\u00f3n el Tr\u00edo Flor de Azalea, Puebla; a las 7:00 de la tarde se presentar\u00e1 el Tr\u00edo Constelaci\u00f3n Huasteca, San Pedro, Huazalingo, Hidalgo y cerrar\u00e1n con broche de oro el evento a las 19:30 horas con la presentaci\u00f3n del disco &#8220;Huejutla&#8221;, por Jes\u00fas Antonio, Huejutla de Reyes, Hidalgo.<\/p>\n\n\n\n<p><\/p>\n","protected":false},"excerpt":{"rendered":"<p>Por Roberto Meza Ram\u00edrez\/Zunoticia Huazalingo, Hgo. &#8211; El gobierno municipal a trav\u00e9s del \u00e1rea de Cultura municipal que preside el profesor Apolinar Cort\u00e9s Jim\u00e9nez, dio a conocer la programaci\u00f3n del Festival de la Huasteca, mismo que se desarrollar\u00e1 en la plaza principal de Huazalingo y con ello, proyectar y preservar la cultura. El presidente municipal&hellip; <a class=\"more-link\" href=\"https:\/\/www.zunoticia.com\/noticias-de-hidalgo\/2023\/11\/15\/presentan-la-programacion-del-festival-de-la-huasteca-en-huazalingo\/\">Seguir leyendo <span class=\"screen-reader-text\">Presentan la programaci\u00f3n del Festival de la Huasteca en Huazalingo<\/span><\/a><\/p>\n","protected":false},"author":20,"featured_media":513658,"comment_status":"open","ping_status":"open","sticky":false,"template":"","format":"standard","meta":{"rop_custom_images_group":[],"rop_custom_messages_group":[],"rop_publish_now":"initial","rop_publish_now_accounts":{"facebook_10159540855086992_322828327761733":""},"rop_publish_now_history":[],"rop_publish_now_status":"pending","footnotes":""},"categories":[179,212],"tags":[229,138],"class_list":["post-513657","post","type-post","status-publish","format-standard","has-post-thumbnail","hentry","category-huasteca","category-huazalingo","tag-huasteca","tag-huazalingo","entry"],"_links":{"self":[{"href":"https:\/\/www.zunoticia.com\/noticias-de-hidalgo\/wp-json\/wp\/v2\/posts\/513657","targetHints":{"allow":["GET"]}}],"collection":[{"href":"https:\/\/www.zunoticia.com\/noticias-de-hidalgo\/wp-json\/wp\/v2\/posts"}],"about":[{"href":"https:\/\/www.zunoticia.com\/noticias-de-hidalgo\/wp-json\/wp\/v2\/types\/post"}],"author":[{"embeddable":true,"href":"https:\/\/www.zunoticia.com\/noticias-de-hidalgo\/wp-json\/wp\/v2\/users\/20"}],"replies":[{"embeddable":true,"href":"https:\/\/www.zunoticia.com\/noticias-de-hidalgo\/wp-json\/wp\/v2\/comments?post=513657"}],"version-history":[{"count":1,"href":"https:\/\/www.zunoticia.com\/noticias-de-hidalgo\/wp-json\/wp\/v2\/posts\/513657\/revisions"}],"predecessor-version":[{"id":513659,"href":"https:\/\/www.zunoticia.com\/noticias-de-hidalgo\/wp-json\/wp\/v2\/posts\/513657\/revisions\/513659"}],"wp:featuredmedia":[{"embeddable":true,"href":"https:\/\/www.zunoticia.com\/noticias-de-hidalgo\/wp-json\/wp\/v2\/media\/513658"}],"wp:attachment":[{"href":"https:\/\/www.zunoticia.com\/noticias-de-hidalgo\/wp-json\/wp\/v2\/media?parent=513657"}],"wp:term":[{"taxonomy":"category","embeddable":true,"href":"https:\/\/www.zunoticia.com\/noticias-de-hidalgo\/wp-json\/wp\/v2\/categories?post=513657"},{"taxonomy":"post_tag","embeddable":true,"href":"https:\/\/www.zunoticia.com\/noticias-de-hidalgo\/wp-json\/wp\/v2\/tags?post=513657"}],"curies":[{"name":"wp","href":"https:\/\/api.w.org\/{rel}","templated":true}]}}