{"id":514124,"date":"2023-11-17T22:03:40","date_gmt":"2023-11-18T04:03:40","guid":{"rendered":"https:\/\/www.zunoticia.com\/noticias-de-hidalgo\/?p=514124"},"modified":"2023-11-17T22:03:42","modified_gmt":"2023-11-18T04:03:42","slug":"huazalingo-recibio-el-festival-de-la-huasteca","status":"publish","type":"post","link":"https:\/\/www.zunoticia.com\/noticias-de-hidalgo\/2023\/11\/17\/huazalingo-recibio-el-festival-de-la-huasteca\/","title":{"rendered":"Huazalingo recibi\u00f3 el Festival de la Huasteca"},"content":{"rendered":"<aside class=\"mashsb-container mashsb-main mashsb-stretched\"><div class=\"mashsb-box\"><div class=\"mashsb-count mash-large\" style=\"float:left\"><div class=\"counts mashsbcount\">0<\/div><span class=\"mashsb-sharetext\">SHARES<\/span><\/div><div class=\"mashsb-buttons\"><a class=\"mashicon-facebook mash-large mash-center mashsb-noshadow\" href=\"https:\/\/www.facebook.com\/sharer.php?u=https%3A%2F%2Fwww.zunoticia.com%2Fnoticias-de-hidalgo%2F2023%2F11%2F17%2Fhuazalingo-recibio-el-festival-de-la-huasteca%2F\" target=\"_top\" rel=\"nofollow\"><span class=\"icon\"><\/span><span class=\"text\">Share<\/span><\/a><a class=\"mashicon-twitter mash-large mash-center mashsb-noshadow\" href=\"https:\/\/twitter.com\/intent\/tweet?text=&amp;url=https:\/\/www.zunoticia.com\/noticias-de-hidalgo\/2023\/11\/17\/huazalingo-recibio-el-festival-de-la-huasteca\/\" target=\"_top\" rel=\"nofollow\"><span class=\"icon\"><\/span><span class=\"text\">Tweet<\/span><\/a><div class=\"onoffswitch2 mash-large mashsb-noshadow\" style=\"display:none\"><\/div><\/div>\n            <\/div>\n                <div style=\"clear:both\"><\/div><div class=\"mashsb-toggle-container\"><\/div><\/aside>\n            <!-- Share buttons by mashshare.net - Version: 4.0.47-->\n<p><em>Por Roberto Meza Ram\u00edrez\/Zunoticia<\/em><\/p>\n\n\n\n<p><strong>Huazalingo, Hgo.-<\/strong> La tarde de este viernes autoridades estatales y municipales pusieron el marcha el Festival de la Huasteca y con ello proyectar la m\u00e1xima expresi\u00f3n cultural, en la cual se desarrollaron diversos encuentros de danzas, tr\u00edos, medicina tradicional y Expo Artesanal, en la galera de la zona Centro.<\/p>\n\n\n\n<figure class=\"wp-block-image size-large\"><img fetchpriority=\"high\" decoding=\"async\" width=\"1024\" height=\"576\" src=\"https:\/\/www.zunoticia.com\/noticias-de-hidalgo\/wp-content\/uploads\/2023\/11\/eZy-Watermark_17-11-2023_08-03-16-1680p.m-1024x576.jpg\" alt=\"\" class=\"wp-image-514065\" srcset=\"https:\/\/www.zunoticia.com\/noticias-de-hidalgo\/wp-content\/uploads\/2023\/11\/eZy-Watermark_17-11-2023_08-03-16-1680p.m-1024x576.jpg 1024w, https:\/\/www.zunoticia.com\/noticias-de-hidalgo\/wp-content\/uploads\/2023\/11\/eZy-Watermark_17-11-2023_08-03-16-1680p.m-300x169.jpg 300w, https:\/\/www.zunoticia.com\/noticias-de-hidalgo\/wp-content\/uploads\/2023\/11\/eZy-Watermark_17-11-2023_08-03-16-1680p.m-768x432.jpg 768w, https:\/\/www.zunoticia.com\/noticias-de-hidalgo\/wp-content\/uploads\/2023\/11\/eZy-Watermark_17-11-2023_08-03-16-1680p.m.jpg 1280w\" sizes=\"(max-width: 1024px) 100vw, 1024px\" \/><\/figure>\n\n\n\n<p>En el pres\u00eddium se cont\u00f3 con la presencia la Secretar\u00eda de Cultura de Hidalgo, Tania Meza; del edil, Julio C\u00e9sar Gonz\u00e1lez Garc\u00eda; la directora de concertaci\u00f3n de la subsecretaria de gobierno, Estrella Vargas Zequera; la coordinadora regional del Cobaeh, Gloria Ch\u00e1vez y asamble\u00edstas de este municipio.<\/p>\n\n\n\n<figure class=\"wp-block-image size-large\"><img decoding=\"async\" width=\"1024\" height=\"576\" src=\"https:\/\/www.zunoticia.com\/noticias-de-hidalgo\/wp-content\/uploads\/2023\/11\/eZy-Watermark_17-11-2023_08-03-35-1540p.m-1024x576.jpg\" alt=\"\" class=\"wp-image-514064\" srcset=\"https:\/\/www.zunoticia.com\/noticias-de-hidalgo\/wp-content\/uploads\/2023\/11\/eZy-Watermark_17-11-2023_08-03-35-1540p.m-1024x576.jpg 1024w, https:\/\/www.zunoticia.com\/noticias-de-hidalgo\/wp-content\/uploads\/2023\/11\/eZy-Watermark_17-11-2023_08-03-35-1540p.m-300x169.jpg 300w, https:\/\/www.zunoticia.com\/noticias-de-hidalgo\/wp-content\/uploads\/2023\/11\/eZy-Watermark_17-11-2023_08-03-35-1540p.m-768x432.jpg 768w, https:\/\/www.zunoticia.com\/noticias-de-hidalgo\/wp-content\/uploads\/2023\/11\/eZy-Watermark_17-11-2023_08-03-35-1540p.m.jpg 1280w\" sizes=\"(max-width: 1024px) 100vw, 1024px\" \/><\/figure>\n\n\n\n<p>El presidente municipal, Julio C\u00e9sar Gonz\u00e1lez, al enviar su mensaje a los presentes, expres\u00f3 que, es un alto honor poder recibir el Festival en Huazalingo, ya que es parte de la riqueza cultural que se debe de preservar para las presentes y futuras generaciones, as\u00ed a mismo, a trav\u00e9s de la Secretaria de Cultura, agradeci\u00f3 al Gobernador Julio Menchaca, por haber tomado en cuenta este municipio en el Festival.<\/p>\n\n\n\n<figure class=\"wp-block-image size-large\"><img decoding=\"async\" width=\"1024\" height=\"576\" src=\"https:\/\/www.zunoticia.com\/noticias-de-hidalgo\/wp-content\/uploads\/2023\/11\/eZy-Watermark_17-11-2023_08-04-12-0340p.m-1024x576.jpg\" alt=\"\" class=\"wp-image-514067\" srcset=\"https:\/\/www.zunoticia.com\/noticias-de-hidalgo\/wp-content\/uploads\/2023\/11\/eZy-Watermark_17-11-2023_08-04-12-0340p.m-1024x576.jpg 1024w, https:\/\/www.zunoticia.com\/noticias-de-hidalgo\/wp-content\/uploads\/2023\/11\/eZy-Watermark_17-11-2023_08-04-12-0340p.m-300x169.jpg 300w, https:\/\/www.zunoticia.com\/noticias-de-hidalgo\/wp-content\/uploads\/2023\/11\/eZy-Watermark_17-11-2023_08-04-12-0340p.m-768x432.jpg 768w, https:\/\/www.zunoticia.com\/noticias-de-hidalgo\/wp-content\/uploads\/2023\/11\/eZy-Watermark_17-11-2023_08-04-12-0340p.m.jpg 1280w\" sizes=\"(max-width: 1024px) 100vw, 1024px\" \/><\/figure>\n\n\n\n<p>Por su parte, Tania Meza agradeci\u00f3 la disposici\u00f3n de las autoridades municipales por este gran evento que se desarroll\u00f3 este d\u00eda en este municipio.<\/p>\n","protected":false},"excerpt":{"rendered":"<p>Por Roberto Meza Ram\u00edrez\/Zunoticia Huazalingo, Hgo.- La tarde de este viernes autoridades estatales y municipales pusieron el marcha el Festival de la Huasteca y con ello proyectar la m\u00e1xima expresi\u00f3n cultural, en la cual se desarrollaron diversos encuentros de danzas, tr\u00edos, medicina tradicional y Expo Artesanal, en la galera de la zona Centro. En el&hellip; <a class=\"more-link\" href=\"https:\/\/www.zunoticia.com\/noticias-de-hidalgo\/2023\/11\/17\/huazalingo-recibio-el-festival-de-la-huasteca\/\">Seguir leyendo <span class=\"screen-reader-text\">Huazalingo recibi\u00f3 el Festival de la Huasteca<\/span><\/a><\/p>\n","protected":false},"author":12,"featured_media":514066,"comment_status":"open","ping_status":"open","sticky":false,"template":"","format":"standard","meta":{"rop_custom_images_group":[],"rop_custom_messages_group":[],"rop_publish_now":"initial","rop_publish_now_accounts":{"facebook_10159540855086992_322828327761733":""},"rop_publish_now_history":[],"rop_publish_now_status":"pending","footnotes":""},"categories":[179,212],"tags":[138],"class_list":["post-514124","post","type-post","status-publish","format-standard","has-post-thumbnail","hentry","category-huasteca","category-huazalingo","tag-huazalingo","entry"],"_links":{"self":[{"href":"https:\/\/www.zunoticia.com\/noticias-de-hidalgo\/wp-json\/wp\/v2\/posts\/514124","targetHints":{"allow":["GET"]}}],"collection":[{"href":"https:\/\/www.zunoticia.com\/noticias-de-hidalgo\/wp-json\/wp\/v2\/posts"}],"about":[{"href":"https:\/\/www.zunoticia.com\/noticias-de-hidalgo\/wp-json\/wp\/v2\/types\/post"}],"author":[{"embeddable":true,"href":"https:\/\/www.zunoticia.com\/noticias-de-hidalgo\/wp-json\/wp\/v2\/users\/12"}],"replies":[{"embeddable":true,"href":"https:\/\/www.zunoticia.com\/noticias-de-hidalgo\/wp-json\/wp\/v2\/comments?post=514124"}],"version-history":[{"count":1,"href":"https:\/\/www.zunoticia.com\/noticias-de-hidalgo\/wp-json\/wp\/v2\/posts\/514124\/revisions"}],"predecessor-version":[{"id":514127,"href":"https:\/\/www.zunoticia.com\/noticias-de-hidalgo\/wp-json\/wp\/v2\/posts\/514124\/revisions\/514127"}],"wp:featuredmedia":[{"embeddable":true,"href":"https:\/\/www.zunoticia.com\/noticias-de-hidalgo\/wp-json\/wp\/v2\/media\/514066"}],"wp:attachment":[{"href":"https:\/\/www.zunoticia.com\/noticias-de-hidalgo\/wp-json\/wp\/v2\/media?parent=514124"}],"wp:term":[{"taxonomy":"category","embeddable":true,"href":"https:\/\/www.zunoticia.com\/noticias-de-hidalgo\/wp-json\/wp\/v2\/categories?post=514124"},{"taxonomy":"post_tag","embeddable":true,"href":"https:\/\/www.zunoticia.com\/noticias-de-hidalgo\/wp-json\/wp\/v2\/tags?post=514124"}],"curies":[{"name":"wp","href":"https:\/\/api.w.org\/{rel}","templated":true}]}}