{"id":515375,"date":"2023-11-26T16:42:25","date_gmt":"2023-11-26T22:42:25","guid":{"rendered":"https:\/\/www.zunoticia.com\/noticias-de-hidalgo\/?p=515375"},"modified":"2023-11-26T16:42:26","modified_gmt":"2023-11-26T22:42:26","slug":"pintores-jaltocanenses-agradecidos-con-la-secretaria-de-cultura-de-hidalgo","status":"publish","type":"post","link":"https:\/\/www.zunoticia.com\/noticias-de-hidalgo\/2023\/11\/26\/pintores-jaltocanenses-agradecidos-con-la-secretaria-de-cultura-de-hidalgo\/","title":{"rendered":"Pintores jaltocanenses agradecidos con la Secretar\u00eda de Cultura de Hidalgo"},"content":{"rendered":"<aside class=\"mashsb-container mashsb-main mashsb-stretched\"><div class=\"mashsb-box\"><div class=\"mashsb-count mash-large\" style=\"float:left\"><div class=\"counts mashsbcount\">27<\/div><span class=\"mashsb-sharetext\">SHARES<\/span><\/div><div class=\"mashsb-buttons\"><a class=\"mashicon-facebook mash-large mash-center mashsb-noshadow\" href=\"https:\/\/www.facebook.com\/sharer.php?u=https%3A%2F%2Fwww.zunoticia.com%2Fnoticias-de-hidalgo%2F2023%2F11%2F26%2Fpintores-jaltocanenses-agradecidos-con-la-secretaria-de-cultura-de-hidalgo%2F\" target=\"_top\" rel=\"nofollow\"><span class=\"icon\"><\/span><span class=\"text\">Share<\/span><\/a><a class=\"mashicon-twitter mash-large mash-center mashsb-noshadow\" href=\"https:\/\/twitter.com\/intent\/tweet?text=&amp;url=https:\/\/www.zunoticia.com\/noticias-de-hidalgo\/2023\/11\/26\/pintores-jaltocanenses-agradecidos-con-la-secretaria-de-cultura-de-hidalgo\/\" target=\"_top\" rel=\"nofollow\"><span class=\"icon\"><\/span><span class=\"text\">Tweet<\/span><\/a><div class=\"onoffswitch2 mash-large mashsb-noshadow\" style=\"display:none\"><\/div><\/div>\n            <\/div>\n                <div style=\"clear:both\"><\/div><div class=\"mashsb-toggle-container\"><\/div><\/aside>\n            <!-- Share buttons by mashshare.net - Version: 4.0.47-->\n<p><em>Por \u00c1ngel Silverio\/Zunoticia<\/em><\/p>\n\n\n\n<p><strong>Jaltoc\u00e1n, Hgo.-<\/strong> &#8220;Queremos expresar nuestro sincero agradecimiento por la invitaci\u00f3n a formar parte de la exposici\u00f3n colectiva \u201cLa Huasteca Hidalguense, UNA MIRADA DE SUS CREADORES\u201d, es un privilegio contribuir a la riqueza cultural de esta regi\u00f3n&#8221;, se\u00f1alaron los reconocidos muralistas, artesanos y promotores culturales independientes, Juan Hern\u00e1ndez y Servando Hern\u00e1ndez.<\/p>\n\n\n\n<p>Luego de que del 16 al 19 de noviembre se realizar\u00e1 el festival de las huastecas, y donde la Secretar\u00eda de Cultura de Hidalgo, invit\u00f3 a los pintores oriundo de este municipio a exponer en la casa de la cultura huasteca, quienes se pronunciarlo agradecidos ya que con esto suman un logro m\u00e1s a su carrera art\u00edstica.<\/p>\n\n\n\n<p>&#8220;Muy agradecidos con la Secretar\u00eda de cultura, con nuestro Gobernador del estado Julio Menchaca, quien pudo apreciar el trabajo que realizamos y lo que hemos venido fomentando en nuestro municipio, la lucha por preservar las artes y las tradiciones de nuestro querido Jaltoc\u00e1n y bueno, por habernos permitido que expongamos en la Casa de la cultura Huasteca &#8221; puntualizaron.<\/p>\n\n\n\n<p>Agregaron que, la gira de exposiciones de su trabajo continuar\u00e1 en Pachuca de Soto en enero, Tampico, Tamaulipas en abril del pr\u00f3ximo a\u00f1o y \u00fanicamente est\u00e1n a la espera de que confirmen fechas y hacer p\u00fablico para que vayan, invitaron a seguir el trabajo que realizan.<\/p>\n","protected":false},"excerpt":{"rendered":"<p>Por \u00c1ngel Silverio\/Zunoticia Jaltoc\u00e1n, Hgo.- &#8220;Queremos expresar nuestro sincero agradecimiento por la invitaci\u00f3n a formar parte de la exposici\u00f3n colectiva \u201cLa Huasteca Hidalguense, UNA MIRADA DE SUS CREADORES\u201d, es un privilegio contribuir a la riqueza cultural de esta regi\u00f3n&#8221;, se\u00f1alaron los reconocidos muralistas, artesanos y promotores culturales independientes, Juan Hern\u00e1ndez y Servando Hern\u00e1ndez. Luego de&hellip; <a class=\"more-link\" href=\"https:\/\/www.zunoticia.com\/noticias-de-hidalgo\/2023\/11\/26\/pintores-jaltocanenses-agradecidos-con-la-secretaria-de-cultura-de-hidalgo\/\">Seguir leyendo <span class=\"screen-reader-text\">Pintores jaltocanenses agradecidos con la Secretar\u00eda de Cultura de Hidalgo<\/span><\/a><\/p>\n","protected":false},"author":12,"featured_media":515376,"comment_status":"open","ping_status":"open","sticky":false,"template":"","format":"standard","meta":{"rop_custom_images_group":[],"rop_custom_messages_group":[],"rop_publish_now":"initial","rop_publish_now_accounts":{"facebook_10159540855086992_322828327761733":""},"rop_publish_now_history":[],"rop_publish_now_status":"pending","footnotes":""},"categories":[179,200],"tags":[131],"class_list":["post-515375","post","type-post","status-publish","format-standard","has-post-thumbnail","hentry","category-huasteca","category-jaltocan","tag-jaltocan","entry"],"_links":{"self":[{"href":"https:\/\/www.zunoticia.com\/noticias-de-hidalgo\/wp-json\/wp\/v2\/posts\/515375","targetHints":{"allow":["GET"]}}],"collection":[{"href":"https:\/\/www.zunoticia.com\/noticias-de-hidalgo\/wp-json\/wp\/v2\/posts"}],"about":[{"href":"https:\/\/www.zunoticia.com\/noticias-de-hidalgo\/wp-json\/wp\/v2\/types\/post"}],"author":[{"embeddable":true,"href":"https:\/\/www.zunoticia.com\/noticias-de-hidalgo\/wp-json\/wp\/v2\/users\/12"}],"replies":[{"embeddable":true,"href":"https:\/\/www.zunoticia.com\/noticias-de-hidalgo\/wp-json\/wp\/v2\/comments?post=515375"}],"version-history":[{"count":1,"href":"https:\/\/www.zunoticia.com\/noticias-de-hidalgo\/wp-json\/wp\/v2\/posts\/515375\/revisions"}],"predecessor-version":[{"id":515377,"href":"https:\/\/www.zunoticia.com\/noticias-de-hidalgo\/wp-json\/wp\/v2\/posts\/515375\/revisions\/515377"}],"wp:featuredmedia":[{"embeddable":true,"href":"https:\/\/www.zunoticia.com\/noticias-de-hidalgo\/wp-json\/wp\/v2\/media\/515376"}],"wp:attachment":[{"href":"https:\/\/www.zunoticia.com\/noticias-de-hidalgo\/wp-json\/wp\/v2\/media?parent=515375"}],"wp:term":[{"taxonomy":"category","embeddable":true,"href":"https:\/\/www.zunoticia.com\/noticias-de-hidalgo\/wp-json\/wp\/v2\/categories?post=515375"},{"taxonomy":"post_tag","embeddable":true,"href":"https:\/\/www.zunoticia.com\/noticias-de-hidalgo\/wp-json\/wp\/v2\/tags?post=515375"}],"curies":[{"name":"wp","href":"https:\/\/api.w.org\/{rel}","templated":true}]}}