{"id":515378,"date":"2023-11-26T17:03:26","date_gmt":"2023-11-26T23:03:26","guid":{"rendered":"https:\/\/www.zunoticia.com\/noticias-de-hidalgo\/?p=515378"},"modified":"2023-11-26T17:03:27","modified_gmt":"2023-11-26T23:03:27","slug":"marco-andrade-y-laura-hernandez-se-registran-en-proceso-interno-de-morena","status":"publish","type":"post","link":"https:\/\/www.zunoticia.com\/noticias-de-hidalgo\/2023\/11\/26\/marco-andrade-y-laura-hernandez-se-registran-en-proceso-interno-de-morena\/","title":{"rendered":"Marco Andrade y Laura Hern\u00e1ndez se registran en proceso interno de Morena"},"content":{"rendered":"<aside class=\"mashsb-container mashsb-main mashsb-stretched\"><div class=\"mashsb-box\"><div class=\"mashsb-count mash-large\" style=\"float:left\"><div class=\"counts mashsbcount\">23<\/div><span class=\"mashsb-sharetext\">SHARES<\/span><\/div><div class=\"mashsb-buttons\"><a class=\"mashicon-facebook mash-large mash-center mashsb-noshadow\" href=\"https:\/\/www.facebook.com\/sharer.php?u=https%3A%2F%2Fwww.zunoticia.com%2Fnoticias-de-hidalgo%2F2023%2F11%2F26%2Fmarco-andrade-y-laura-hernandez-se-registran-en-proceso-interno-de-morena%2F\" target=\"_top\" rel=\"nofollow\"><span class=\"icon\"><\/span><span class=\"text\">Share<\/span><\/a><a class=\"mashicon-twitter mash-large mash-center mashsb-noshadow\" href=\"https:\/\/twitter.com\/intent\/tweet?text=&amp;url=https:\/\/www.zunoticia.com\/noticias-de-hidalgo\/2023\/11\/26\/marco-andrade-y-laura-hernandez-se-registran-en-proceso-interno-de-morena\/\" target=\"_top\" rel=\"nofollow\"><span class=\"icon\"><\/span><span class=\"text\">Tweet<\/span><\/a><div class=\"onoffswitch2 mash-large mashsb-noshadow\" style=\"display:none\"><\/div><\/div>\n            <\/div>\n                <div style=\"clear:both\"><\/div><div class=\"mashsb-toggle-container\"><\/div><\/aside>\n            <!-- Share buttons by mashshare.net - Version: 4.0.47-->\n<p><em>Por \u00c1ngel Silverio\/Zunoticia<\/em><\/p>\n\n\n\n<p><strong>San Felipe Orizatl\u00e1n, Hgo.-<\/strong> La tarde de este domingo, el Joven pol\u00edtico Marco Andrade Saab y Laura Hern\u00e1ndez Mart\u00ednez, anunciaron su registro al proceso interno de Morena, con la intenci\u00f3n de ser Coordinadores de los Comit\u00e9s de la Cuarta Transformaci\u00f3n en este municipio.<\/p>\n\n\n\n<p>Fue a trav\u00e9s de sus redes sociales, donde ambos, Andrade Saab y Hern\u00e1ndez Mart\u00ednez, anunciaron que fueron registrados este domingo en el proceso interno de Morena, manifestando textualmente, &#8211; &#8220;Nos hemos registrado en el proceso interno de Morena, en dicho proceso se habr\u00e1 de seleccionar al coordinador o coordinadora de los Comit\u00e9s de la defensa de la Cuarta Transformaci\u00f3n&#8221;.<\/p>\n\n\n\n<p>&#8220;Un municipio que ha carecido de buenos gobiernos, gobiernos cercanos que escuchen, pero que particularmente resuelvan los problemas de la gente, por eso estamos convencidos de que es tiempo de los j\u00f3venes, j\u00f3venes honestos y de trabajo, pero con mucho compromiso social&#8221;.<\/p>\n\n\n\n<p>Cabe hacer menci\u00f3n que a\u00fan faltan por registrarse poco m\u00e1s de diez aspirantes por este municipio, quienes tambi\u00e9n buscar ser los coordinadores de los Comit\u00e9s de la 4T en Orizatl\u00e1n.<\/p>\n","protected":false},"excerpt":{"rendered":"<p>Por \u00c1ngel Silverio\/Zunoticia San Felipe Orizatl\u00e1n, Hgo.- La tarde de este domingo, el Joven pol\u00edtico Marco Andrade Saab y Laura Hern\u00e1ndez Mart\u00ednez, anunciaron su registro al proceso interno de Morena, con la intenci\u00f3n de ser Coordinadores de los Comit\u00e9s de la Cuarta Transformaci\u00f3n en este municipio. Fue a trav\u00e9s de sus redes sociales, donde ambos,&hellip; <a class=\"more-link\" href=\"https:\/\/www.zunoticia.com\/noticias-de-hidalgo\/2023\/11\/26\/marco-andrade-y-laura-hernandez-se-registran-en-proceso-interno-de-morena\/\">Seguir leyendo <span class=\"screen-reader-text\">Marco Andrade y Laura Hern\u00e1ndez se registran en proceso interno de Morena<\/span><\/a><\/p>\n","protected":false},"author":12,"featured_media":515379,"comment_status":"open","ping_status":"open","sticky":false,"template":"","format":"standard","meta":{"rop_custom_images_group":[],"rop_custom_messages_group":[],"rop_publish_now":"initial","rop_publish_now_accounts":{"facebook_10159540855086992_322828327761733":""},"rop_publish_now_history":[],"rop_publish_now_status":"pending","footnotes":""},"categories":[180],"tags":[129],"class_list":["post-515378","post","type-post","status-publish","format-standard","has-post-thumbnail","hentry","category-orizatlan","tag-orizatlan","entry"],"_links":{"self":[{"href":"https:\/\/www.zunoticia.com\/noticias-de-hidalgo\/wp-json\/wp\/v2\/posts\/515378","targetHints":{"allow":["GET"]}}],"collection":[{"href":"https:\/\/www.zunoticia.com\/noticias-de-hidalgo\/wp-json\/wp\/v2\/posts"}],"about":[{"href":"https:\/\/www.zunoticia.com\/noticias-de-hidalgo\/wp-json\/wp\/v2\/types\/post"}],"author":[{"embeddable":true,"href":"https:\/\/www.zunoticia.com\/noticias-de-hidalgo\/wp-json\/wp\/v2\/users\/12"}],"replies":[{"embeddable":true,"href":"https:\/\/www.zunoticia.com\/noticias-de-hidalgo\/wp-json\/wp\/v2\/comments?post=515378"}],"version-history":[{"count":1,"href":"https:\/\/www.zunoticia.com\/noticias-de-hidalgo\/wp-json\/wp\/v2\/posts\/515378\/revisions"}],"predecessor-version":[{"id":515380,"href":"https:\/\/www.zunoticia.com\/noticias-de-hidalgo\/wp-json\/wp\/v2\/posts\/515378\/revisions\/515380"}],"wp:featuredmedia":[{"embeddable":true,"href":"https:\/\/www.zunoticia.com\/noticias-de-hidalgo\/wp-json\/wp\/v2\/media\/515379"}],"wp:attachment":[{"href":"https:\/\/www.zunoticia.com\/noticias-de-hidalgo\/wp-json\/wp\/v2\/media?parent=515378"}],"wp:term":[{"taxonomy":"category","embeddable":true,"href":"https:\/\/www.zunoticia.com\/noticias-de-hidalgo\/wp-json\/wp\/v2\/categories?post=515378"},{"taxonomy":"post_tag","embeddable":true,"href":"https:\/\/www.zunoticia.com\/noticias-de-hidalgo\/wp-json\/wp\/v2\/tags?post=515378"}],"curies":[{"name":"wp","href":"https:\/\/api.w.org\/{rel}","templated":true}]}}