{"id":515587,"date":"2023-11-27T20:49:16","date_gmt":"2023-11-28T02:49:16","guid":{"rendered":"https:\/\/www.zunoticia.com\/noticias-de-hidalgo\/?p=515587"},"modified":"2023-11-27T20:53:06","modified_gmt":"2023-11-28T02:53:06","slug":"precandidatas-claudia-y-xochitl-presentan-equipo-de-trabajo","status":"publish","type":"post","link":"https:\/\/www.zunoticia.com\/noticias-de-hidalgo\/2023\/11\/27\/precandidatas-claudia-y-xochitl-presentan-equipo-de-trabajo\/","title":{"rendered":"Precandidatas Claudia y X\u00f3chitl presentan equipo de trabajo"},"content":{"rendered":"<aside class=\"mashsb-container mashsb-main mashsb-stretched\"><div class=\"mashsb-box\"><div class=\"mashsb-count mash-large\" style=\"float:left\"><div class=\"counts mashsbcount\">3<\/div><span class=\"mashsb-sharetext\">SHARES<\/span><\/div><div class=\"mashsb-buttons\"><a class=\"mashicon-facebook mash-large mash-center mashsb-noshadow\" href=\"https:\/\/www.facebook.com\/sharer.php?u=https%3A%2F%2Fwww.zunoticia.com%2Fnoticias-de-hidalgo%2F2023%2F11%2F27%2Fprecandidatas-claudia-y-xochitl-presentan-equipo-de-trabajo%2F\" target=\"_top\" rel=\"nofollow\"><span class=\"icon\"><\/span><span class=\"text\">Share<\/span><\/a><a class=\"mashicon-twitter mash-large mash-center mashsb-noshadow\" href=\"https:\/\/twitter.com\/intent\/tweet?text=&amp;url=https:\/\/www.zunoticia.com\/noticias-de-hidalgo\/2023\/11\/27\/precandidatas-claudia-y-xochitl-presentan-equipo-de-trabajo\/\" target=\"_top\" rel=\"nofollow\"><span class=\"icon\"><\/span><span class=\"text\">Tweet<\/span><\/a><div class=\"onoffswitch2 mash-large mashsb-noshadow\" style=\"display:none\"><\/div><\/div>\n            <\/div>\n                <div style=\"clear:both\"><\/div><div class=\"mashsb-toggle-container\"><\/div><\/aside>\n            <!-- Share buttons by mashshare.net - Version: 4.0.47-->\n<p><em>Por Redacci\u00f3n\/Zunoticia<\/em><\/p>\n\n\n\n<p><strong>Ciudad de M\u00e9xico.-<\/strong> Las precandidatas presidenciales Claudia Sheinbaum y X\u00f3chilt G\u00e1lvez presentaron este d\u00eda sus equipos de trabajo en la antesala de la lucha por la Presidencia de la Rep\u00fablica, rumbo a las elecciones de 2024.<\/p>\n\n\n\n<p>Por un lado, la coalici\u00f3n Sigamos Haciendo Historia (Morena-PT-PVEM), Claudia Sheinbaum Pardo, y el presidente nacional de Morena, Mario Delgado, encabezaron la presentaci\u00f3n de su equipo de trabajo, cuyos integrantes son: Mario Delgado Carrillo, coordinador de precampa\u00f1a; Ad\u00e1n Augusto L\u00f3pez Hern\u00e1ndez, coordinador pol\u00edtico; Ricardo Monreal \u00c1vila, coordinador de enlace territorial; Gerardo Fern\u00e1ndez Noro\u00f1a, coordinador de enlace con organizaciones sociales y civiles; Tatiana Clouthier Carrillo, coordinadora de voceros; Jes\u00fas Vald\u00e9s Pe\u00f1a, coordinador de enlace con organizaciones internacionales y mexicanos en el exterior; Citlalli Hern\u00e1ndez Mora, coordinadora de alianzas para coaliciones y candidaturas \u00fanicas; Renata Turrent Hegewisch, coordinadora de enlace con sectores acad\u00e9micos; Regina Orozco Mora, coordinadora de enlace con la comunidad cultural y Esthela Dami\u00e1n Peralta, coordinadora de giras.<\/p>\n\n\n\n<p>Mientras tanto, la precandidata de la coalici\u00f3n Frente Amplio por M\u00e9xico (conformada por PRI-PAN-PRD), Bertha X\u00f3chitl G\u00e1lvez Ruiz present\u00f3 a los integrantes que conformar\u00e1n su equipo de gobierno: Enrique de la Madrid, encargado de la estructuraci\u00f3n y coordinaci\u00f3n de todas las Mesas Tem\u00e1ticas que habr\u00e1n de derivar en la conformaci\u00f3n de su proyecto de naci\u00f3n; Carlos Urz\u00faa, lidera la de Finanzas P\u00fablicas, con el soporte de Mario Di Constanzo; Rosanety Barrios, est\u00e1 cargo de la de Energ\u00eda; Salma Jalife, encabeza la de Telecomunicaciones; Emilio \u00c1lvarez Icaza, lleva Derechos Humanos; Ildefonso Guajardo, el negociador del T-MEC, la de Relaciones Exteriores y Cooperaci\u00f3n Internacional; Jos\u00e9 \u00c1ngel Gurr\u00eda, toda la relaci\u00f3n con Europa; \u00c9ctor Jaime Ram\u00edrez un tema crucial, la Salud; Educaci\u00f3n, Ciencia y Tecnolog\u00eda, Juan Carlos Romero Hicks y finalmente, Derecho de Mujeres, Sylvia S\u00e1nchez.<\/p>\n","protected":false},"excerpt":{"rendered":"<p>Por Redacci\u00f3n\/Zunoticia Ciudad de M\u00e9xico.- Las precandidatas presidenciales Claudia Sheinbaum y X\u00f3chilt G\u00e1lvez presentaron este d\u00eda sus equipos de trabajo en la antesala de la lucha por la Presidencia de la Rep\u00fablica, rumbo a las elecciones de 2024. Por un lado, la coalici\u00f3n Sigamos Haciendo Historia (Morena-PT-PVEM), Claudia Sheinbaum Pardo, y el presidente nacional de&hellip; <a class=\"more-link\" href=\"https:\/\/www.zunoticia.com\/noticias-de-hidalgo\/2023\/11\/27\/precandidatas-claudia-y-xochitl-presentan-equipo-de-trabajo\/\">Seguir leyendo <span class=\"screen-reader-text\">Precandidatas Claudia y X\u00f3chitl presentan equipo de trabajo<\/span><\/a><\/p>\n","protected":false},"author":12,"featured_media":515559,"comment_status":"open","ping_status":"open","sticky":false,"template":"","format":"standard","meta":{"rop_custom_images_group":[],"rop_custom_messages_group":[],"rop_publish_now":"initial","rop_publish_now_accounts":{"facebook_10159540855086992_322828327761733":""},"rop_publish_now_history":[],"rop_publish_now_status":"pending","footnotes":""},"categories":[218],"tags":[217],"class_list":["post-515587","post","type-post","status-publish","format-standard","has-post-thumbnail","hentry","category-nacional","tag-nacional","entry"],"_links":{"self":[{"href":"https:\/\/www.zunoticia.com\/noticias-de-hidalgo\/wp-json\/wp\/v2\/posts\/515587","targetHints":{"allow":["GET"]}}],"collection":[{"href":"https:\/\/www.zunoticia.com\/noticias-de-hidalgo\/wp-json\/wp\/v2\/posts"}],"about":[{"href":"https:\/\/www.zunoticia.com\/noticias-de-hidalgo\/wp-json\/wp\/v2\/types\/post"}],"author":[{"embeddable":true,"href":"https:\/\/www.zunoticia.com\/noticias-de-hidalgo\/wp-json\/wp\/v2\/users\/12"}],"replies":[{"embeddable":true,"href":"https:\/\/www.zunoticia.com\/noticias-de-hidalgo\/wp-json\/wp\/v2\/comments?post=515587"}],"version-history":[{"count":1,"href":"https:\/\/www.zunoticia.com\/noticias-de-hidalgo\/wp-json\/wp\/v2\/posts\/515587\/revisions"}],"predecessor-version":[{"id":515591,"href":"https:\/\/www.zunoticia.com\/noticias-de-hidalgo\/wp-json\/wp\/v2\/posts\/515587\/revisions\/515591"}],"wp:featuredmedia":[{"embeddable":true,"href":"https:\/\/www.zunoticia.com\/noticias-de-hidalgo\/wp-json\/wp\/v2\/media\/515559"}],"wp:attachment":[{"href":"https:\/\/www.zunoticia.com\/noticias-de-hidalgo\/wp-json\/wp\/v2\/media?parent=515587"}],"wp:term":[{"taxonomy":"category","embeddable":true,"href":"https:\/\/www.zunoticia.com\/noticias-de-hidalgo\/wp-json\/wp\/v2\/categories?post=515587"},{"taxonomy":"post_tag","embeddable":true,"href":"https:\/\/www.zunoticia.com\/noticias-de-hidalgo\/wp-json\/wp\/v2\/tags?post=515587"}],"curies":[{"name":"wp","href":"https:\/\/api.w.org\/{rel}","templated":true}]}}