{"id":515612,"date":"2023-11-27T23:23:42","date_gmt":"2023-11-28T05:23:42","guid":{"rendered":"https:\/\/www.zunoticia.com\/noticias-de-hidalgo\/?p=515612"},"modified":"2023-11-27T23:23:44","modified_gmt":"2023-11-28T05:23:44","slug":"espejeando-por-perseo-829","status":"publish","type":"post","link":"https:\/\/www.zunoticia.com\/noticias-de-hidalgo\/2023\/11\/27\/espejeando-por-perseo-829\/","title":{"rendered":"ESPEJEANDO por Perseo"},"content":{"rendered":"<aside class=\"mashsb-container mashsb-main mashsb-stretched\"><div class=\"mashsb-box\"><div class=\"mashsb-count mash-large\" style=\"float:left\"><div class=\"counts mashsbcount\">36<\/div><span class=\"mashsb-sharetext\">SHARES<\/span><\/div><div class=\"mashsb-buttons\"><a class=\"mashicon-facebook mash-large mash-center mashsb-noshadow\" href=\"https:\/\/www.facebook.com\/sharer.php?u=https%3A%2F%2Fwww.zunoticia.com%2Fnoticias-de-hidalgo%2F2023%2F11%2F27%2Fespejeando-por-perseo-829%2F\" target=\"_top\" rel=\"nofollow\"><span class=\"icon\"><\/span><span class=\"text\">Share<\/span><\/a><a class=\"mashicon-twitter mash-large mash-center mashsb-noshadow\" href=\"https:\/\/twitter.com\/intent\/tweet?text=&amp;url=https:\/\/www.zunoticia.com\/noticias-de-hidalgo\/2023\/11\/27\/espejeando-por-perseo-829\/\" target=\"_top\" rel=\"nofollow\"><span class=\"icon\"><\/span><span class=\"text\">Tweet<\/span><\/a><div class=\"onoffswitch2 mash-large mashsb-noshadow\" style=\"display:none\"><\/div><\/div>\n            <\/div>\n                <div style=\"clear:both\"><\/div><div class=\"mashsb-toggle-container\"><\/div><\/aside>\n            <!-- Share buttons by mashshare.net - Version: 4.0.47-->\n<p>\u2022 EL COMERCIO informal inconforme, sin embargo, con la legal instalaci\u00f3n de fuentes de empleo y comercio, pago de contribuyentes al SAT y placa comercial municipal.<\/p>\n\n\n\n<p>\u2022 Solo en Huejutla sucede que los comerciantes -de los que pocos han optado por la formalidad que da certeza a ellos mismos y a sus familias- que invaden calles, se cuelgan del alumbrado p\u00fablico, viven en la informalidad, no pagan impuestos, no generan empleo, sin placa comercial municipal, se molestan porque se instalan comerciantes formales.<\/p>\n\n\n\n<p>\u2022 Es verdaderamente un tema para el an\u00e1lisis en lo que se aprecia a los comerciantes ambulantes, que se organizan para manifestarse, esta vez con la bandera de la llegada de m\u00e1s competencia pero que confunde con contaminaci\u00f3n pol\u00edtica porque se empalman con los tiempos electorales.<\/p>\n\n\n\n<p>\u2022 Es Huejutla un municipio con serios problemas que necesitan mano dura y respeto a las instituciones, sobre todo las de gobierno, que les permiten vivir en la irregularidad y tolerando abusos al apropiarse de espacios como banquetas que son del peat\u00f3n, son de todos los que vivimos en el orden y la legalidad.<\/p>\n\n\n\n<p>\u2022 La tolerancia es uno de los temas a abordar en el siguiente proceso electoral porque no puede haber quien viva en lo ilegal exigiendo derechos que no tiene, afectando a los comercios que llegan a operar de manera legal.<\/p>\n\n\n\n<p>\u2022 Seguramente las familias que se ganan un sueldo de esos empleos tienen la certeza de que Huejutla es de todos.<\/p>\n\n\n\n<p>\u2022 La marcha, por innegables antecedentes no deja de lado tintes pol\u00edticos, y quiz\u00e1 a los comerciantes ambulantes ya los mueve otro inter\u00e9s.<\/p>\n\n\n\n<p>\u2022 \u00bfCu\u00e1l es el aporte que le hace el comercio informal a Huejutla? Es cierto que acerca de alguna forma productos del campo, es un espacio en que mucha gente trae sus productos a la venta, pero tambi\u00e9n es cierto que obstaculiza banquetas, calles, fachadas de comercios establecidos, generar basura, provoca caos vial, por lo que habr\u00e1 que poner en la balanza la ganancia social.<\/p>\n\n\n\n<p>\u2022 El ordenamiento es una exigencia de la sociedad y el candidato que ofrezca orden y legalidad para la sociedad debe ser parte de lo que la mayor\u00eda de los habitantes debemos exigir, el pueblo de Huejutla ha sido tolerante con abusos de diferente \u00edndole.<\/p>\n\n\n\n<p>\u2022 El tema lo pusieron sobre la mesa los comerciantes informales y ahora que se asomaron, que hay registro de aspirantes a la presidencia municipal, pues que estos hagan una encuesta lo que quieren para la zona centro, que le pregunten al pueblo si quieren las calles limpias.<\/p>\n\n\n\n<p>\u2022 Porque un asunto es un grupo de comerciantes y otra los miles de habitantes de Huejutla que est\u00e1n cansado de los abusos, atropellos.<\/p>\n\n\n\n<p>\u2022 \u00bfQuieren los aspirantes a candidatos compromisos con el pueblo o complicidad con algunos cuantos?<\/p>\n\n\n\n<p>\u2022 Que son Chinos, Japoneses, Brit\u00e1nicos, \u00c1rabes, Alemanes, de donde procedan, si lo que nos hace falta son fuentes de empleo, ingresos a las familias.<\/p>\n\n\n\n<p>\u2022 LAS CANDIDATAS nacionales Claudia Sheinbaum Pardo y Bertha X\u00f3chitl G\u00e1lvez, presentaron sus equipos de precampa\u00f1a donde destacan figuras nacionales, rumbo a la presidencia de la Rep\u00fablica.<\/p>\n\n\n\n<p>\u2022 Por parte del Movimiento de Regeneraci\u00f3n Nacional y la Alianza PT- Verde o coalici\u00f3n Sigamos Haciendo Historia, aparece Mario Delgado Carrillo, Ad\u00e1n Augusto L\u00f3pez Hern\u00e1ndez, Ricardo Monreal \u00c1vila, Gerardo Fern\u00e1ndez Noro\u00f1a, Tatiana Clouthier Carrillo, Jes\u00fas Vald\u00e9s Pe\u00f1a, Citlalli Hern\u00e1ndez Mora, Renata Turrent Hegewisch, Regina Orozco Mora, y Esthela Dami\u00e1n Peralta.<\/p>\n\n\n\n<p>\u2022 Por parte del PRI-PAN-PRD se dio a conocer a Enrique de la Madrid. Ser\u00e1 el encargado de la estructuraci\u00f3n y coordinaci\u00f3n de todas las mesas tem\u00e1ticas que habr\u00e1n de derivar en la conformaci\u00f3n de su proyecto de naci\u00f3n; el ex secretario de Hacienda de Andr\u00e9s Manuel L\u00f3pez Obrador, Carlos Urz\u00faa, lidera las Finanzas P\u00fablicas, con el soporte de Mario Di Constanzo; Rosanety Barrios, est\u00e1 a cargo de la comisi\u00f3n de Energ\u00eda; Salma Jalife, la que fuera subsecretaria de Comunicaciones en este gobierno y cuya cartera la 4T desapareci\u00f3, encabeza la de telecomunicaciones; el senador Emilio \u00c1lvarez Icaza, lleva derechos humanos; Ildefonso Guajardo, el negociador del T-MEC, la de Relaciones Exteriores y cooperaci\u00f3n internacional; Jos\u00e9 \u00c1ngel Gurr\u00eda, toda la relaci\u00f3n con Europa; \u00c9ctor Jaime Ram\u00edrez un tema crucial, la salud; Educaci\u00f3n, Ciencia y Tecnolog\u00eda, Juan Carlos Romero Hicks. Derecho de mujeres, Sylvia S\u00e1nchez.<\/p>\n\n\n\n<p>\u2022 PARA CERRAR esta entrega, en Morena siguen los registros de aspirantes a la candidatura a diputados y ayuntamientos, que vence hasta \u00e9ste martes a la media noche; deben saber que ser\u00e1 la Comisi\u00f3n Nacional de Elecciones la encargada de dictaminar, que a los perfiles les exigen adem\u00e1s de su curso b\u00e1sico tambi\u00e9n trayectoria partidista, por que algunos apenas tienen unos meses que dejaron al PRI y ah\u00ed est\u00e1n apuntados, ver errores de estos pudiera ser factor para que el Partido Verde, Nueva Alianza o PT tengan oportunidad de ganar e incluso el mismo PRI, PAN y PRD, porque en esto no hay enemigo peque\u00f1o, solo inter\u00e9s de los ciudadanos.<\/p>\n","protected":false},"excerpt":{"rendered":"<p>\u2022 EL COMERCIO informal inconforme, sin embargo, con la legal instalaci\u00f3n de fuentes de empleo y comercio, pago de contribuyentes al SAT y placa comercial municipal. \u2022 Solo en Huejutla sucede que los comerciantes -de los que pocos han optado por la formalidad que da certeza a ellos mismos y a sus familias- que invaden&hellip; <a class=\"more-link\" href=\"https:\/\/www.zunoticia.com\/noticias-de-hidalgo\/2023\/11\/27\/espejeando-por-perseo-829\/\">Seguir leyendo <span class=\"screen-reader-text\">ESPEJEANDO por Perseo<\/span><\/a><\/p>\n","protected":false},"author":12,"featured_media":515620,"comment_status":"open","ping_status":"open","sticky":false,"template":"","format":"standard","meta":{"rop_custom_images_group":[],"rop_custom_messages_group":[],"rop_publish_now":"initial","rop_publish_now_accounts":{"facebook_10159540855086992_322828327761733":""},"rop_publish_now_history":[],"rop_publish_now_status":"pending","footnotes":""},"categories":[176],"tags":[],"class_list":["post-515612","post","type-post","status-publish","format-standard","has-post-thumbnail","hentry","category-espejeando","entry"],"_links":{"self":[{"href":"https:\/\/www.zunoticia.com\/noticias-de-hidalgo\/wp-json\/wp\/v2\/posts\/515612","targetHints":{"allow":["GET"]}}],"collection":[{"href":"https:\/\/www.zunoticia.com\/noticias-de-hidalgo\/wp-json\/wp\/v2\/posts"}],"about":[{"href":"https:\/\/www.zunoticia.com\/noticias-de-hidalgo\/wp-json\/wp\/v2\/types\/post"}],"author":[{"embeddable":true,"href":"https:\/\/www.zunoticia.com\/noticias-de-hidalgo\/wp-json\/wp\/v2\/users\/12"}],"replies":[{"embeddable":true,"href":"https:\/\/www.zunoticia.com\/noticias-de-hidalgo\/wp-json\/wp\/v2\/comments?post=515612"}],"version-history":[{"count":1,"href":"https:\/\/www.zunoticia.com\/noticias-de-hidalgo\/wp-json\/wp\/v2\/posts\/515612\/revisions"}],"predecessor-version":[{"id":515621,"href":"https:\/\/www.zunoticia.com\/noticias-de-hidalgo\/wp-json\/wp\/v2\/posts\/515612\/revisions\/515621"}],"wp:featuredmedia":[{"embeddable":true,"href":"https:\/\/www.zunoticia.com\/noticias-de-hidalgo\/wp-json\/wp\/v2\/media\/515620"}],"wp:attachment":[{"href":"https:\/\/www.zunoticia.com\/noticias-de-hidalgo\/wp-json\/wp\/v2\/media?parent=515612"}],"wp:term":[{"taxonomy":"category","embeddable":true,"href":"https:\/\/www.zunoticia.com\/noticias-de-hidalgo\/wp-json\/wp\/v2\/categories?post=515612"},{"taxonomy":"post_tag","embeddable":true,"href":"https:\/\/www.zunoticia.com\/noticias-de-hidalgo\/wp-json\/wp\/v2\/tags?post=515612"}],"curies":[{"name":"wp","href":"https:\/\/api.w.org\/{rel}","templated":true}]}}