{"id":515660,"date":"2023-11-28T17:38:13","date_gmt":"2023-11-28T23:38:13","guid":{"rendered":"https:\/\/www.zunoticia.com\/noticias-de-hidalgo\/?p=515660"},"modified":"2023-11-28T17:38:39","modified_gmt":"2023-11-28T23:38:39","slug":"invita-alcaldesa-a-festejar-aniversario-de-fundacion-del-municipio","status":"publish","type":"post","link":"https:\/\/www.zunoticia.com\/noticias-de-hidalgo\/2023\/11\/28\/invita-alcaldesa-a-festejar-aniversario-de-fundacion-del-municipio\/","title":{"rendered":"Invita alcaldesa a festejar aniversario de fundaci\u00f3n del municipio"},"content":{"rendered":"<aside class=\"mashsb-container mashsb-main mashsb-stretched\"><div class=\"mashsb-box\"><div class=\"mashsb-count mash-large\" style=\"float:left\"><div class=\"counts mashsbcount\">25<\/div><span class=\"mashsb-sharetext\">SHARES<\/span><\/div><div class=\"mashsb-buttons\"><a class=\"mashicon-facebook mash-large mash-center mashsb-noshadow\" href=\"https:\/\/www.facebook.com\/sharer.php?u=https%3A%2F%2Fwww.zunoticia.com%2Fnoticias-de-hidalgo%2F2023%2F11%2F28%2Finvita-alcaldesa-a-festejar-aniversario-de-fundacion-del-municipio%2F\" target=\"_top\" rel=\"nofollow\"><span class=\"icon\"><\/span><span class=\"text\">Share<\/span><\/a><a class=\"mashicon-twitter mash-large mash-center mashsb-noshadow\" href=\"https:\/\/twitter.com\/intent\/tweet?text=&amp;url=https:\/\/www.zunoticia.com\/noticias-de-hidalgo\/2023\/11\/28\/invita-alcaldesa-a-festejar-aniversario-de-fundacion-del-municipio\/\" target=\"_top\" rel=\"nofollow\"><span class=\"icon\"><\/span><span class=\"text\">Tweet<\/span><\/a><div class=\"onoffswitch2 mash-large mashsb-noshadow\" style=\"display:none\"><\/div><\/div>\n            <\/div>\n                <div style=\"clear:both\"><\/div><div class=\"mashsb-toggle-container\"><\/div><\/aside>\n            <!-- Share buttons by mashshare.net - Version: 4.0.47-->\n<p><em>Por \u00c1ngel Silverio \/Zunoticia<\/em><\/p>\n\n\n\n<p><strong>San Felipe Orizatl\u00e1n, Hgo<\/strong>. &#8211; La alcaldesa municipal Erika Saab Lara hizo un llamado a toda la poblaci\u00f3n orizatlense a festejar este pr\u00f3ximo 30 de noviembre, un aniversario m\u00e1s de la fundaci\u00f3n de San Felipe Orizatl\u00e1n, un d\u00eda que ser\u00e1 de fiesta para todos los habitantes.<\/p>\n\n\n\n<p>De acuerdo con lo mencionado por la presidenta municipal, ser\u00e1 este pr\u00f3ximo 30 de noviembre cuando se lleve a cabo la celebraci\u00f3n del 153 aniversario de la erecci\u00f3n del municipio de San Felipe Orizatl\u00e1n, por lo que se tiene programada una serie de actividades para el disfrute de los orizatlenses.<\/p>\n\n\n\n<p>La programaci\u00f3n general contempla dar inicio a las actividades a las 9:00 de la ma\u00f1ana, con un evento c\u00edvico, para posteriormente a las 6:00 de la tarde realizar el arreamiento de bandera, continuar minutos m\u00e1s adelante con un evento c\u00edvico, cultural y deportivo a cargo de la secci\u00f3n 15 del Sindicato Nacional de Trabajadores de la Educaci\u00f3n.<\/p>\n\n\n\n<p>&#8220;Los invitamos a todos a participar y vivir estos eventos que tenemos programados, que vengan en familia y vivamos con alegr\u00eda el ser de San Felipe Orizatl\u00e1n, estar orgullosos de nuestras ra\u00edces, y de nuestros or\u00edgenes y porque no, apoyar tambi\u00e9n con su visita el comercio local&#8221;, indic\u00f3 la autoridad municipal.<\/p>\n","protected":false},"excerpt":{"rendered":"<p>Por \u00c1ngel Silverio \/Zunoticia San Felipe Orizatl\u00e1n, Hgo. &#8211; La alcaldesa municipal Erika Saab Lara hizo un llamado a toda la poblaci\u00f3n orizatlense a festejar este pr\u00f3ximo 30 de noviembre, un aniversario m\u00e1s de la fundaci\u00f3n de San Felipe Orizatl\u00e1n, un d\u00eda que ser\u00e1 de fiesta para todos los habitantes. De acuerdo con lo mencionado&hellip; <a class=\"more-link\" href=\"https:\/\/www.zunoticia.com\/noticias-de-hidalgo\/2023\/11\/28\/invita-alcaldesa-a-festejar-aniversario-de-fundacion-del-municipio\/\">Seguir leyendo <span class=\"screen-reader-text\">Invita alcaldesa a festejar aniversario de fundaci\u00f3n del municipio<\/span><\/a><\/p>\n","protected":false},"author":20,"featured_media":515661,"comment_status":"open","ping_status":"open","sticky":false,"template":"","format":"standard","meta":{"rop_custom_images_group":[],"rop_custom_messages_group":[],"rop_publish_now":"initial","rop_publish_now_accounts":{"facebook_10159540855086992_322828327761733":""},"rop_publish_now_history":[],"rop_publish_now_status":"pending","footnotes":""},"categories":[179,180],"tags":[229,129],"class_list":["post-515660","post","type-post","status-publish","format-standard","has-post-thumbnail","hentry","category-huasteca","category-orizatlan","tag-huasteca","tag-orizatlan","entry"],"_links":{"self":[{"href":"https:\/\/www.zunoticia.com\/noticias-de-hidalgo\/wp-json\/wp\/v2\/posts\/515660","targetHints":{"allow":["GET"]}}],"collection":[{"href":"https:\/\/www.zunoticia.com\/noticias-de-hidalgo\/wp-json\/wp\/v2\/posts"}],"about":[{"href":"https:\/\/www.zunoticia.com\/noticias-de-hidalgo\/wp-json\/wp\/v2\/types\/post"}],"author":[{"embeddable":true,"href":"https:\/\/www.zunoticia.com\/noticias-de-hidalgo\/wp-json\/wp\/v2\/users\/20"}],"replies":[{"embeddable":true,"href":"https:\/\/www.zunoticia.com\/noticias-de-hidalgo\/wp-json\/wp\/v2\/comments?post=515660"}],"version-history":[{"count":1,"href":"https:\/\/www.zunoticia.com\/noticias-de-hidalgo\/wp-json\/wp\/v2\/posts\/515660\/revisions"}],"predecessor-version":[{"id":515662,"href":"https:\/\/www.zunoticia.com\/noticias-de-hidalgo\/wp-json\/wp\/v2\/posts\/515660\/revisions\/515662"}],"wp:featuredmedia":[{"embeddable":true,"href":"https:\/\/www.zunoticia.com\/noticias-de-hidalgo\/wp-json\/wp\/v2\/media\/515661"}],"wp:attachment":[{"href":"https:\/\/www.zunoticia.com\/noticias-de-hidalgo\/wp-json\/wp\/v2\/media?parent=515660"}],"wp:term":[{"taxonomy":"category","embeddable":true,"href":"https:\/\/www.zunoticia.com\/noticias-de-hidalgo\/wp-json\/wp\/v2\/categories?post=515660"},{"taxonomy":"post_tag","embeddable":true,"href":"https:\/\/www.zunoticia.com\/noticias-de-hidalgo\/wp-json\/wp\/v2\/tags?post=515660"}],"curies":[{"name":"wp","href":"https:\/\/api.w.org\/{rel}","templated":true}]}}