{"id":515768,"date":"2023-11-28T22:19:21","date_gmt":"2023-11-29T04:19:21","guid":{"rendered":"https:\/\/www.zunoticia.com\/noticias-de-hidalgo\/?p=515768"},"modified":"2023-11-28T22:19:22","modified_gmt":"2023-11-29T04:19:22","slug":"benilde-hernandez-presenta-su-registro-en-morena","status":"publish","type":"post","link":"https:\/\/www.zunoticia.com\/noticias-de-hidalgo\/2023\/11\/28\/benilde-hernandez-presenta-su-registro-en-morena\/","title":{"rendered":"Benilde Hern\u00e1ndez presenta su registro en Morena"},"content":{"rendered":"<aside class=\"mashsb-container mashsb-main mashsb-stretched\"><div class=\"mashsb-box\"><div class=\"mashsb-count mash-large\" style=\"float:left\"><div class=\"counts mashsbcount\">33<\/div><span class=\"mashsb-sharetext\">SHARES<\/span><\/div><div class=\"mashsb-buttons\"><a class=\"mashicon-facebook mash-large mash-center mashsb-noshadow\" href=\"https:\/\/www.facebook.com\/sharer.php?u=https%3A%2F%2Fwww.zunoticia.com%2Fnoticias-de-hidalgo%2F2023%2F11%2F28%2Fbenilde-hernandez-presenta-su-registro-en-morena%2F\" target=\"_top\" rel=\"nofollow\"><span class=\"icon\"><\/span><span class=\"text\">Share<\/span><\/a><a class=\"mashicon-twitter mash-large mash-center mashsb-noshadow\" href=\"https:\/\/twitter.com\/intent\/tweet?text=&amp;url=https:\/\/www.zunoticia.com\/noticias-de-hidalgo\/2023\/11\/28\/benilde-hernandez-presenta-su-registro-en-morena\/\" target=\"_top\" rel=\"nofollow\"><span class=\"icon\"><\/span><span class=\"text\">Tweet<\/span><\/a><div class=\"onoffswitch2 mash-large mashsb-noshadow\" style=\"display:none\"><\/div><\/div>\n            <\/div>\n                <div style=\"clear:both\"><\/div><div class=\"mashsb-toggle-container\"><\/div><\/aside>\n            <!-- Share buttons by mashshare.net - Version: 4.0.47-->\n<p><em>Por \u00c1ngel Silverio\/Zunoticia<\/em><\/p>\n\n\n\n<p><strong>Jaltoc\u00e1n, Hgo.-<\/strong> La ma\u00f1ana de este martes, Benilde Hern\u00e1ndez S\u00e1nchez, dio a conocer que present\u00f3 su registro para participar en el proceso interno de Morena, para buscar la coordinaci\u00f3n de los Comit\u00e9s de la cuarta transformaci\u00f3n, por lo que confi\u00f3 en que se realice un proceso transparente y agradeci\u00f3 la oportunidad del partido para participar en esta contienda.<\/p>\n\n\n\n<p>Hern\u00e1ndez S\u00e1nchez, indic\u00f3, -&#8220;Con mucha emoci\u00f3n les comparto que realic\u00e9 mi registro en el proceso interno de selecci\u00f3n de candidatura de Morena, para contender por la presidencia municipal de nuestro querido Jaltoc\u00e1n, estar\u00e9 en espera de que se cumplan los tiempos que marca el proceso&#8221;.<\/p>\n\n\n\n<p>As\u00ed mismo se\u00f1al\u00f3, &#8211; &#8220;Estoy convencida de que en unidad podremos forjar un mejor futuro para nuestro municipio, vamos a esperar los tiempos y confiamos en este proceso que ser\u00e1 de manera exitosa y transparente para todos los que estamos participando en esta contienda interna&#8221;.<\/p>\n\n\n\n<p>Benilde Hern\u00e1ndez se suma a los dem\u00e1s aspirantes como Daniel Furiati, Miguel \u00c1ngel Monterrubio, quienes se sabe hasta el momento han presentado su registro para&nbsp;participar.<\/p>\n","protected":false},"excerpt":{"rendered":"<p>Por \u00c1ngel Silverio\/Zunoticia Jaltoc\u00e1n, Hgo.- La ma\u00f1ana de este martes, Benilde Hern\u00e1ndez S\u00e1nchez, dio a conocer que present\u00f3 su registro para participar en el proceso interno de Morena, para buscar la coordinaci\u00f3n de los Comit\u00e9s de la cuarta transformaci\u00f3n, por lo que confi\u00f3 en que se realice un proceso transparente y agradeci\u00f3 la oportunidad del&hellip; <a class=\"more-link\" href=\"https:\/\/www.zunoticia.com\/noticias-de-hidalgo\/2023\/11\/28\/benilde-hernandez-presenta-su-registro-en-morena\/\">Seguir leyendo <span class=\"screen-reader-text\">Benilde Hern\u00e1ndez presenta su registro en Morena<\/span><\/a><\/p>\n","protected":false},"author":12,"featured_media":515772,"comment_status":"open","ping_status":"open","sticky":false,"template":"","format":"standard","meta":{"rop_custom_images_group":[],"rop_custom_messages_group":[],"rop_publish_now":"initial","rop_publish_now_accounts":{"facebook_10159540855086992_322828327761733":""},"rop_publish_now_history":[],"rop_publish_now_status":"pending","footnotes":""},"categories":[179,200],"tags":[131],"class_list":["post-515768","post","type-post","status-publish","format-standard","has-post-thumbnail","hentry","category-huasteca","category-jaltocan","tag-jaltocan","entry"],"_links":{"self":[{"href":"https:\/\/www.zunoticia.com\/noticias-de-hidalgo\/wp-json\/wp\/v2\/posts\/515768","targetHints":{"allow":["GET"]}}],"collection":[{"href":"https:\/\/www.zunoticia.com\/noticias-de-hidalgo\/wp-json\/wp\/v2\/posts"}],"about":[{"href":"https:\/\/www.zunoticia.com\/noticias-de-hidalgo\/wp-json\/wp\/v2\/types\/post"}],"author":[{"embeddable":true,"href":"https:\/\/www.zunoticia.com\/noticias-de-hidalgo\/wp-json\/wp\/v2\/users\/12"}],"replies":[{"embeddable":true,"href":"https:\/\/www.zunoticia.com\/noticias-de-hidalgo\/wp-json\/wp\/v2\/comments?post=515768"}],"version-history":[{"count":1,"href":"https:\/\/www.zunoticia.com\/noticias-de-hidalgo\/wp-json\/wp\/v2\/posts\/515768\/revisions"}],"predecessor-version":[{"id":515774,"href":"https:\/\/www.zunoticia.com\/noticias-de-hidalgo\/wp-json\/wp\/v2\/posts\/515768\/revisions\/515774"}],"wp:featuredmedia":[{"embeddable":true,"href":"https:\/\/www.zunoticia.com\/noticias-de-hidalgo\/wp-json\/wp\/v2\/media\/515772"}],"wp:attachment":[{"href":"https:\/\/www.zunoticia.com\/noticias-de-hidalgo\/wp-json\/wp\/v2\/media?parent=515768"}],"wp:term":[{"taxonomy":"category","embeddable":true,"href":"https:\/\/www.zunoticia.com\/noticias-de-hidalgo\/wp-json\/wp\/v2\/categories?post=515768"},{"taxonomy":"post_tag","embeddable":true,"href":"https:\/\/www.zunoticia.com\/noticias-de-hidalgo\/wp-json\/wp\/v2\/tags?post=515768"}],"curies":[{"name":"wp","href":"https:\/\/api.w.org\/{rel}","templated":true}]}}