{"id":515775,"date":"2023-11-28T22:20:08","date_gmt":"2023-11-29T04:20:08","guid":{"rendered":"https:\/\/www.zunoticia.com\/noticias-de-hidalgo\/?p=515775"},"modified":"2023-11-28T22:20:09","modified_gmt":"2023-11-29T04:20:09","slug":"modesto-se-registro-al-proceso-interno-del-morena","status":"publish","type":"post","link":"https:\/\/www.zunoticia.com\/noticias-de-hidalgo\/2023\/11\/28\/modesto-se-registro-al-proceso-interno-del-morena\/","title":{"rendered":"Modesto se registr\u00f3 al proceso interno del Morena"},"content":{"rendered":"<aside class=\"mashsb-container mashsb-main mashsb-stretched\"><div class=\"mashsb-box\"><div class=\"mashsb-count mash-large\" style=\"float:left\"><div class=\"counts mashsbcount\">51<\/div><span class=\"mashsb-sharetext\">SHARES<\/span><\/div><div class=\"mashsb-buttons\"><a class=\"mashicon-facebook mash-large mash-center mashsb-noshadow\" href=\"https:\/\/www.facebook.com\/sharer.php?u=https%3A%2F%2Fwww.zunoticia.com%2Fnoticias-de-hidalgo%2F2023%2F11%2F28%2Fmodesto-se-registro-al-proceso-interno-del-morena%2F\" target=\"_top\" rel=\"nofollow\"><span class=\"icon\"><\/span><span class=\"text\">Share<\/span><\/a><a class=\"mashicon-twitter mash-large mash-center mashsb-noshadow\" href=\"https:\/\/twitter.com\/intent\/tweet?text=&amp;url=https:\/\/www.zunoticia.com\/noticias-de-hidalgo\/2023\/11\/28\/modesto-se-registro-al-proceso-interno-del-morena\/\" target=\"_top\" rel=\"nofollow\"><span class=\"icon\"><\/span><span class=\"text\">Tweet<\/span><\/a><div class=\"onoffswitch2 mash-large mashsb-noshadow\" style=\"display:none\"><\/div><\/div>\n            <\/div>\n                <div style=\"clear:both\"><\/div><div class=\"mashsb-toggle-container\"><\/div><\/aside>\n            <!-- Share buttons by mashshare.net - Version: 4.0.47-->\n<ul class=\"wp-block-list\">\n<li>El perfil de &#8220;El mochilero&#8221; destaca por su trayectoria lopezobradorista, sencillez, humildad que convoc\u00f3 a sus compa\u00f1eros al respeto y la unidad del movimiento.<\/li>\n<\/ul>\n\n\n\n<p><em>Por Redacci\u00f3n\/Zunoticia<\/em><\/p>\n\n\n\n<p><strong>Yahualica, Hgo.-<\/strong> &#8220;El Mochilero me dicen porque tuve que salir a buscar la manera de que mi familia humilde tuviera una vida digna, yo como muchos de ustedes somos gente del esfuerzo, del campo, de la mec\u00e1nica, carpintero, alba\u00f1il, profesor, artesano. Yo soy costurero de mochilas y como ustedes no me averg\u00fcenzo de lo que soy porque me identifico con el pueblo bueno y trabajador de Yahualica&#8221;.<\/p>\n\n\n\n<p>En una reuni\u00f3n con ciudadanos de su municipio Modesto Hern\u00e1ndez record\u00f3 mostrando su credencial de afiliaci\u00f3n al movimiento del presidente leg\u00edtimo en el Z\u00f3calo de M\u00e9xico &#8220;ah\u00ed est\u00e1bamos, con fr\u00edo, calor, lluvia siempre pueblo bueno respaldando la lucha del proyecto de naci\u00f3n de Andr\u00e9s Manuel L\u00f3pez Obrador, atendiendo el llamado de nuestro l\u00edder moral en los tiempos dif\u00edciles.<\/p>\n\n\n\n<p>Hoy que el movimiento de la Cuarta Transformaci\u00f3n est\u00e1 en caminando en beneficio de millones de mexicanos y cuya continuidad vamos por M\u00e1s Historia en el pa\u00eds, con una gran mujer como Claudia Sheinbaum y nuestro gobernador Julio Menchaca Salazar con lo postulado de primero los pobres y primero el pueblo.<\/p>\n\n\n\n<p>S\u00e9 que nos registramos varios compa\u00f1eros y les digo con respeto, honestidad y humildad que tengo la mano extendida en unidad rec\u00edproca, para que la transformaci\u00f3n llegue a Yahualica tendremos que ir al final del d\u00eda unidos, anteponiendo el proyecto de naci\u00f3n de Morena, que los intereses particulares.<\/p>\n\n\n\n<p>A lo largo de mi vida he recorrido mi municipio, cada comunidad, vereda o camino pavimentado; conozco la desesperanza de mi pueblo, se de los problemas que padecemos porque los he vivido con mi familia&#8221;.<\/p>\n\n\n\n<p>Finalmente dijo a los habitantes de Yahualica &#8220;a los hombres y mujeres lleg\u00f3 la hora de ponernos de pie, de caminar abrazados por la esperanza, hemos esperado este momento por muchos a\u00f1os, hoy lleg\u00f3 el momento del pueblo, vamos juntos por la transformaci\u00f3n&nbsp;de&nbsp;Yahualica\u201d.<\/p>\n","protected":false},"excerpt":{"rendered":"<p>Por Redacci\u00f3n\/Zunoticia Yahualica, Hgo.- &#8220;El Mochilero me dicen porque tuve que salir a buscar la manera de que mi familia humilde tuviera una vida digna, yo como muchos de ustedes somos gente del esfuerzo, del campo, de la mec\u00e1nica, carpintero, alba\u00f1il, profesor, artesano. Yo soy costurero de mochilas y como ustedes no me averg\u00fcenzo de&hellip; <a class=\"more-link\" href=\"https:\/\/www.zunoticia.com\/noticias-de-hidalgo\/2023\/11\/28\/modesto-se-registro-al-proceso-interno-del-morena\/\">Seguir leyendo <span class=\"screen-reader-text\">Modesto se registr\u00f3 al proceso interno del Morena<\/span><\/a><\/p>\n","protected":false},"author":12,"featured_media":515773,"comment_status":"open","ping_status":"open","sticky":false,"template":"","format":"standard","meta":{"rop_custom_images_group":[],"rop_custom_messages_group":[],"rop_publish_now":"initial","rop_publish_now_accounts":{"facebook_10159540855086992_322828327761733":""},"rop_publish_now_history":[],"rop_publish_now_status":"pending","footnotes":""},"categories":[179,203],"tags":[123],"class_list":["post-515775","post","type-post","status-publish","format-standard","has-post-thumbnail","hentry","category-huasteca","category-yahualica","tag-yahualica","entry"],"_links":{"self":[{"href":"https:\/\/www.zunoticia.com\/noticias-de-hidalgo\/wp-json\/wp\/v2\/posts\/515775","targetHints":{"allow":["GET"]}}],"collection":[{"href":"https:\/\/www.zunoticia.com\/noticias-de-hidalgo\/wp-json\/wp\/v2\/posts"}],"about":[{"href":"https:\/\/www.zunoticia.com\/noticias-de-hidalgo\/wp-json\/wp\/v2\/types\/post"}],"author":[{"embeddable":true,"href":"https:\/\/www.zunoticia.com\/noticias-de-hidalgo\/wp-json\/wp\/v2\/users\/12"}],"replies":[{"embeddable":true,"href":"https:\/\/www.zunoticia.com\/noticias-de-hidalgo\/wp-json\/wp\/v2\/comments?post=515775"}],"version-history":[{"count":1,"href":"https:\/\/www.zunoticia.com\/noticias-de-hidalgo\/wp-json\/wp\/v2\/posts\/515775\/revisions"}],"predecessor-version":[{"id":515777,"href":"https:\/\/www.zunoticia.com\/noticias-de-hidalgo\/wp-json\/wp\/v2\/posts\/515775\/revisions\/515777"}],"wp:featuredmedia":[{"embeddable":true,"href":"https:\/\/www.zunoticia.com\/noticias-de-hidalgo\/wp-json\/wp\/v2\/media\/515773"}],"wp:attachment":[{"href":"https:\/\/www.zunoticia.com\/noticias-de-hidalgo\/wp-json\/wp\/v2\/media?parent=515775"}],"wp:term":[{"taxonomy":"category","embeddable":true,"href":"https:\/\/www.zunoticia.com\/noticias-de-hidalgo\/wp-json\/wp\/v2\/categories?post=515775"},{"taxonomy":"post_tag","embeddable":true,"href":"https:\/\/www.zunoticia.com\/noticias-de-hidalgo\/wp-json\/wp\/v2\/tags?post=515775"}],"curies":[{"name":"wp","href":"https:\/\/api.w.org\/{rel}","templated":true}]}}