{"id":515776,"date":"2023-11-28T22:24:16","date_gmt":"2023-11-29T04:24:16","guid":{"rendered":"https:\/\/www.zunoticia.com\/noticias-de-hidalgo\/?p=515776"},"modified":"2023-11-28T22:24:17","modified_gmt":"2023-11-29T04:24:17","slug":"piden-al-gobierno-de-ivan-lara-bacheo-de-calles-y-carretera","status":"publish","type":"post","link":"https:\/\/www.zunoticia.com\/noticias-de-hidalgo\/2023\/11\/28\/piden-al-gobierno-de-ivan-lara-bacheo-de-calles-y-carretera\/","title":{"rendered":"Piden al gobierno de Iv\u00e1n Lara bacheo de calles y carretera"},"content":{"rendered":"<aside class=\"mashsb-container mashsb-main mashsb-stretched\"><div class=\"mashsb-box\"><div class=\"mashsb-count mash-large\" style=\"float:left\"><div class=\"counts mashsbcount\">35<\/div><span class=\"mashsb-sharetext\">SHARES<\/span><\/div><div class=\"mashsb-buttons\"><a class=\"mashicon-facebook mash-large mash-center mashsb-noshadow\" href=\"https:\/\/www.facebook.com\/sharer.php?u=https%3A%2F%2Fwww.zunoticia.com%2Fnoticias-de-hidalgo%2F2023%2F11%2F28%2Fpiden-al-gobierno-de-ivan-lara-bacheo-de-calles-y-carretera%2F\" target=\"_top\" rel=\"nofollow\"><span class=\"icon\"><\/span><span class=\"text\">Share<\/span><\/a><a class=\"mashicon-twitter mash-large mash-center mashsb-noshadow\" href=\"https:\/\/twitter.com\/intent\/tweet?text=&amp;url=https:\/\/www.zunoticia.com\/noticias-de-hidalgo\/2023\/11\/28\/piden-al-gobierno-de-ivan-lara-bacheo-de-calles-y-carretera\/\" target=\"_top\" rel=\"nofollow\"><span class=\"icon\"><\/span><span class=\"text\">Tweet<\/span><\/a><div class=\"onoffswitch2 mash-large mashsb-noshadow\" style=\"display:none\"><\/div><\/div>\n            <\/div>\n                <div style=\"clear:both\"><\/div><div class=\"mashsb-toggle-container\"><\/div><\/aside>\n            <!-- Share buttons by mashshare.net - Version: 4.0.47-->\n<p><em>Por \u00c1ngel Silverio\/Zunoticia<\/em><\/p>\n\n\n\n<p><strong>Jaltoc\u00e1n, Hgo.-<\/strong> Conductores y transportistas piden al gobierno municipal, que encabeza Iv\u00e1n Lara Tovar, el bacheo de la carretera que conduce a la cabecera, pues representa un peligro y causa da\u00f1os a los veh\u00edculos que a diario circulan por este lugar, ya que con la lluvias se van haciendo m\u00e1s grandes cada d\u00eda.<\/p>\n\n\n\n<p>Mart\u00edn Ram\u00edrez, conductor que a diario circula por esta calle que conduce al entronque con Vinazo, indic\u00f3 que, es urgente que se realice el bacheo, pues cada vez que circula por ah\u00ed los hoyos se van haciendo m\u00e1s grandes, causando da\u00f1o a los veh\u00edculos, adem\u00e1s de que ha ocasionado accidentes a motociclistas que no se percatan de estos baches.<\/p>\n\n\n\n<p>&#8220;No queremos ya que la rehabiliten porque si no se hizo en cuatro a\u00f1os, mucho menos la va a hacer en unos meses, las calles principales est\u00e1n igual, por donde camines vas a ver hoyos, y no se hace nada por reparar o tapar, ahorita con las lluvias se van haciendo m\u00e1s grandes y m\u00e1s profundos, de verdad son un peligro para los conductores, ojal\u00e1 que no nos ignore en esta ocasi\u00f3n y que se haga algo al respecto&#8221; indic\u00f3 el quejoso.<\/p>\n\n\n\n<p>Cabe mencionar que, al realizar un recorrido por las principales calles de la cabecera municipal, las condiciones son las mismas, pues se encuentran baches que se han venido reportando desde que inici\u00f3 la administraci\u00f3n.<\/p>\n","protected":false},"excerpt":{"rendered":"<p>Por \u00c1ngel Silverio\/Zunoticia Jaltoc\u00e1n, Hgo.- Conductores y transportistas piden al gobierno municipal, que encabeza Iv\u00e1n Lara Tovar, el bacheo de la carretera que conduce a la cabecera, pues representa un peligro y causa da\u00f1os a los veh\u00edculos que a diario circulan por este lugar, ya que con la lluvias se van haciendo m\u00e1s grandes cada&hellip; <a class=\"more-link\" href=\"https:\/\/www.zunoticia.com\/noticias-de-hidalgo\/2023\/11\/28\/piden-al-gobierno-de-ivan-lara-bacheo-de-calles-y-carretera\/\">Seguir leyendo <span class=\"screen-reader-text\">Piden al gobierno de Iv\u00e1n Lara bacheo de calles y carretera<\/span><\/a><\/p>\n","protected":false},"author":12,"featured_media":515721,"comment_status":"open","ping_status":"open","sticky":false,"template":"","format":"standard","meta":{"rop_custom_images_group":[],"rop_custom_messages_group":[],"rop_publish_now":"initial","rop_publish_now_accounts":{"facebook_10159540855086992_322828327761733":""},"rop_publish_now_history":[],"rop_publish_now_status":"pending","footnotes":""},"categories":[179,200],"tags":[131],"class_list":["post-515776","post","type-post","status-publish","format-standard","has-post-thumbnail","hentry","category-huasteca","category-jaltocan","tag-jaltocan","entry"],"_links":{"self":[{"href":"https:\/\/www.zunoticia.com\/noticias-de-hidalgo\/wp-json\/wp\/v2\/posts\/515776","targetHints":{"allow":["GET"]}}],"collection":[{"href":"https:\/\/www.zunoticia.com\/noticias-de-hidalgo\/wp-json\/wp\/v2\/posts"}],"about":[{"href":"https:\/\/www.zunoticia.com\/noticias-de-hidalgo\/wp-json\/wp\/v2\/types\/post"}],"author":[{"embeddable":true,"href":"https:\/\/www.zunoticia.com\/noticias-de-hidalgo\/wp-json\/wp\/v2\/users\/12"}],"replies":[{"embeddable":true,"href":"https:\/\/www.zunoticia.com\/noticias-de-hidalgo\/wp-json\/wp\/v2\/comments?post=515776"}],"version-history":[{"count":1,"href":"https:\/\/www.zunoticia.com\/noticias-de-hidalgo\/wp-json\/wp\/v2\/posts\/515776\/revisions"}],"predecessor-version":[{"id":515779,"href":"https:\/\/www.zunoticia.com\/noticias-de-hidalgo\/wp-json\/wp\/v2\/posts\/515776\/revisions\/515779"}],"wp:featuredmedia":[{"embeddable":true,"href":"https:\/\/www.zunoticia.com\/noticias-de-hidalgo\/wp-json\/wp\/v2\/media\/515721"}],"wp:attachment":[{"href":"https:\/\/www.zunoticia.com\/noticias-de-hidalgo\/wp-json\/wp\/v2\/media?parent=515776"}],"wp:term":[{"taxonomy":"category","embeddable":true,"href":"https:\/\/www.zunoticia.com\/noticias-de-hidalgo\/wp-json\/wp\/v2\/categories?post=515776"},{"taxonomy":"post_tag","embeddable":true,"href":"https:\/\/www.zunoticia.com\/noticias-de-hidalgo\/wp-json\/wp\/v2\/tags?post=515776"}],"curies":[{"name":"wp","href":"https:\/\/api.w.org\/{rel}","templated":true}]}}