{"id":515996,"date":"2023-11-30T11:51:58","date_gmt":"2023-11-30T17:51:58","guid":{"rendered":"https:\/\/www.zunoticia.com\/noticias-de-hidalgo\/?p=515996"},"modified":"2023-11-30T11:52:32","modified_gmt":"2023-11-30T17:52:32","slug":"coche-choco-contra-trailer","status":"publish","type":"post","link":"https:\/\/www.zunoticia.com\/noticias-de-hidalgo\/2023\/11\/30\/coche-choco-contra-trailer\/","title":{"rendered":"Coche choc\u00f3 contra tr\u00e1iler"},"content":{"rendered":"<aside class=\"mashsb-container mashsb-main mashsb-stretched\"><div class=\"mashsb-box\"><div class=\"mashsb-count mash-large\" style=\"float:left\"><div class=\"counts mashsbcount\">27<\/div><span class=\"mashsb-sharetext\">SHARES<\/span><\/div><div class=\"mashsb-buttons\"><a class=\"mashicon-facebook mash-large mash-center mashsb-noshadow\" href=\"https:\/\/www.facebook.com\/sharer.php?u=https%3A%2F%2Fwww.zunoticia.com%2Fnoticias-de-hidalgo%2F2023%2F11%2F30%2Fcoche-choco-contra-trailer%2F\" target=\"_top\" rel=\"nofollow\"><span class=\"icon\"><\/span><span class=\"text\">Share<\/span><\/a><a class=\"mashicon-twitter mash-large mash-center mashsb-noshadow\" href=\"https:\/\/twitter.com\/intent\/tweet?text=&amp;url=https:\/\/www.zunoticia.com\/noticias-de-hidalgo\/2023\/11\/30\/coche-choco-contra-trailer\/\" target=\"_top\" rel=\"nofollow\"><span class=\"icon\"><\/span><span class=\"text\">Tweet<\/span><\/a><div class=\"onoffswitch2 mash-large mashsb-noshadow\" style=\"display:none\"><\/div><\/div>\n            <\/div>\n                <div style=\"clear:both\"><\/div><div class=\"mashsb-toggle-container\"><\/div><\/aside>\n            <!-- Share buttons by mashshare.net - Version: 4.0.47-->\n<ul class=\"wp-block-list\">\n<li>Una persona result\u00f3 lesionada en el accidente.<\/li>\n<\/ul>\n\n\n\n<p><em>Por Francisco Rosas\/Zunoticia<\/em><\/p>\n\n\n\n<p><strong>Huejutla, Hgo<\/strong>.- Una persona lesionada y da\u00f1os materiales considerables, fue el saldo de un accidente automovil\u00edstico que se registr\u00f3 la ma\u00f1ana de este jueves, en la carretera federal M\u00e9xico-Tampico, a la altura de la colonia El Moreno de esta ciudad.<\/p>\n\n\n\n<p>En el sitio, un auto compacto tipo Shadow de color rojo, con placas de circulaci\u00f3n NAD-42-46 del estado de M\u00e9xico, choc\u00f3 contra la caja de un tr\u00e1iler, resultando herido el copiloto del coche, quien fue trasladado a un centro m\u00e9dico por param\u00e9dicos de la Cruz Roja Mexicana.<\/p>\n\n\n\n<p>Asimismo, en el lugar fueron valoradas una mujer y su peque\u00f1a hija, quienes afortunadamente s\u00f3lo presentaron golpes leves, por lo que no fue necesario ser llevadas al hospital.<\/p>\n\n\n\n<p>Seg\u00fan la versi\u00f3n de algunos testigos que presenciaron los hechos, el incidente presuntamente fue provocado por una camioneta que se cruz\u00f3 en el carril contrario y no puso sus intermitentes, por lo que ocasion\u00f3 que el conductor del coche al tratar de esquivarlo, terminara estampado contra la pesada unidad, la cual se encontraba estacionada.<\/p>\n\n\n\n<p>Al lugar acudieron elementos de Seguridad P\u00fablica Municipal y la Guardia Nacional Divisi\u00f3n Caminos, estos \u00faltimos se encargaron de realizar el peritaje de tr\u00e1nsito terrestre para el deslinde de responsabilidades.<\/p>\n\n\n\n<figure class=\"wp-block-gallery has-nested-images columns-default is-cropped wp-block-gallery-1 is-layout-flex wp-block-gallery-is-layout-flex\">\n<figure class=\"wp-block-image size-large\"><img fetchpriority=\"high\" decoding=\"async\" width=\"940\" height=\"788\" data-id=\"515999\" src=\"https:\/\/www.zunoticia.com\/noticias-de-hidalgo\/wp-content\/uploads\/2023\/11\/Zunoticia-2-86.png\" alt=\"\" class=\"wp-image-515999\"\/><\/figure>\n\n\n\n<figure class=\"wp-block-image size-large\"><img decoding=\"async\" width=\"940\" height=\"788\" data-id=\"515998\" src=\"https:\/\/www.zunoticia.com\/noticias-de-hidalgo\/wp-content\/uploads\/2023\/11\/Zunoticia-1-276.png\" alt=\"\" class=\"wp-image-515998\"\/><\/figure>\n<\/figure>\n\n\n\n<p><\/p>\n\n\n\n<p>Auto compacto choc\u00f3 contra un tr\u00e1iler en la carretera federal M\u00e9xico-Tampico.<\/p>\n","protected":false},"excerpt":{"rendered":"<p>Por Francisco Rosas\/Zunoticia Huejutla, Hgo.- Una persona lesionada y da\u00f1os materiales considerables, fue el saldo de un accidente automovil\u00edstico que se registr\u00f3 la ma\u00f1ana de este jueves, en la carretera federal M\u00e9xico-Tampico, a la altura de la colonia El Moreno de esta ciudad. En el sitio, un auto compacto tipo Shadow de color rojo, con&hellip; <a class=\"more-link\" href=\"https:\/\/www.zunoticia.com\/noticias-de-hidalgo\/2023\/11\/30\/coche-choco-contra-trailer\/\">Seguir leyendo <span class=\"screen-reader-text\">Coche choc\u00f3 contra tr\u00e1iler<\/span><\/a><\/p>\n","protected":false},"author":20,"featured_media":515997,"comment_status":"open","ping_status":"open","sticky":false,"template":"","format":"standard","meta":{"rop_custom_images_group":[],"rop_custom_messages_group":[],"rop_publish_now":"initial","rop_publish_now_accounts":{"facebook_10159540855086992_322828327761733":""},"rop_publish_now_history":[],"rop_publish_now_status":"pending","footnotes":""},"categories":[178],"tags":[259],"class_list":["post-515996","post","type-post","status-publish","format-standard","has-post-thumbnail","hentry","category-policiaca","tag-policiaca","entry"],"_links":{"self":[{"href":"https:\/\/www.zunoticia.com\/noticias-de-hidalgo\/wp-json\/wp\/v2\/posts\/515996","targetHints":{"allow":["GET"]}}],"collection":[{"href":"https:\/\/www.zunoticia.com\/noticias-de-hidalgo\/wp-json\/wp\/v2\/posts"}],"about":[{"href":"https:\/\/www.zunoticia.com\/noticias-de-hidalgo\/wp-json\/wp\/v2\/types\/post"}],"author":[{"embeddable":true,"href":"https:\/\/www.zunoticia.com\/noticias-de-hidalgo\/wp-json\/wp\/v2\/users\/20"}],"replies":[{"embeddable":true,"href":"https:\/\/www.zunoticia.com\/noticias-de-hidalgo\/wp-json\/wp\/v2\/comments?post=515996"}],"version-history":[{"count":2,"href":"https:\/\/www.zunoticia.com\/noticias-de-hidalgo\/wp-json\/wp\/v2\/posts\/515996\/revisions"}],"predecessor-version":[{"id":516001,"href":"https:\/\/www.zunoticia.com\/noticias-de-hidalgo\/wp-json\/wp\/v2\/posts\/515996\/revisions\/516001"}],"wp:featuredmedia":[{"embeddable":true,"href":"https:\/\/www.zunoticia.com\/noticias-de-hidalgo\/wp-json\/wp\/v2\/media\/515997"}],"wp:attachment":[{"href":"https:\/\/www.zunoticia.com\/noticias-de-hidalgo\/wp-json\/wp\/v2\/media?parent=515996"}],"wp:term":[{"taxonomy":"category","embeddable":true,"href":"https:\/\/www.zunoticia.com\/noticias-de-hidalgo\/wp-json\/wp\/v2\/categories?post=515996"},{"taxonomy":"post_tag","embeddable":true,"href":"https:\/\/www.zunoticia.com\/noticias-de-hidalgo\/wp-json\/wp\/v2\/tags?post=515996"}],"curies":[{"name":"wp","href":"https:\/\/api.w.org\/{rel}","templated":true}]}}