{"id":516110,"date":"2023-11-30T19:09:59","date_gmt":"2023-12-01T01:09:59","guid":{"rendered":"https:\/\/www.zunoticia.com\/noticias-de-hidalgo\/?p=516110"},"modified":"2023-11-30T19:10:22","modified_gmt":"2023-12-01T01:10:22","slug":"nadie-debe-exigir-un-derecho-violentando-el-derecho-de-los-demas","status":"publish","type":"post","link":"https:\/\/www.zunoticia.com\/noticias-de-hidalgo\/2023\/11\/30\/nadie-debe-exigir-un-derecho-violentando-el-derecho-de-los-demas\/","title":{"rendered":"Nadie debe exigir un derecho violentando el derecho de los dem\u00e1s"},"content":{"rendered":"<aside class=\"mashsb-container mashsb-main mashsb-stretched\"><div class=\"mashsb-box\"><div class=\"mashsb-count mash-large\" style=\"float:left\"><div class=\"counts mashsbcount\">29<\/div><span class=\"mashsb-sharetext\">SHARES<\/span><\/div><div class=\"mashsb-buttons\"><a class=\"mashicon-facebook mash-large mash-center mashsb-noshadow\" href=\"https:\/\/www.facebook.com\/sharer.php?u=https%3A%2F%2Fwww.zunoticia.com%2Fnoticias-de-hidalgo%2F2023%2F11%2F30%2Fnadie-debe-exigir-un-derecho-violentando-el-derecho-de-los-demas%2F\" target=\"_top\" rel=\"nofollow\"><span class=\"icon\"><\/span><span class=\"text\">Share<\/span><\/a><a class=\"mashicon-twitter mash-large mash-center mashsb-noshadow\" href=\"https:\/\/twitter.com\/intent\/tweet?text=&amp;url=https:\/\/www.zunoticia.com\/noticias-de-hidalgo\/2023\/11\/30\/nadie-debe-exigir-un-derecho-violentando-el-derecho-de-los-demas\/\" target=\"_top\" rel=\"nofollow\"><span class=\"icon\"><\/span><span class=\"text\">Tweet<\/span><\/a><div class=\"onoffswitch2 mash-large mashsb-noshadow\" style=\"display:none\"><\/div><\/div>\n            <\/div>\n                <div style=\"clear:both\"><\/div><div class=\"mashsb-toggle-container\"><\/div><\/aside>\n            <!-- Share buttons by mashshare.net - Version: 4.0.47-->\n<p>*Los comerciantes deben mejorar la calidad de sus productos, los precios, pero sobre todo mejorar la atenci\u00f3n que brindan a la ciudadan\u00eda: Juan Fern\u00e1ndez.<\/p>\n\n\n\n<p><em>Por Enedino Hern\u00e1ndez\/Zunoticia<\/em><\/p>\n\n\n\n<p><strong>Huejutla, Hgo<\/strong>.- \u201cAbsolutamente nadie debe de exigir un derecho violentando el derecho de los dem\u00e1s, lo que se vivi\u00f3 durante la tarde del mi\u00e9rcoles en el centro de la ciudad de Huejutla con los comerciantes que se manifestaron fue totalmente algo inadmisible\u201d, se\u00f1al\u00f3 el Licenciado Juan Fern\u00e1ndez Rojas.<\/p>\n\n\n\n<p>Detall\u00f3 que, la gente tiene el derecho leg\u00edtimo de manifestarse, pero siempre y cuando no afecten los derechos de terceras personas, \u201cla tarde del mi\u00e9rcoles se gener\u00f3 un caos tremendo porque supuestamente iban hacer una marcha pac\u00edfica, pero al cerrar y bloquear calles con carros no es una forma pac\u00edfica de manifestarse\u201d.<\/p>\n\n\n\n<p>Al contrario, est\u00e1n violentando los derechos de terceros; mucha gente que tiene que ir por medicamentos, llevar un enfermo, ir por sus ni\u00f1os a las escuelas, pues tuvieron muchos problemas para poder hacerlo; y esto fue generado por el cierre de las calles del centro de Huejutla, se\u00f1al\u00f3.<\/p>\n\n\n\n<p>Subray\u00f3 que nadie est\u00e1 facultado ni autorizado para cerrar calles, porque solo generan da\u00f1os a terceros \u201cdeben de recordar que se tiene una garant\u00eda Constitucional, un derecho a transitar libremente, entonces; ellos al violentar nuestros derechos est\u00e1n incurriendo en responsabilidad\u201d.<\/p>\n\n\n\n<p>\u201cEntendemos su inquietud e inconformidad, pero tienen que respetar los derechos de los dem\u00e1s; porque ellos est\u00e1n exigiendo un derecho a que no instalen aqu\u00ed comercios de otros pa\u00edses, pero violentan nuestros derechos y eso no es v\u00e1lido\u201d explic\u00f3.<\/p>\n\n\n\n<p>Consider\u00f3 importante reflexionar y cambiar de actitud \u201ces un mal ejemplo que dan, adem\u00e1s los ni\u00f1os ven que se cometen actos radicales en la ciudad, Huejutla es una ciudad, ya no se puede permitir ni se debe de permitir este tipo de acciones\u201d.<\/p>\n\n\n\n<p>Juan Fern\u00e1ndez, dijo que, el comercio est\u00e1 regulado por las oficinas correspondientes por lo que deben de acudir a estas oficinas, \u201csobre todo debemos de entender que M\u00e9xico es un pa\u00eds libre, por lo que se tiene una libre competencia en el comercio, eso lo tienen que entender\u201d.<\/p>\n\n\n\n<p>Concluy\u00f3 insistiendo que los comerciantes no pueden cerrarse, tratar de impedir que se instalen tiendas de otros pa\u00edses o de otros comerciantes \u201clo que deben de hacer es mejorar la calidad de sus productos, mejorar los precios, pero sobre todo mejorar la atenci\u00f3n que brindan a la ciudadan\u00eda\u201d.<\/p>\n\n\n\n<p>PIE:<\/p>\n\n\n\n<p>Juan Fern\u00e1ndez Rojas.<\/p>\n","protected":false},"excerpt":{"rendered":"<p>*Los comerciantes deben mejorar la calidad de sus productos, los precios, pero sobre todo mejorar la atenci\u00f3n que brindan a la ciudadan\u00eda: Juan Fern\u00e1ndez. Por Enedino Hern\u00e1ndez\/Zunoticia Huejutla, Hgo.- \u201cAbsolutamente nadie debe de exigir un derecho violentando el derecho de los dem\u00e1s, lo que se vivi\u00f3 durante la tarde del mi\u00e9rcoles en el centro de&hellip; <a class=\"more-link\" href=\"https:\/\/www.zunoticia.com\/noticias-de-hidalgo\/2023\/11\/30\/nadie-debe-exigir-un-derecho-violentando-el-derecho-de-los-demas\/\">Seguir leyendo <span class=\"screen-reader-text\">Nadie debe exigir un derecho violentando el derecho de los dem\u00e1s<\/span><\/a><\/p>\n","protected":false},"author":20,"featured_media":516111,"comment_status":"open","ping_status":"open","sticky":false,"template":"","format":"standard","meta":{"rop_custom_images_group":[],"rop_custom_messages_group":[],"rop_publish_now":"initial","rop_publish_now_accounts":{"facebook_10159540855086992_322828327761733":""},"rop_publish_now_history":[],"rop_publish_now_status":"pending","footnotes":""},"categories":[181],"tags":[121],"class_list":["post-516110","post","type-post","status-publish","format-standard","has-post-thumbnail","hentry","category-huejutla","tag-huejutla","entry"],"_links":{"self":[{"href":"https:\/\/www.zunoticia.com\/noticias-de-hidalgo\/wp-json\/wp\/v2\/posts\/516110","targetHints":{"allow":["GET"]}}],"collection":[{"href":"https:\/\/www.zunoticia.com\/noticias-de-hidalgo\/wp-json\/wp\/v2\/posts"}],"about":[{"href":"https:\/\/www.zunoticia.com\/noticias-de-hidalgo\/wp-json\/wp\/v2\/types\/post"}],"author":[{"embeddable":true,"href":"https:\/\/www.zunoticia.com\/noticias-de-hidalgo\/wp-json\/wp\/v2\/users\/20"}],"replies":[{"embeddable":true,"href":"https:\/\/www.zunoticia.com\/noticias-de-hidalgo\/wp-json\/wp\/v2\/comments?post=516110"}],"version-history":[{"count":2,"href":"https:\/\/www.zunoticia.com\/noticias-de-hidalgo\/wp-json\/wp\/v2\/posts\/516110\/revisions"}],"predecessor-version":[{"id":516113,"href":"https:\/\/www.zunoticia.com\/noticias-de-hidalgo\/wp-json\/wp\/v2\/posts\/516110\/revisions\/516113"}],"wp:featuredmedia":[{"embeddable":true,"href":"https:\/\/www.zunoticia.com\/noticias-de-hidalgo\/wp-json\/wp\/v2\/media\/516111"}],"wp:attachment":[{"href":"https:\/\/www.zunoticia.com\/noticias-de-hidalgo\/wp-json\/wp\/v2\/media?parent=516110"}],"wp:term":[{"taxonomy":"category","embeddable":true,"href":"https:\/\/www.zunoticia.com\/noticias-de-hidalgo\/wp-json\/wp\/v2\/categories?post=516110"},{"taxonomy":"post_tag","embeddable":true,"href":"https:\/\/www.zunoticia.com\/noticias-de-hidalgo\/wp-json\/wp\/v2\/tags?post=516110"}],"curies":[{"name":"wp","href":"https:\/\/api.w.org\/{rel}","templated":true}]}}