{"id":516146,"date":"2023-11-30T21:27:30","date_gmt":"2023-12-01T03:27:30","guid":{"rendered":"https:\/\/www.zunoticia.com\/noticias-de-hidalgo\/?p=516146"},"modified":"2023-11-30T21:27:32","modified_gmt":"2023-12-01T03:27:32","slug":"brenda-flores-se-registro-en-el-proceso-interno-de-morena","status":"publish","type":"post","link":"https:\/\/www.zunoticia.com\/noticias-de-hidalgo\/2023\/11\/30\/brenda-flores-se-registro-en-el-proceso-interno-de-morena\/","title":{"rendered":"Brenda Flores se registr\u00f3 en el proceso interno de Morena"},"content":{"rendered":"<aside class=\"mashsb-container mashsb-main mashsb-stretched\"><div class=\"mashsb-box\"><div class=\"mashsb-count mash-large\" style=\"float:left\"><div class=\"counts mashsbcount\">40<\/div><span class=\"mashsb-sharetext\">SHARES<\/span><\/div><div class=\"mashsb-buttons\"><a class=\"mashicon-facebook mash-large mash-center mashsb-noshadow\" href=\"https:\/\/www.facebook.com\/sharer.php?u=https%3A%2F%2Fwww.zunoticia.com%2Fnoticias-de-hidalgo%2F2023%2F11%2F30%2Fbrenda-flores-se-registro-en-el-proceso-interno-de-morena%2F\" target=\"_top\" rel=\"nofollow\"><span class=\"icon\"><\/span><span class=\"text\">Share<\/span><\/a><a class=\"mashicon-twitter mash-large mash-center mashsb-noshadow\" href=\"https:\/\/twitter.com\/intent\/tweet?text=&amp;url=https:\/\/www.zunoticia.com\/noticias-de-hidalgo\/2023\/11\/30\/brenda-flores-se-registro-en-el-proceso-interno-de-morena\/\" target=\"_top\" rel=\"nofollow\"><span class=\"icon\"><\/span><span class=\"text\">Tweet<\/span><\/a><div class=\"onoffswitch2 mash-large mashsb-noshadow\" style=\"display:none\"><\/div><\/div>\n            <\/div>\n                <div style=\"clear:both\"><\/div><div class=\"mashsb-toggle-container\"><\/div><\/aside>\n            <!-- Share buttons by mashshare.net - Version: 4.0.47-->\n<p><em>Por \u00c1ngel Silverio\/Zunoticia<\/em><\/p>\n\n\n\n<p><strong>San Felipe Orizatl\u00e1n, Hgo.-<\/strong> En tiempo y forma, Brenda Flores present\u00f3 su registro en d\u00edas pasados, para contender en el proceso interno de Morena, en busca de ser la pr\u00f3xima candidata a la presidencia municipal, mencionando que, se busca la unidad del partido y sin duda que la Cuarta Transformaci\u00f3n siga avanzando en Orizatl\u00e1n.<\/p>\n\n\n\n<p>Al respect\u00f3 la joven pol\u00edtica se\u00f1al\u00f3, -\u201cMotivada en el amor a mi pueblo, present\u00e9 mi solicitud de registro para participar en el proceso interno de MORENA, soy una mujer de lucha como muchos que hemos nacido y nos hemos formado en la cultura del esfuerzo, personas honestas, responsables y preparadas\u201d.<\/p>\n\n\n\n<p>Dijo que, ahora es momento de luchar juntos por la transformaci\u00f3n de San Felipe Orizatl\u00e1n, -\u201cCon fe y esperanza enalteciendo con hechos y acciones los principios que rigen al partido de no mentir, no robar y no traicionar, siempre pugnando por la unidad del partido, y que la Cuarta Trasformaci\u00f3n contin\u00fae en nuestro pa\u00eds, estado y municipio\u201d indic\u00f3.<\/p>\n\n\n\n<p>Brenda Flores se suma a los dem\u00e1s aspirantes que han presentado su registro como Manuel Rivera, Marco Andrade, Miriam Guadalupe Barrios, Nicol\u00e1s M\u00e1rquez, Servando Aguado P\u00e9rez, Fortunato Rivera, Ram\u00f3n Amaral, Cristina Rivera, entre otros m\u00e1s que tambi\u00e9n buscan ser los coordinadores de los comit\u00e9s de la 4T.<\/p>\n","protected":false},"excerpt":{"rendered":"<p>Por \u00c1ngel Silverio\/Zunoticia San Felipe Orizatl\u00e1n, Hgo.- En tiempo y forma, Brenda Flores present\u00f3 su registro en d\u00edas pasados, para contender en el proceso interno de Morena, en busca de ser la pr\u00f3xima candidata a la presidencia municipal, mencionando que, se busca la unidad del partido y sin duda que la Cuarta Transformaci\u00f3n siga avanzando&hellip; <a class=\"more-link\" href=\"https:\/\/www.zunoticia.com\/noticias-de-hidalgo\/2023\/11\/30\/brenda-flores-se-registro-en-el-proceso-interno-de-morena\/\">Seguir leyendo <span class=\"screen-reader-text\">Brenda Flores se registr\u00f3 en el proceso interno de Morena<\/span><\/a><\/p>\n","protected":false},"author":12,"featured_media":516121,"comment_status":"open","ping_status":"open","sticky":false,"template":"","format":"standard","meta":{"rop_custom_images_group":[],"rop_custom_messages_group":[],"rop_publish_now":"initial","rop_publish_now_accounts":{"facebook_10159540855086992_322828327761733":""},"rop_publish_now_history":[],"rop_publish_now_status":"pending","footnotes":""},"categories":[180],"tags":[129],"class_list":["post-516146","post","type-post","status-publish","format-standard","has-post-thumbnail","hentry","category-orizatlan","tag-orizatlan","entry"],"_links":{"self":[{"href":"https:\/\/www.zunoticia.com\/noticias-de-hidalgo\/wp-json\/wp\/v2\/posts\/516146","targetHints":{"allow":["GET"]}}],"collection":[{"href":"https:\/\/www.zunoticia.com\/noticias-de-hidalgo\/wp-json\/wp\/v2\/posts"}],"about":[{"href":"https:\/\/www.zunoticia.com\/noticias-de-hidalgo\/wp-json\/wp\/v2\/types\/post"}],"author":[{"embeddable":true,"href":"https:\/\/www.zunoticia.com\/noticias-de-hidalgo\/wp-json\/wp\/v2\/users\/12"}],"replies":[{"embeddable":true,"href":"https:\/\/www.zunoticia.com\/noticias-de-hidalgo\/wp-json\/wp\/v2\/comments?post=516146"}],"version-history":[{"count":1,"href":"https:\/\/www.zunoticia.com\/noticias-de-hidalgo\/wp-json\/wp\/v2\/posts\/516146\/revisions"}],"predecessor-version":[{"id":516149,"href":"https:\/\/www.zunoticia.com\/noticias-de-hidalgo\/wp-json\/wp\/v2\/posts\/516146\/revisions\/516149"}],"wp:featuredmedia":[{"embeddable":true,"href":"https:\/\/www.zunoticia.com\/noticias-de-hidalgo\/wp-json\/wp\/v2\/media\/516121"}],"wp:attachment":[{"href":"https:\/\/www.zunoticia.com\/noticias-de-hidalgo\/wp-json\/wp\/v2\/media?parent=516146"}],"wp:term":[{"taxonomy":"category","embeddable":true,"href":"https:\/\/www.zunoticia.com\/noticias-de-hidalgo\/wp-json\/wp\/v2\/categories?post=516146"},{"taxonomy":"post_tag","embeddable":true,"href":"https:\/\/www.zunoticia.com\/noticias-de-hidalgo\/wp-json\/wp\/v2\/tags?post=516146"}],"curies":[{"name":"wp","href":"https:\/\/api.w.org\/{rel}","templated":true}]}}