{"id":516147,"date":"2023-11-30T21:20:00","date_gmt":"2023-12-01T03:20:00","guid":{"rendered":"https:\/\/www.zunoticia.com\/noticias-de-hidalgo\/?p=516147"},"modified":"2023-11-30T21:20:02","modified_gmt":"2023-12-01T03:20:02","slug":"julio-cesar-gonzalez-se-registro-a-la-diputacion-local-por-morena","status":"publish","type":"post","link":"https:\/\/www.zunoticia.com\/noticias-de-hidalgo\/2023\/11\/30\/julio-cesar-gonzalez-se-registro-a-la-diputacion-local-por-morena\/","title":{"rendered":"Julio C\u00e9sar Gonz\u00e1lez se registr\u00f3 a la diputaci\u00f3n local por Morena"},"content":{"rendered":"<aside class=\"mashsb-container mashsb-main mashsb-stretched\"><div class=\"mashsb-box\"><div class=\"mashsb-count mash-large\" style=\"float:left\"><div class=\"counts mashsbcount\">56<\/div><span class=\"mashsb-sharetext\">SHARES<\/span><\/div><div class=\"mashsb-buttons\"><a class=\"mashicon-facebook mash-large mash-center mashsb-noshadow\" href=\"https:\/\/www.facebook.com\/sharer.php?u=https%3A%2F%2Fwww.zunoticia.com%2Fnoticias-de-hidalgo%2F2023%2F11%2F30%2Fjulio-cesar-gonzalez-se-registro-a-la-diputacion-local-por-morena%2F\" target=\"_top\" rel=\"nofollow\"><span class=\"icon\"><\/span><span class=\"text\">Share<\/span><\/a><a class=\"mashicon-twitter mash-large mash-center mashsb-noshadow\" href=\"https:\/\/twitter.com\/intent\/tweet?text=&amp;url=https:\/\/www.zunoticia.com\/noticias-de-hidalgo\/2023\/11\/30\/julio-cesar-gonzalez-se-registro-a-la-diputacion-local-por-morena\/\" target=\"_top\" rel=\"nofollow\"><span class=\"icon\"><\/span><span class=\"text\">Tweet<\/span><\/a><div class=\"onoffswitch2 mash-large mashsb-noshadow\" style=\"display:none\"><\/div><\/div>\n            <\/div>\n                <div style=\"clear:both\"><\/div><div class=\"mashsb-toggle-container\"><\/div><\/aside>\n            <!-- Share buttons by mashshare.net - Version: 4.0.47-->\n<p><em>Por Roberto Meza Ram\u00edrez\/Zunoticia<\/em><\/p>\n\n\n\n<p><strong>Huazalingo, Hgo.-<\/strong> Julio C\u00e9sar Gonz\u00e1lez Garc\u00eda se inscribi\u00f3 para participar en el proceso interno a la Diputaci\u00f3n Local por el Partido de Movimiento de Regeneraci\u00f3n Nacional (MORENA) como integrante de Grupo Popular Independiente (GPI), por lo que con toda oportunidad se registr\u00f3 ante la comisi\u00f3n de procesos internos de Morena, lo anterior de dio a conocer en una reuni\u00f3n del Grupo Plural Independiente que lidera Omar Fayad Meneses.<\/p>\n\n\n\n<p>Transcendi\u00f3 que, el alcalde de Huazalingo se registr\u00f3 con toda oportunidad durante el plazo dado por este instituto pol\u00edtico del domingo 26 al martes 28 de noviembre y el alcalde cumpli\u00f3 con todos los requisitos que contempla Morena para tal afecto, por lo que solo se estar\u00e1 en espera de los resultados.<\/p>\n\n\n\n<p>Hasta el momento el alcalde contin\u00faa trabajando como tal en todo el municipio y se prev\u00e9 que si sale elegido como candidato a la Diputaci\u00f3n Local por Morena habr\u00e1 de pedir licencia por tiempo indefinido.<\/p>\n\n\n\n<p>Apenas hace unos meses el mun\u00edcipe encabez\u00f3 una renuncia masiva dentro del PRI, al considerar que en este Partido ya no hab\u00eda futuro.<\/p>\n","protected":false},"excerpt":{"rendered":"<p>Por Roberto Meza Ram\u00edrez\/Zunoticia Huazalingo, Hgo.- Julio C\u00e9sar Gonz\u00e1lez Garc\u00eda se inscribi\u00f3 para participar en el proceso interno a la Diputaci\u00f3n Local por el Partido de Movimiento de Regeneraci\u00f3n Nacional (MORENA) como integrante de Grupo Popular Independiente (GPI), por lo que con toda oportunidad se registr\u00f3 ante la comisi\u00f3n de procesos internos de Morena, lo&hellip; <a class=\"more-link\" href=\"https:\/\/www.zunoticia.com\/noticias-de-hidalgo\/2023\/11\/30\/julio-cesar-gonzalez-se-registro-a-la-diputacion-local-por-morena\/\">Seguir leyendo <span class=\"screen-reader-text\">Julio C\u00e9sar Gonz\u00e1lez se registr\u00f3 a la diputaci\u00f3n local por Morena<\/span><\/a><\/p>\n","protected":false},"author":12,"featured_media":516125,"comment_status":"open","ping_status":"open","sticky":false,"template":"","format":"standard","meta":{"rop_custom_images_group":[],"rop_custom_messages_group":[],"rop_publish_now":"initial","rop_publish_now_accounts":{"facebook_10159540855086992_322828327761733":""},"rop_publish_now_history":[],"rop_publish_now_status":"pending","footnotes":""},"categories":[179,212],"tags":[138],"class_list":["post-516147","post","type-post","status-publish","format-standard","has-post-thumbnail","hentry","category-huasteca","category-huazalingo","tag-huazalingo","entry"],"_links":{"self":[{"href":"https:\/\/www.zunoticia.com\/noticias-de-hidalgo\/wp-json\/wp\/v2\/posts\/516147","targetHints":{"allow":["GET"]}}],"collection":[{"href":"https:\/\/www.zunoticia.com\/noticias-de-hidalgo\/wp-json\/wp\/v2\/posts"}],"about":[{"href":"https:\/\/www.zunoticia.com\/noticias-de-hidalgo\/wp-json\/wp\/v2\/types\/post"}],"author":[{"embeddable":true,"href":"https:\/\/www.zunoticia.com\/noticias-de-hidalgo\/wp-json\/wp\/v2\/users\/12"}],"replies":[{"embeddable":true,"href":"https:\/\/www.zunoticia.com\/noticias-de-hidalgo\/wp-json\/wp\/v2\/comments?post=516147"}],"version-history":[{"count":1,"href":"https:\/\/www.zunoticia.com\/noticias-de-hidalgo\/wp-json\/wp\/v2\/posts\/516147\/revisions"}],"predecessor-version":[{"id":516148,"href":"https:\/\/www.zunoticia.com\/noticias-de-hidalgo\/wp-json\/wp\/v2\/posts\/516147\/revisions\/516148"}],"wp:featuredmedia":[{"embeddable":true,"href":"https:\/\/www.zunoticia.com\/noticias-de-hidalgo\/wp-json\/wp\/v2\/media\/516125"}],"wp:attachment":[{"href":"https:\/\/www.zunoticia.com\/noticias-de-hidalgo\/wp-json\/wp\/v2\/media?parent=516147"}],"wp:term":[{"taxonomy":"category","embeddable":true,"href":"https:\/\/www.zunoticia.com\/noticias-de-hidalgo\/wp-json\/wp\/v2\/categories?post=516147"},{"taxonomy":"post_tag","embeddable":true,"href":"https:\/\/www.zunoticia.com\/noticias-de-hidalgo\/wp-json\/wp\/v2\/tags?post=516147"}],"curies":[{"name":"wp","href":"https:\/\/api.w.org\/{rel}","templated":true}]}}