{"id":516150,"date":"2023-11-30T21:36:04","date_gmt":"2023-12-01T03:36:04","guid":{"rendered":"https:\/\/www.zunoticia.com\/noticias-de-hidalgo\/?p=516150"},"modified":"2023-11-30T21:56:27","modified_gmt":"2023-12-01T03:56:27","slug":"genera-polemica-reforma-judicial-impulsada-por-obrador-jmh","status":"publish","type":"post","link":"https:\/\/www.zunoticia.com\/noticias-de-hidalgo\/2023\/11\/30\/genera-polemica-reforma-judicial-impulsada-por-obrador-jmh\/","title":{"rendered":"Genera pol\u00e9mica Reforma Judicial impulsada por Obrador: JMH"},"content":{"rendered":"<aside class=\"mashsb-container mashsb-main mashsb-stretched\"><div class=\"mashsb-box\"><div class=\"mashsb-count mash-large\" style=\"float:left\"><div class=\"counts mashsbcount\">25<\/div><span class=\"mashsb-sharetext\">SHARES<\/span><\/div><div class=\"mashsb-buttons\"><a class=\"mashicon-facebook mash-large mash-center mashsb-noshadow\" href=\"https:\/\/www.facebook.com\/sharer.php?u=https%3A%2F%2Fwww.zunoticia.com%2Fnoticias-de-hidalgo%2F2023%2F11%2F30%2Fgenera-polemica-reforma-judicial-impulsada-por-obrador-jmh%2F\" target=\"_top\" rel=\"nofollow\"><span class=\"icon\"><\/span><span class=\"text\">Share<\/span><\/a><a class=\"mashicon-twitter mash-large mash-center mashsb-noshadow\" href=\"https:\/\/twitter.com\/intent\/tweet?text=&amp;url=https:\/\/www.zunoticia.com\/noticias-de-hidalgo\/2023\/11\/30\/genera-polemica-reforma-judicial-impulsada-por-obrador-jmh\/\" target=\"_top\" rel=\"nofollow\"><span class=\"icon\"><\/span><span class=\"text\">Tweet<\/span><\/a><div class=\"onoffswitch2 mash-large mashsb-noshadow\" style=\"display:none\"><\/div><\/div>\n            <\/div>\n                <div style=\"clear:both\"><\/div><div class=\"mashsb-toggle-container\"><\/div><\/aside>\n            <!-- Share buttons by mashshare.net - Version: 4.0.47-->\n<p><em>Por Enedino Hern\u00e1ndez\/Zunoticia<\/em><\/p>\n\n\n\n<p><strong>Huejutla, Hidalgo.-<\/strong> Claramente se sabe y se puede observar que genera mucha pol\u00e9mica la Reforma Judicial que es impulsada por el Presidente de M\u00e9xico, Andr\u00e9s Manuel L\u00f3pez Obrador, y que est\u00e1 haciendo suya la candidata Claudia Sheinbaum Pardo, expone el abogado Joel Medina Hern\u00e1ndez.<\/p>\n\n\n\n<p>Reconoce primeramente que, el Presidente Obrador ha hecho muchas cosas positivas para la sociedad, pero hay algunas cosas que tambi\u00e9n est\u00e1n afectando los intereses de toda una poblaci\u00f3n.<\/p>\n\n\n\n<p>A\u00f1ade que, espec\u00edficamente en esta reforma judicial \u201cen mi opini\u00f3n es una mera ocurrencia del Presidente, pues no tiene ning\u00fan sustento, en ninguna parte del mundo opera el poder judicial como \u00e9l lo propone\u201d.<\/p>\n\n\n\n<p>Joel Medina Hern\u00e1ndez, subraya \u201cellos quieren que los Ministros de la Suprema Corte sean electos o sean designados por elecci\u00f3n de voto y pues habr\u00eda que preguntarnos qu\u00e9 van hacer los candidatos a ministros en caso de que se apruebe esa reforma judicial\u201d.<\/p>\n","protected":false},"excerpt":{"rendered":"<p>Por Enedino Hern\u00e1ndez\/Zunoticia Huejutla, Hidalgo.- Claramente se sabe y se puede observar que genera mucha pol\u00e9mica la Reforma Judicial que es impulsada por el Presidente de M\u00e9xico, Andr\u00e9s Manuel L\u00f3pez Obrador, y que est\u00e1 haciendo suya la candidata Claudia Sheinbaum Pardo, expone el abogado Joel Medina Hern\u00e1ndez. Reconoce primeramente que, el Presidente Obrador ha hecho&hellip; <a class=\"more-link\" href=\"https:\/\/www.zunoticia.com\/noticias-de-hidalgo\/2023\/11\/30\/genera-polemica-reforma-judicial-impulsada-por-obrador-jmh\/\">Seguir leyendo <span class=\"screen-reader-text\">Genera pol\u00e9mica Reforma Judicial impulsada por Obrador: JMH<\/span><\/a><\/p>\n","protected":false},"author":12,"featured_media":516118,"comment_status":"open","ping_status":"open","sticky":false,"template":"","format":"standard","meta":{"rop_custom_images_group":[],"rop_custom_messages_group":[],"rop_publish_now":"initial","rop_publish_now_accounts":{"facebook_10159540855086992_322828327761733":""},"rop_publish_now_history":[],"rop_publish_now_status":"pending","footnotes":""},"categories":[181],"tags":[121],"class_list":["post-516150","post","type-post","status-publish","format-standard","has-post-thumbnail","hentry","category-huejutla","tag-huejutla","entry"],"_links":{"self":[{"href":"https:\/\/www.zunoticia.com\/noticias-de-hidalgo\/wp-json\/wp\/v2\/posts\/516150","targetHints":{"allow":["GET"]}}],"collection":[{"href":"https:\/\/www.zunoticia.com\/noticias-de-hidalgo\/wp-json\/wp\/v2\/posts"}],"about":[{"href":"https:\/\/www.zunoticia.com\/noticias-de-hidalgo\/wp-json\/wp\/v2\/types\/post"}],"author":[{"embeddable":true,"href":"https:\/\/www.zunoticia.com\/noticias-de-hidalgo\/wp-json\/wp\/v2\/users\/12"}],"replies":[{"embeddable":true,"href":"https:\/\/www.zunoticia.com\/noticias-de-hidalgo\/wp-json\/wp\/v2\/comments?post=516150"}],"version-history":[{"count":2,"href":"https:\/\/www.zunoticia.com\/noticias-de-hidalgo\/wp-json\/wp\/v2\/posts\/516150\/revisions"}],"predecessor-version":[{"id":516160,"href":"https:\/\/www.zunoticia.com\/noticias-de-hidalgo\/wp-json\/wp\/v2\/posts\/516150\/revisions\/516160"}],"wp:featuredmedia":[{"embeddable":true,"href":"https:\/\/www.zunoticia.com\/noticias-de-hidalgo\/wp-json\/wp\/v2\/media\/516118"}],"wp:attachment":[{"href":"https:\/\/www.zunoticia.com\/noticias-de-hidalgo\/wp-json\/wp\/v2\/media?parent=516150"}],"wp:term":[{"taxonomy":"category","embeddable":true,"href":"https:\/\/www.zunoticia.com\/noticias-de-hidalgo\/wp-json\/wp\/v2\/categories?post=516150"},{"taxonomy":"post_tag","embeddable":true,"href":"https:\/\/www.zunoticia.com\/noticias-de-hidalgo\/wp-json\/wp\/v2\/tags?post=516150"}],"curies":[{"name":"wp","href":"https:\/\/api.w.org\/{rel}","templated":true}]}}