{"id":516151,"date":"2023-11-30T21:29:43","date_gmt":"2023-12-01T03:29:43","guid":{"rendered":"https:\/\/www.zunoticia.com\/noticias-de-hidalgo\/?p=516151"},"modified":"2023-11-30T21:29:44","modified_gmt":"2023-12-01T03:29:44","slug":"comercio-espera-alza-en-ventas-por-temporada-navidena","status":"publish","type":"post","link":"https:\/\/www.zunoticia.com\/noticias-de-hidalgo\/2023\/11\/30\/comercio-espera-alza-en-ventas-por-temporada-navidena\/","title":{"rendered":"Comercio espera alza en ventas por temporada Navide\u00f1a"},"content":{"rendered":"<aside class=\"mashsb-container mashsb-main mashsb-stretched\"><div class=\"mashsb-box\"><div class=\"mashsb-count mash-large\" style=\"float:left\"><div class=\"counts mashsbcount\">24<\/div><span class=\"mashsb-sharetext\">SHARES<\/span><\/div><div class=\"mashsb-buttons\"><a class=\"mashicon-facebook mash-large mash-center mashsb-noshadow\" href=\"https:\/\/www.facebook.com\/sharer.php?u=https%3A%2F%2Fwww.zunoticia.com%2Fnoticias-de-hidalgo%2F2023%2F11%2F30%2Fcomercio-espera-alza-en-ventas-por-temporada-navidena%2F\" target=\"_top\" rel=\"nofollow\"><span class=\"icon\"><\/span><span class=\"text\">Share<\/span><\/a><a class=\"mashicon-twitter mash-large mash-center mashsb-noshadow\" href=\"https:\/\/twitter.com\/intent\/tweet?text=&amp;url=https:\/\/www.zunoticia.com\/noticias-de-hidalgo\/2023\/11\/30\/comercio-espera-alza-en-ventas-por-temporada-navidena\/\" target=\"_top\" rel=\"nofollow\"><span class=\"icon\"><\/span><span class=\"text\">Tweet<\/span><\/a><div class=\"onoffswitch2 mash-large mashsb-noshadow\" style=\"display:none\"><\/div><\/div>\n            <\/div>\n                <div style=\"clear:both\"><\/div><div class=\"mashsb-toggle-container\"><\/div><\/aside>\n            <!-- Share buttons by mashshare.net - Version: 4.0.47-->\n<p><em>Por \u00c1ngel Silverio\/Zunoticia<\/em><\/p>\n\n\n\n<p><strong>San Felipe Orizatl\u00e1n, Hgo.-<\/strong> Ante la temporada de las fiestas decembrinas, comerciantes locales de esta demarcaci\u00f3n esperan aumentar un poco sus ventas y as\u00ed cerrar con buenos n\u00fameros el a\u00f1o, pues pese a que se han tenido una ligera recuperaci\u00f3n, a\u00fan hace falta mayor venta para que a todos los giros les vaya bien.<\/p>\n\n\n\n<p>Mart\u00edn Azuara, comerciante de este lugar y ex dirigente del comercio local, se\u00f1al\u00f3 que, esperan que en 15 d\u00edas m\u00e1s comiencen a registrar un alza en ventas, pues se acercan las fiestas decembrinas, as\u00ed como los eventos sociales, adem\u00e1s de que hay un poco m\u00e1s de afluencia de personas por la temporada vacacional.<\/p>\n\n\n\n<p>\u201cSe acerca una temporada buena para todos, tanto para el comercio como para los transportistas y los diferentes prestadores de servicio, estamos a la espera de los eventos sociales, como bodas, quince a\u00f1os, bautizos, entre otros eventos, habr\u00e1 un poco m\u00e1s de movilidad&nbsp; y tambi\u00e9n mayor flujo de la econom\u00eda, llegan los paisanos, los que est\u00e1n en otros lados estudiando, venimos de una pandemia que a pesar de que concluy\u00f3 a principios de a\u00f1o, las familias no se han recuperado del todo, ojal\u00e1 que nos vaya bien a todos en este fin de a\u00f1o\u201d dijo el comerciante.<\/p>\n\n\n\n<p>En este mismo sentido, pidi\u00f3 a los compa\u00f1eros comerciantes estar alertas, pues ante mayor movilidad econ\u00f3mica, tambi\u00e9n corren el riesgo de ser v\u00edctima de los amantes de lo ajeno, por lo que recomend\u00f3 estar muy alertas a la hora de hacer sus ventas.<\/p>\n","protected":false},"excerpt":{"rendered":"<p>Por \u00c1ngel Silverio\/Zunoticia San Felipe Orizatl\u00e1n, Hgo.- Ante la temporada de las fiestas decembrinas, comerciantes locales de esta demarcaci\u00f3n esperan aumentar un poco sus ventas y as\u00ed cerrar con buenos n\u00fameros el a\u00f1o, pues pese a que se han tenido una ligera recuperaci\u00f3n, a\u00fan hace falta mayor venta para que a todos los giros les&hellip; <a class=\"more-link\" href=\"https:\/\/www.zunoticia.com\/noticias-de-hidalgo\/2023\/11\/30\/comercio-espera-alza-en-ventas-por-temporada-navidena\/\">Seguir leyendo <span class=\"screen-reader-text\">Comercio espera alza en ventas por temporada Navide\u00f1a<\/span><\/a><\/p>\n","protected":false},"author":12,"featured_media":516123,"comment_status":"open","ping_status":"open","sticky":false,"template":"","format":"standard","meta":{"rop_custom_images_group":[],"rop_custom_messages_group":[],"rop_publish_now":"initial","rop_publish_now_accounts":{"facebook_10159540855086992_322828327761733":""},"rop_publish_now_history":[],"rop_publish_now_status":"pending","footnotes":""},"categories":[180],"tags":[129],"class_list":["post-516151","post","type-post","status-publish","format-standard","has-post-thumbnail","hentry","category-orizatlan","tag-orizatlan","entry"],"_links":{"self":[{"href":"https:\/\/www.zunoticia.com\/noticias-de-hidalgo\/wp-json\/wp\/v2\/posts\/516151","targetHints":{"allow":["GET"]}}],"collection":[{"href":"https:\/\/www.zunoticia.com\/noticias-de-hidalgo\/wp-json\/wp\/v2\/posts"}],"about":[{"href":"https:\/\/www.zunoticia.com\/noticias-de-hidalgo\/wp-json\/wp\/v2\/types\/post"}],"author":[{"embeddable":true,"href":"https:\/\/www.zunoticia.com\/noticias-de-hidalgo\/wp-json\/wp\/v2\/users\/12"}],"replies":[{"embeddable":true,"href":"https:\/\/www.zunoticia.com\/noticias-de-hidalgo\/wp-json\/wp\/v2\/comments?post=516151"}],"version-history":[{"count":1,"href":"https:\/\/www.zunoticia.com\/noticias-de-hidalgo\/wp-json\/wp\/v2\/posts\/516151\/revisions"}],"predecessor-version":[{"id":516152,"href":"https:\/\/www.zunoticia.com\/noticias-de-hidalgo\/wp-json\/wp\/v2\/posts\/516151\/revisions\/516152"}],"wp:featuredmedia":[{"embeddable":true,"href":"https:\/\/www.zunoticia.com\/noticias-de-hidalgo\/wp-json\/wp\/v2\/media\/516123"}],"wp:attachment":[{"href":"https:\/\/www.zunoticia.com\/noticias-de-hidalgo\/wp-json\/wp\/v2\/media?parent=516151"}],"wp:term":[{"taxonomy":"category","embeddable":true,"href":"https:\/\/www.zunoticia.com\/noticias-de-hidalgo\/wp-json\/wp\/v2\/categories?post=516151"},{"taxonomy":"post_tag","embeddable":true,"href":"https:\/\/www.zunoticia.com\/noticias-de-hidalgo\/wp-json\/wp\/v2\/tags?post=516151"}],"curies":[{"name":"wp","href":"https:\/\/api.w.org\/{rel}","templated":true}]}}