{"id":516185,"date":"2023-12-01T13:35:12","date_gmt":"2023-12-01T19:35:12","guid":{"rendered":"https:\/\/www.zunoticia.com\/noticias-de-hidalgo\/?p=516185"},"modified":"2023-12-01T13:45:45","modified_gmt":"2023-12-01T19:45:45","slug":"tlanchinol-agradecio-a-quienes-se-sumaron-a-la-caminata-por-la-inclusion","status":"publish","type":"post","link":"https:\/\/www.zunoticia.com\/noticias-de-hidalgo\/2023\/12\/01\/tlanchinol-agradecio-a-quienes-se-sumaron-a-la-caminata-por-la-inclusion\/","title":{"rendered":"Tlanchinol agradeci\u00f3 a quienes se sumaron a la caminata por la inclusi\u00f3n"},"content":{"rendered":"<aside class=\"mashsb-container mashsb-main mashsb-stretched\"><div class=\"mashsb-box\"><div class=\"mashsb-count mash-large\" style=\"float:left\"><div class=\"counts mashsbcount\">38<\/div><span class=\"mashsb-sharetext\">SHARES<\/span><\/div><div class=\"mashsb-buttons\"><a class=\"mashicon-facebook mash-large mash-center mashsb-noshadow\" href=\"https:\/\/www.facebook.com\/sharer.php?u=https%3A%2F%2Fwww.zunoticia.com%2Fnoticias-de-hidalgo%2F2023%2F12%2F01%2Ftlanchinol-agradecio-a-quienes-se-sumaron-a-la-caminata-por-la-inclusion%2F\" target=\"_top\" rel=\"nofollow\"><span class=\"icon\"><\/span><span class=\"text\">Share<\/span><\/a><a class=\"mashicon-twitter mash-large mash-center mashsb-noshadow\" href=\"https:\/\/twitter.com\/intent\/tweet?text=&amp;url=https:\/\/www.zunoticia.com\/noticias-de-hidalgo\/2023\/12\/01\/tlanchinol-agradecio-a-quienes-se-sumaron-a-la-caminata-por-la-inclusion\/\" target=\"_top\" rel=\"nofollow\"><span class=\"icon\"><\/span><span class=\"text\">Tweet<\/span><\/a><div class=\"onoffswitch2 mash-large mashsb-noshadow\" style=\"display:none\"><\/div><\/div>\n            <\/div>\n                <div style=\"clear:both\"><\/div><div class=\"mashsb-toggle-container\"><\/div><\/aside>\n            <!-- Share buttons by mashshare.net - Version: 4.0.47-->\n<p><em>Por Zunoticia\/Redacci\u00f3n<\/em><\/p>\n\n\n\n<p><strong>Tlanchinol, Hgo.-<\/strong> \u201cInculcar el amor y respeto al pr\u00f3jimo es tarea de todos\u201d dijo Alicia Castro presidenta del Sistema Municipal para el Desarrollo Integral de la Familia en el municipio de Tlanchinol.<\/p>\n\n\n\n<p>&#8220;Felicitamos y agradecemos a todos los que se sumaron a esta Caminata por la Inclusi\u00f3n, en especial a los alumnos del CAM Tlanchinol, esto en conmemoraci\u00f3n del D\u00eda Internacional de las personas con discapacidad\u201d.<\/p>\n\n\n\n<p>El evento fue organizado por el \u00e1rea del DIF Municipal Tlanchinol, que preside Alicia Castro Hern\u00e1ndez a quien tambi\u00e9n felicitaron los participantes por toda esta entrega, amor y vocaci\u00f3n al frente de esta importante \u00e1rea.<\/p>\n\n\n\n<p>De igual manera, agradecieron a las instituciones educativa que se sumaron a esta camina y todo el personal del ayuntamiento.<\/p>\n\n\n\n<figure class=\"wp-block-gallery has-nested-images columns-default is-cropped wp-block-gallery-1 is-layout-flex wp-block-gallery-is-layout-flex\">\n<figure class=\"wp-block-image size-large\"><img fetchpriority=\"high\" decoding=\"async\" width=\"940\" height=\"788\" data-id=\"516188\" src=\"https:\/\/www.zunoticia.com\/noticias-de-hidalgo\/wp-content\/uploads\/2023\/12\/Zunoticia-4.png\" alt=\"\" class=\"wp-image-516188\"\/><\/figure>\n\n\n\n<figure class=\"wp-block-image size-large\"><img decoding=\"async\" width=\"940\" height=\"788\" data-id=\"516187\" src=\"https:\/\/www.zunoticia.com\/noticias-de-hidalgo\/wp-content\/uploads\/2023\/12\/Zunoticia-3.png\" alt=\"\" class=\"wp-image-516187\"\/><\/figure>\n<\/figure>\n","protected":false},"excerpt":{"rendered":"<p>Por Zunoticia\/Redacci\u00f3n Tlanchinol, Hgo.- \u201cInculcar el amor y respeto al pr\u00f3jimo es tarea de todos\u201d dijo Alicia Castro presidenta del Sistema Municipal para el Desarrollo Integral de la Familia en el municipio de Tlanchinol. &#8220;Felicitamos y agradecemos a todos los que se sumaron a esta Caminata por la Inclusi\u00f3n, en especial a los alumnos del&hellip; <a class=\"more-link\" href=\"https:\/\/www.zunoticia.com\/noticias-de-hidalgo\/2023\/12\/01\/tlanchinol-agradecio-a-quienes-se-sumaron-a-la-caminata-por-la-inclusion\/\">Seguir leyendo <span class=\"screen-reader-text\">Tlanchinol agradeci\u00f3 a quienes se sumaron a la caminata por la inclusi\u00f3n<\/span><\/a><\/p>\n","protected":false},"author":20,"featured_media":516186,"comment_status":"open","ping_status":"open","sticky":false,"template":"","format":"standard","meta":{"rop_custom_images_group":[],"rop_custom_messages_group":[],"rop_publish_now":"initial","rop_publish_now_accounts":{"facebook_10159540855086992_322828327761733":""},"rop_publish_now_history":[],"rop_publish_now_status":"pending","footnotes":""},"categories":[179,201],"tags":[229,127],"class_list":["post-516185","post","type-post","status-publish","format-standard","has-post-thumbnail","hentry","category-huasteca","category-tlanchinol","tag-huasteca","tag-tlanchinol","entry"],"_links":{"self":[{"href":"https:\/\/www.zunoticia.com\/noticias-de-hidalgo\/wp-json\/wp\/v2\/posts\/516185","targetHints":{"allow":["GET"]}}],"collection":[{"href":"https:\/\/www.zunoticia.com\/noticias-de-hidalgo\/wp-json\/wp\/v2\/posts"}],"about":[{"href":"https:\/\/www.zunoticia.com\/noticias-de-hidalgo\/wp-json\/wp\/v2\/types\/post"}],"author":[{"embeddable":true,"href":"https:\/\/www.zunoticia.com\/noticias-de-hidalgo\/wp-json\/wp\/v2\/users\/20"}],"replies":[{"embeddable":true,"href":"https:\/\/www.zunoticia.com\/noticias-de-hidalgo\/wp-json\/wp\/v2\/comments?post=516185"}],"version-history":[{"count":2,"href":"https:\/\/www.zunoticia.com\/noticias-de-hidalgo\/wp-json\/wp\/v2\/posts\/516185\/revisions"}],"predecessor-version":[{"id":516190,"href":"https:\/\/www.zunoticia.com\/noticias-de-hidalgo\/wp-json\/wp\/v2\/posts\/516185\/revisions\/516190"}],"wp:featuredmedia":[{"embeddable":true,"href":"https:\/\/www.zunoticia.com\/noticias-de-hidalgo\/wp-json\/wp\/v2\/media\/516186"}],"wp:attachment":[{"href":"https:\/\/www.zunoticia.com\/noticias-de-hidalgo\/wp-json\/wp\/v2\/media?parent=516185"}],"wp:term":[{"taxonomy":"category","embeddable":true,"href":"https:\/\/www.zunoticia.com\/noticias-de-hidalgo\/wp-json\/wp\/v2\/categories?post=516185"},{"taxonomy":"post_tag","embeddable":true,"href":"https:\/\/www.zunoticia.com\/noticias-de-hidalgo\/wp-json\/wp\/v2\/tags?post=516185"}],"curies":[{"name":"wp","href":"https:\/\/api.w.org\/{rel}","templated":true}]}}