{"id":516202,"date":"2023-12-01T14:28:27","date_gmt":"2023-12-01T20:28:27","guid":{"rendered":"https:\/\/www.zunoticia.com\/noticias-de-hidalgo\/?p=516202"},"modified":"2023-12-01T14:31:48","modified_gmt":"2023-12-01T20:31:48","slug":"estamos-en-nuestro-derecho-de-manifestarnos-nereo-ramirez","status":"publish","type":"post","link":"https:\/\/www.zunoticia.com\/noticias-de-hidalgo\/2023\/12\/01\/estamos-en-nuestro-derecho-de-manifestarnos-nereo-ramirez\/","title":{"rendered":"Estamos en nuestro derecho de manifestarnos: Nereo Ram\u00edrez"},"content":{"rendered":"<aside class=\"mashsb-container mashsb-main mashsb-stretched\"><div class=\"mashsb-box\"><div class=\"mashsb-count mash-large\" style=\"float:left\"><div class=\"counts mashsbcount\">28<\/div><span class=\"mashsb-sharetext\">SHARES<\/span><\/div><div class=\"mashsb-buttons\"><a class=\"mashicon-facebook mash-large mash-center mashsb-noshadow\" href=\"https:\/\/www.facebook.com\/sharer.php?u=https%3A%2F%2Fwww.zunoticia.com%2Fnoticias-de-hidalgo%2F2023%2F12%2F01%2Festamos-en-nuestro-derecho-de-manifestarnos-nereo-ramirez%2F\" target=\"_top\" rel=\"nofollow\"><span class=\"icon\"><\/span><span class=\"text\">Share<\/span><\/a><a class=\"mashicon-twitter mash-large mash-center mashsb-noshadow\" href=\"https:\/\/twitter.com\/intent\/tweet?text=&amp;url=https:\/\/www.zunoticia.com\/noticias-de-hidalgo\/2023\/12\/01\/estamos-en-nuestro-derecho-de-manifestarnos-nereo-ramirez\/\" target=\"_top\" rel=\"nofollow\"><span class=\"icon\"><\/span><span class=\"text\">Tweet<\/span><\/a><div class=\"onoffswitch2 mash-large mashsb-noshadow\" style=\"display:none\"><\/div><\/div>\n            <\/div>\n                <div style=\"clear:both\"><\/div><div class=\"mashsb-toggle-container\"><\/div><\/aside>\n            <!-- Share buttons by mashshare.net - Version: 4.0.47-->\n<p><em>Por Salvador Altamirano\/Zunoticia<\/em><\/p>\n\n\n\n<p><strong>Huejutla, Hgo.-<\/strong> \u201cLas personas que nos han criticado, entre ellos abogados, por habernos manifestado en contra de la invasi\u00f3n de productos chinos en la localidad, est\u00e1n en su derecho de hacerlo, pero tambi\u00e9n nosotros estamos en nuestro derecho de oponernos para que prevalezcan nuestros peque\u00f1os comercios, que son el medio de subsistencia propia y familiar\u201d.<\/p>\n\n\n\n<p>Lo anterior, fue expresado por Nereo Ram\u00edrez Mart\u00ednez, socio de la Uni\u00f3n de Comerciantes Locatarios y Ambulantes (UCLA), quien agreg\u00f3, \u201clos empresarios de la Rep\u00fablica de China que vienen a invadirlos, son propietarios de grandes consorcios y a nosotros como due\u00f1os de peque\u00f1os negocios nos van a afectar, nos van a aplastar y desaparecer del rubro comercial\u201d.<\/p>\n\n\n\n<p>La sociedad -acentu\u00f3-, debe comprendernos y tenernos consideraci\u00f3n, nosotros vamos al d\u00eda, tenemos que procurar de nuestros negocios el sustento familiar, vivimos del peque\u00f1o comercio y ellos son grandes empresarios, por lo que creo que no estamos mal al manifestarnos, como quienes est\u00e1n opinando en nuestra contra.<\/p>\n\n\n\n<p>Reiter\u00f3 que est\u00e1n cuidando sus propios negocios, sus fuentes de empleo, que han logrado con trabajo honesto, incluso con el riesgo de sufrir un accidente cuando van por mercanc\u00eda a la Ciudad de M\u00e9xico, de que los asalten o los extorsionen las mismas autoridades.<\/p>\n\n\n\n<p>Para finalizar, Ram\u00edrez Mart\u00ednez coment\u00f3 que, posterior a haberse manifestado el pasado mi\u00e9rcoles en el ayuntamiento, hasta la fecha no han tenido ninguna platica con el presidente municipal para llegar a un acuerdo, \u201cprotestamos de manera pac\u00edfica, no como otros que tapan carreteras y agreden a funcionarios\u201d.<\/p>\n\n\n\n<p><\/p>\n","protected":false},"excerpt":{"rendered":"<p>Por Salvador Altamirano\/Zunoticia Huejutla, Hgo.- \u201cLas personas que nos han criticado, entre ellos abogados, por habernos manifestado en contra de la invasi\u00f3n de productos chinos en la localidad, est\u00e1n en su derecho de hacerlo, pero tambi\u00e9n nosotros estamos en nuestro derecho de oponernos para que prevalezcan nuestros peque\u00f1os comercios, que son el medio de subsistencia&hellip; <a class=\"more-link\" href=\"https:\/\/www.zunoticia.com\/noticias-de-hidalgo\/2023\/12\/01\/estamos-en-nuestro-derecho-de-manifestarnos-nereo-ramirez\/\">Seguir leyendo <span class=\"screen-reader-text\">Estamos en nuestro derecho de manifestarnos: Nereo Ram\u00edrez<\/span><\/a><\/p>\n","protected":false},"author":20,"featured_media":516203,"comment_status":"open","ping_status":"open","sticky":false,"template":"","format":"standard","meta":{"rop_custom_images_group":[],"rop_custom_messages_group":[],"rop_publish_now":"initial","rop_publish_now_accounts":{"facebook_10159540855086992_322828327761733":""},"rop_publish_now_history":[],"rop_publish_now_status":"pending","footnotes":""},"categories":[181],"tags":[121],"class_list":["post-516202","post","type-post","status-publish","format-standard","has-post-thumbnail","hentry","category-huejutla","tag-huejutla","entry"],"_links":{"self":[{"href":"https:\/\/www.zunoticia.com\/noticias-de-hidalgo\/wp-json\/wp\/v2\/posts\/516202","targetHints":{"allow":["GET"]}}],"collection":[{"href":"https:\/\/www.zunoticia.com\/noticias-de-hidalgo\/wp-json\/wp\/v2\/posts"}],"about":[{"href":"https:\/\/www.zunoticia.com\/noticias-de-hidalgo\/wp-json\/wp\/v2\/types\/post"}],"author":[{"embeddable":true,"href":"https:\/\/www.zunoticia.com\/noticias-de-hidalgo\/wp-json\/wp\/v2\/users\/20"}],"replies":[{"embeddable":true,"href":"https:\/\/www.zunoticia.com\/noticias-de-hidalgo\/wp-json\/wp\/v2\/comments?post=516202"}],"version-history":[{"count":2,"href":"https:\/\/www.zunoticia.com\/noticias-de-hidalgo\/wp-json\/wp\/v2\/posts\/516202\/revisions"}],"predecessor-version":[{"id":516205,"href":"https:\/\/www.zunoticia.com\/noticias-de-hidalgo\/wp-json\/wp\/v2\/posts\/516202\/revisions\/516205"}],"wp:featuredmedia":[{"embeddable":true,"href":"https:\/\/www.zunoticia.com\/noticias-de-hidalgo\/wp-json\/wp\/v2\/media\/516203"}],"wp:attachment":[{"href":"https:\/\/www.zunoticia.com\/noticias-de-hidalgo\/wp-json\/wp\/v2\/media?parent=516202"}],"wp:term":[{"taxonomy":"category","embeddable":true,"href":"https:\/\/www.zunoticia.com\/noticias-de-hidalgo\/wp-json\/wp\/v2\/categories?post=516202"},{"taxonomy":"post_tag","embeddable":true,"href":"https:\/\/www.zunoticia.com\/noticias-de-hidalgo\/wp-json\/wp\/v2\/tags?post=516202"}],"curies":[{"name":"wp","href":"https:\/\/api.w.org\/{rel}","templated":true}]}}