{"id":516251,"date":"2023-12-01T17:43:05","date_gmt":"2023-12-01T23:43:05","guid":{"rendered":"https:\/\/www.zunoticia.com\/noticias-de-hidalgo\/?p=516251"},"modified":"2023-12-01T17:43:06","modified_gmt":"2023-12-01T23:43:06","slug":"huitzitzilingo-sin-servicio-de-agua-piden-apoyo-a-la-alcaldia","status":"publish","type":"post","link":"https:\/\/www.zunoticia.com\/noticias-de-hidalgo\/2023\/12\/01\/huitzitzilingo-sin-servicio-de-agua-piden-apoyo-a-la-alcaldia\/","title":{"rendered":"Huitzitzilingo sin servicio de agua, piden apoyo a la alcald\u00eda"},"content":{"rendered":"<aside class=\"mashsb-container mashsb-main mashsb-stretched\"><div class=\"mashsb-box\"><div class=\"mashsb-count mash-large\" style=\"float:left\"><div class=\"counts mashsbcount\">35<\/div><span class=\"mashsb-sharetext\">SHARES<\/span><\/div><div class=\"mashsb-buttons\"><a class=\"mashicon-facebook mash-large mash-center mashsb-noshadow\" href=\"https:\/\/www.facebook.com\/sharer.php?u=https%3A%2F%2Fwww.zunoticia.com%2Fnoticias-de-hidalgo%2F2023%2F12%2F01%2Fhuitzitzilingo-sin-servicio-de-agua-piden-apoyo-a-la-alcaldia%2F\" target=\"_top\" rel=\"nofollow\"><span class=\"icon\"><\/span><span class=\"text\">Share<\/span><\/a><a class=\"mashicon-twitter mash-large mash-center mashsb-noshadow\" href=\"https:\/\/twitter.com\/intent\/tweet?text=&amp;url=https:\/\/www.zunoticia.com\/noticias-de-hidalgo\/2023\/12\/01\/huitzitzilingo-sin-servicio-de-agua-piden-apoyo-a-la-alcaldia\/\" target=\"_top\" rel=\"nofollow\"><span class=\"icon\"><\/span><span class=\"text\">Tweet<\/span><\/a><div class=\"onoffswitch2 mash-large mashsb-noshadow\" style=\"display:none\"><\/div><\/div>\n            <\/div>\n                <div style=\"clear:both\"><\/div><div class=\"mashsb-toggle-container\"><\/div><\/aside>\n            <!-- Share buttons by mashshare.net - Version: 4.0.47-->\n<p><em>Por \u00c1ngel Silverio \/Zunoticia<\/em><\/p>\n\n\n\n<p><strong>San Felipe Orizatl\u00e1n, Hgo<\/strong>. &#8211; Vecinos de la delegaci\u00f3n de Huitzitzilingo, hacen el llamado a las autoridades municipales para que los apoyen con pipas de agua, ya que llevan casi una semana sin contar con el vital l\u00edquido, debido a una falla en el sistema que abastece a la comunidad y los pozos del lugar se est\u00e1n quedando sin agua.<\/p>\n\n\n\n<p>De acuerdo con lo mencionado por los vecinos del lugar, llevan m\u00e1s de una semana sin contar con agua en sus hogares, debido a una falla que se report\u00f3 en el sistema y a pesar de que ya se le est\u00e1 atendiendo, se inform\u00f3 que permanecer\u00e1n m\u00e1s d\u00edas sin agua.<\/p>\n\n\n\n<p>&#8220;Pedimos a las autoridades municipales, a la presidenta Erika Saab que atienda este llamado, que nos manden pipas con agua; ya no hay agua ni para las tareas dom\u00e9sticas, hemos estado acarreando agua de los pozos, pero se est\u00e1n quedando sin agua porque somos muchos los que habitamos aqu\u00ed, ojal\u00e1 que no nos ignoren &#8221; indic\u00f3 Laura Hern\u00e1ndez.<\/p>\n\n\n\n<p>Cabe hacer menci\u00f3n que hace unos d\u00edas, vecinos del lugar acudieron a hacer faena en el sistema de agua, sin embargo, hasta el momento siguen sin el vital l\u00edquido, por eso urgen a las autoridades que atiendan esta situaci\u00f3n, ya que hay quienes est\u00e1n vendiendo el agua de otros lados, pero a precios altos.<\/p>\n","protected":false},"excerpt":{"rendered":"<p>Por \u00c1ngel Silverio \/Zunoticia San Felipe Orizatl\u00e1n, Hgo. &#8211; Vecinos de la delegaci\u00f3n de Huitzitzilingo, hacen el llamado a las autoridades municipales para que los apoyen con pipas de agua, ya que llevan casi una semana sin contar con el vital l\u00edquido, debido a una falla en el sistema que abastece a la comunidad y&hellip; <a class=\"more-link\" href=\"https:\/\/www.zunoticia.com\/noticias-de-hidalgo\/2023\/12\/01\/huitzitzilingo-sin-servicio-de-agua-piden-apoyo-a-la-alcaldia\/\">Seguir leyendo <span class=\"screen-reader-text\">Huitzitzilingo sin servicio de agua, piden apoyo a la alcald\u00eda<\/span><\/a><\/p>\n","protected":false},"author":20,"featured_media":516252,"comment_status":"open","ping_status":"open","sticky":false,"template":"","format":"standard","meta":{"rop_custom_images_group":[],"rop_custom_messages_group":[],"rop_publish_now":"initial","rop_publish_now_accounts":{"facebook_10159540855086992_322828327761733":""},"rop_publish_now_history":[],"rop_publish_now_status":"pending","footnotes":""},"categories":[179,180],"tags":[229,129],"class_list":["post-516251","post","type-post","status-publish","format-standard","has-post-thumbnail","hentry","category-huasteca","category-orizatlan","tag-huasteca","tag-orizatlan","entry"],"_links":{"self":[{"href":"https:\/\/www.zunoticia.com\/noticias-de-hidalgo\/wp-json\/wp\/v2\/posts\/516251","targetHints":{"allow":["GET"]}}],"collection":[{"href":"https:\/\/www.zunoticia.com\/noticias-de-hidalgo\/wp-json\/wp\/v2\/posts"}],"about":[{"href":"https:\/\/www.zunoticia.com\/noticias-de-hidalgo\/wp-json\/wp\/v2\/types\/post"}],"author":[{"embeddable":true,"href":"https:\/\/www.zunoticia.com\/noticias-de-hidalgo\/wp-json\/wp\/v2\/users\/20"}],"replies":[{"embeddable":true,"href":"https:\/\/www.zunoticia.com\/noticias-de-hidalgo\/wp-json\/wp\/v2\/comments?post=516251"}],"version-history":[{"count":1,"href":"https:\/\/www.zunoticia.com\/noticias-de-hidalgo\/wp-json\/wp\/v2\/posts\/516251\/revisions"}],"predecessor-version":[{"id":516253,"href":"https:\/\/www.zunoticia.com\/noticias-de-hidalgo\/wp-json\/wp\/v2\/posts\/516251\/revisions\/516253"}],"wp:featuredmedia":[{"embeddable":true,"href":"https:\/\/www.zunoticia.com\/noticias-de-hidalgo\/wp-json\/wp\/v2\/media\/516252"}],"wp:attachment":[{"href":"https:\/\/www.zunoticia.com\/noticias-de-hidalgo\/wp-json\/wp\/v2\/media?parent=516251"}],"wp:term":[{"taxonomy":"category","embeddable":true,"href":"https:\/\/www.zunoticia.com\/noticias-de-hidalgo\/wp-json\/wp\/v2\/categories?post=516251"},{"taxonomy":"post_tag","embeddable":true,"href":"https:\/\/www.zunoticia.com\/noticias-de-hidalgo\/wp-json\/wp\/v2\/tags?post=516251"}],"curies":[{"name":"wp","href":"https:\/\/api.w.org\/{rel}","templated":true}]}}