{"id":516293,"date":"2023-12-01T19:45:55","date_gmt":"2023-12-02T01:45:55","guid":{"rendered":"https:\/\/www.zunoticia.com\/noticias-de-hidalgo\/?p=516293"},"modified":"2023-12-01T19:45:56","modified_gmt":"2023-12-02T01:45:56","slug":"sin-esclarecer-crimen-de-vecino-de-tepexicuicuil","status":"publish","type":"post","link":"https:\/\/www.zunoticia.com\/noticias-de-hidalgo\/2023\/12\/01\/sin-esclarecer-crimen-de-vecino-de-tepexicuicuil\/","title":{"rendered":"Sin esclarecer crimen de vecino de Tepexicuicuil"},"content":{"rendered":"<aside class=\"mashsb-container mashsb-main mashsb-stretched\"><div class=\"mashsb-box\"><div class=\"mashsb-count mash-large\" style=\"float:left\"><div class=\"counts mashsbcount\">33<\/div><span class=\"mashsb-sharetext\">SHARES<\/span><\/div><div class=\"mashsb-buttons\"><a class=\"mashicon-facebook mash-large mash-center mashsb-noshadow\" href=\"https:\/\/www.facebook.com\/sharer.php?u=https%3A%2F%2Fwww.zunoticia.com%2Fnoticias-de-hidalgo%2F2023%2F12%2F01%2Fsin-esclarecer-crimen-de-vecino-de-tepexicuicuil%2F\" target=\"_top\" rel=\"nofollow\"><span class=\"icon\"><\/span><span class=\"text\">Share<\/span><\/a><a class=\"mashicon-twitter mash-large mash-center mashsb-noshadow\" href=\"https:\/\/twitter.com\/intent\/tweet?text=&amp;url=https:\/\/www.zunoticia.com\/noticias-de-hidalgo\/2023\/12\/01\/sin-esclarecer-crimen-de-vecino-de-tepexicuicuil\/\" target=\"_top\" rel=\"nofollow\"><span class=\"icon\"><\/span><span class=\"text\">Tweet<\/span><\/a><div class=\"onoffswitch2 mash-large mashsb-noshadow\" style=\"display:none\"><\/div><\/div>\n            <\/div>\n                <div style=\"clear:both\"><\/div><div class=\"mashsb-toggle-container\"><\/div><\/aside>\n            <!-- Share buttons by mashshare.net - Version: 4.0.47-->\n<p>\u2022Familiares de la v\u00edctima exigen justicia, ya que los presuntos responsables del homicidio siguen pr\u00f3fugos.<\/p>\n\n\n\n<p><em>Por Francisco Rosas\/Zunoticia<\/em><\/p>\n\n\n\n<p><strong>Huejutla, Hgo<\/strong>.-\u00a0A m\u00e1s de cuatro meses del asesinato de Marcelino H. H, vecino de la localidad de Tepexicuicuil, municipio de Jaltoc\u00e1n, quien perdi\u00f3 la vida luego de ser lesionado con un arma blanca (cuchillo), el caso sigue impune, ya que los presuntos responsables del crimen siguen pr\u00f3fugos.<\/p>\n\n\n\n<p>Como se dio a conocer en su momento, la v\u00edctima del mortal atentado de 52 a\u00f1os fue agredida la madrugada del 22 de julio del a\u00f1o en curso, en una de las calles de la localidad de Tepexicuicuil, y a\u00fan con vida, lo trasladaron al Hospital Regional de la Huasteca Hidalguense.<\/p>\n\n\n\n<p>Sin embargo, debido a la gravedad de las heridas que le provocaron las siete pu\u00f1aladas que le asestaron en diversas partes del cuerpo, el 8 de agosto, lamentablemente falleci\u00f3.<\/p>\n\n\n\n<p>Familiares del occiso, refieren que no hay avances en las investigaciones del caso, motivo por el cual exigen la intervenci\u00f3n del Gobernador del estado, Julio Ram\u00f3n Menchaca Salazar y del Procurador General de Justicia del Estado de Hidalgo (PGJEH), Santiago Nieto Castillo, para que detengan y apliquen todo el peso de la ley a los presuntos responsables del homicidio, quienes est\u00e1n plenamente identificados, mismos que contin\u00faan pr\u00f3fugos de la justicia.<\/p>\n\n\n\n<p><br><\/p>\n\n\n\n<figure class=\"wp-block-image size-full\"><img decoding=\"async\" src=\"https:\/\/www.zunoticia.com\/noticias-de-hidalgo\/wp-content\/uploads\/2023\/12\/WhatsApp-Image-2023-12-01-at-19.15.18.jpeg\" alt=\"\" class=\"wp-image-516295\"\/><\/figure>\n","protected":false},"excerpt":{"rendered":"<p>\u2022Familiares de la v\u00edctima exigen justicia, ya que los presuntos responsables del homicidio siguen pr\u00f3fugos. Por Francisco Rosas\/Zunoticia Huejutla, Hgo.-\u00a0A m\u00e1s de cuatro meses del asesinato de Marcelino H. H, vecino de la localidad de Tepexicuicuil, municipio de Jaltoc\u00e1n, quien perdi\u00f3 la vida luego de ser lesionado con un arma blanca (cuchillo), el caso sigue&hellip; <a class=\"more-link\" href=\"https:\/\/www.zunoticia.com\/noticias-de-hidalgo\/2023\/12\/01\/sin-esclarecer-crimen-de-vecino-de-tepexicuicuil\/\">Seguir leyendo <span class=\"screen-reader-text\">Sin esclarecer crimen de vecino de Tepexicuicuil<\/span><\/a><\/p>\n","protected":false},"author":20,"featured_media":0,"comment_status":"open","ping_status":"open","sticky":false,"template":"","format":"standard","meta":{"rop_custom_images_group":[],"rop_custom_messages_group":[],"rop_publish_now":"initial","rop_publish_now_accounts":{"facebook_10159540855086992_322828327761733":""},"rop_publish_now_history":[],"rop_publish_now_status":"pending","footnotes":""},"categories":[178],"tags":[259],"class_list":["post-516293","post","type-post","status-publish","format-standard","hentry","category-policiaca","tag-policiaca","entry"],"_links":{"self":[{"href":"https:\/\/www.zunoticia.com\/noticias-de-hidalgo\/wp-json\/wp\/v2\/posts\/516293","targetHints":{"allow":["GET"]}}],"collection":[{"href":"https:\/\/www.zunoticia.com\/noticias-de-hidalgo\/wp-json\/wp\/v2\/posts"}],"about":[{"href":"https:\/\/www.zunoticia.com\/noticias-de-hidalgo\/wp-json\/wp\/v2\/types\/post"}],"author":[{"embeddable":true,"href":"https:\/\/www.zunoticia.com\/noticias-de-hidalgo\/wp-json\/wp\/v2\/users\/20"}],"replies":[{"embeddable":true,"href":"https:\/\/www.zunoticia.com\/noticias-de-hidalgo\/wp-json\/wp\/v2\/comments?post=516293"}],"version-history":[{"count":1,"href":"https:\/\/www.zunoticia.com\/noticias-de-hidalgo\/wp-json\/wp\/v2\/posts\/516293\/revisions"}],"predecessor-version":[{"id":516296,"href":"https:\/\/www.zunoticia.com\/noticias-de-hidalgo\/wp-json\/wp\/v2\/posts\/516293\/revisions\/516296"}],"wp:attachment":[{"href":"https:\/\/www.zunoticia.com\/noticias-de-hidalgo\/wp-json\/wp\/v2\/media?parent=516293"}],"wp:term":[{"taxonomy":"category","embeddable":true,"href":"https:\/\/www.zunoticia.com\/noticias-de-hidalgo\/wp-json\/wp\/v2\/categories?post=516293"},{"taxonomy":"post_tag","embeddable":true,"href":"https:\/\/www.zunoticia.com\/noticias-de-hidalgo\/wp-json\/wp\/v2\/tags?post=516293"}],"curies":[{"name":"wp","href":"https:\/\/api.w.org\/{rel}","templated":true}]}}