{"id":516300,"date":"2023-12-01T19:53:00","date_gmt":"2023-12-02T01:53:00","guid":{"rendered":"https:\/\/www.zunoticia.com\/noticias-de-hidalgo\/?p=516300"},"modified":"2023-12-01T19:53:01","modified_gmt":"2023-12-02T01:53:01","slug":"miriam-guadalupe-se-registro-por-la-candidatura-de-morena","status":"publish","type":"post","link":"https:\/\/www.zunoticia.com\/noticias-de-hidalgo\/2023\/12\/01\/miriam-guadalupe-se-registro-por-la-candidatura-de-morena\/","title":{"rendered":"M\u00edriam Guadalupe se registr\u00f3 por la candidatura de Morena"},"content":{"rendered":"<aside class=\"mashsb-container mashsb-main mashsb-stretched\"><div class=\"mashsb-box\"><div class=\"mashsb-count mash-large\" style=\"float:left\"><div class=\"counts mashsbcount\">36<\/div><span class=\"mashsb-sharetext\">SHARES<\/span><\/div><div class=\"mashsb-buttons\"><a class=\"mashicon-facebook mash-large mash-center mashsb-noshadow\" href=\"https:\/\/www.facebook.com\/sharer.php?u=https%3A%2F%2Fwww.zunoticia.com%2Fnoticias-de-hidalgo%2F2023%2F12%2F01%2Fmiriam-guadalupe-se-registro-por-la-candidatura-de-morena%2F\" target=\"_top\" rel=\"nofollow\"><span class=\"icon\"><\/span><span class=\"text\">Share<\/span><\/a><a class=\"mashicon-twitter mash-large mash-center mashsb-noshadow\" href=\"https:\/\/twitter.com\/intent\/tweet?text=&amp;url=https:\/\/www.zunoticia.com\/noticias-de-hidalgo\/2023\/12\/01\/miriam-guadalupe-se-registro-por-la-candidatura-de-morena\/\" target=\"_top\" rel=\"nofollow\"><span class=\"icon\"><\/span><span class=\"text\">Tweet<\/span><\/a><div class=\"onoffswitch2 mash-large mashsb-noshadow\" style=\"display:none\"><\/div><\/div>\n            <\/div>\n                <div style=\"clear:both\"><\/div><div class=\"mashsb-toggle-container\"><\/div><\/aside>\n            <!-- Share buttons by mashshare.net - Version: 4.0.47-->\n<p><em>Por \u00c1ngel Silverio\/Zunoticia<\/em><\/p>\n\n\n\n<p><strong>San Felipe Orizatl\u00e1n, Hgo.<\/strong>&#8211; Miriam Guadalupe Barrios Aguilar, conocida l\u00edder pol\u00edtica en este municipio, present\u00f3 su registro en d\u00edas pasados para ser parte del proceso interno de Morena, donde se habr\u00e1 de elegir al pr\u00f3ximo candidato a la presidencia municipal, sum\u00e1ndose as\u00ed, a la lista de m\u00e1s de 10 aspirantes.<\/p>\n\n\n\n<p>Entrevistada al respecto, se\u00f1al\u00f3 &#8211; &#8220;Me registr\u00e9 hace unos d\u00edas en l\u00ednea, por el Partido Morena apegados a los lineamientos que marca, muy contenta por el respaldo que me brinda el equipo MR, con todos los amigos que hemos venido trabajando este proyecto y con nuestro amigo Manuel Rivera Fern\u00e1ndez, donde hemos tenido presencia en todo el municipio&#8221;, puntualiz\u00f3.<\/p>\n\n\n\n<p>En este sentido dijo sentirse contenta y con respaldo, &#8211; &#8220;Muy contentos por el respaldo que nos ha dado la gente en las comunidades, sin duda, es gracias al trabajo que hemos venido realizando desde hace mucho tiempo, de la mano de Manuel, nuestro registro obedece a la equidad de g\u00e9nero, y bueno, esperamos los tiempos nada m\u00e1s&#8221;.<\/p>\n\n\n\n<p>A\u00f1adi\u00f3 que, lo que m\u00e1s la ha motivado a participar son las ganas de seguir con la transformaci\u00f3n, &#8211; &#8220;Tenemos que abonar y que siga la transformaci\u00f3n de nuestro municipio, que mucha falta le hace, y el equipo que nos viene respaldado desde hace mucho tiempo atr\u00e1s est\u00e1 dispuesto a trabajar para ello&#8221;.<\/p>\n","protected":false},"excerpt":{"rendered":"<p>Por \u00c1ngel Silverio\/Zunoticia San Felipe Orizatl\u00e1n, Hgo.&#8211; Miriam Guadalupe Barrios Aguilar, conocida l\u00edder pol\u00edtica en este municipio, present\u00f3 su registro en d\u00edas pasados para ser parte del proceso interno de Morena, donde se habr\u00e1 de elegir al pr\u00f3ximo candidato a la presidencia municipal, sum\u00e1ndose as\u00ed, a la lista de m\u00e1s de 10 aspirantes. Entrevistada al&hellip; <a class=\"more-link\" href=\"https:\/\/www.zunoticia.com\/noticias-de-hidalgo\/2023\/12\/01\/miriam-guadalupe-se-registro-por-la-candidatura-de-morena\/\">Seguir leyendo <span class=\"screen-reader-text\">M\u00edriam Guadalupe se registr\u00f3 por la candidatura de Morena<\/span><\/a><\/p>\n","protected":false},"author":20,"featured_media":0,"comment_status":"open","ping_status":"open","sticky":false,"template":"","format":"standard","meta":{"rop_custom_images_group":[],"rop_custom_messages_group":[],"rop_publish_now":"initial","rop_publish_now_accounts":{"facebook_10159540855086992_322828327761733":""},"rop_publish_now_history":[],"rop_publish_now_status":"pending","footnotes":""},"categories":[179,180],"tags":[229,129],"class_list":["post-516300","post","type-post","status-publish","format-standard","hentry","category-huasteca","category-orizatlan","tag-huasteca","tag-orizatlan","entry"],"_links":{"self":[{"href":"https:\/\/www.zunoticia.com\/noticias-de-hidalgo\/wp-json\/wp\/v2\/posts\/516300","targetHints":{"allow":["GET"]}}],"collection":[{"href":"https:\/\/www.zunoticia.com\/noticias-de-hidalgo\/wp-json\/wp\/v2\/posts"}],"about":[{"href":"https:\/\/www.zunoticia.com\/noticias-de-hidalgo\/wp-json\/wp\/v2\/types\/post"}],"author":[{"embeddable":true,"href":"https:\/\/www.zunoticia.com\/noticias-de-hidalgo\/wp-json\/wp\/v2\/users\/20"}],"replies":[{"embeddable":true,"href":"https:\/\/www.zunoticia.com\/noticias-de-hidalgo\/wp-json\/wp\/v2\/comments?post=516300"}],"version-history":[{"count":1,"href":"https:\/\/www.zunoticia.com\/noticias-de-hidalgo\/wp-json\/wp\/v2\/posts\/516300\/revisions"}],"predecessor-version":[{"id":516302,"href":"https:\/\/www.zunoticia.com\/noticias-de-hidalgo\/wp-json\/wp\/v2\/posts\/516300\/revisions\/516302"}],"wp:attachment":[{"href":"https:\/\/www.zunoticia.com\/noticias-de-hidalgo\/wp-json\/wp\/v2\/media?parent=516300"}],"wp:term":[{"taxonomy":"category","embeddable":true,"href":"https:\/\/www.zunoticia.com\/noticias-de-hidalgo\/wp-json\/wp\/v2\/categories?post=516300"},{"taxonomy":"post_tag","embeddable":true,"href":"https:\/\/www.zunoticia.com\/noticias-de-hidalgo\/wp-json\/wp\/v2\/tags?post=516300"}],"curies":[{"name":"wp","href":"https:\/\/api.w.org\/{rel}","templated":true}]}}