{"id":516331,"date":"2023-12-01T21:01:32","date_gmt":"2023-12-02T03:01:32","guid":{"rendered":"https:\/\/www.zunoticia.com\/noticias-de-hidalgo\/?p=516331"},"modified":"2023-12-01T21:01:33","modified_gmt":"2023-12-02T03:01:33","slug":"le-desfiguraron-el-rostro-con-un-envase-de-vidrio","status":"publish","type":"post","link":"https:\/\/www.zunoticia.com\/noticias-de-hidalgo\/2023\/12\/01\/le-desfiguraron-el-rostro-con-un-envase-de-vidrio\/","title":{"rendered":"Le desfiguraron el rostro con un envase de vidrio"},"content":{"rendered":"<aside class=\"mashsb-container mashsb-main mashsb-stretched\"><div class=\"mashsb-box\"><div class=\"mashsb-count mash-large\" style=\"float:left\"><div class=\"counts mashsbcount\">22<\/div><span class=\"mashsb-sharetext\">SHARES<\/span><\/div><div class=\"mashsb-buttons\"><a class=\"mashicon-facebook mash-large mash-center mashsb-noshadow\" href=\"https:\/\/www.facebook.com\/sharer.php?u=https%3A%2F%2Fwww.zunoticia.com%2Fnoticias-de-hidalgo%2F2023%2F12%2F01%2Fle-desfiguraron-el-rostro-con-un-envase-de-vidrio%2F\" target=\"_top\" rel=\"nofollow\"><span class=\"icon\"><\/span><span class=\"text\">Share<\/span><\/a><a class=\"mashicon-twitter mash-large mash-center mashsb-noshadow\" href=\"https:\/\/twitter.com\/intent\/tweet?text=&amp;url=https:\/\/www.zunoticia.com\/noticias-de-hidalgo\/2023\/12\/01\/le-desfiguraron-el-rostro-con-un-envase-de-vidrio\/\" target=\"_top\" rel=\"nofollow\"><span class=\"icon\"><\/span><span class=\"text\">Tweet<\/span><\/a><div class=\"onoffswitch2 mash-large mashsb-noshadow\" style=\"display:none\"><\/div><\/div>\n            <\/div>\n                <div style=\"clear:both\"><\/div><div class=\"mashsb-toggle-container\"><\/div><\/aside>\n            <!-- Share buttons by mashshare.net - Version: 4.0.47-->\n<p><em>Por Francisco Rosas\/Zunoticia<\/em><\/p>\n\n\n\n<p><strong>Huejutla, Hgo.-<\/strong> Un joven quien fue salvajemente golpeado por desconocidos, le desfiguraron el rostro con un envase de vidrio roto que le ocasion\u00f3 una profunda herida.<\/p>\n\n\n\n<p>La v\u00edctima de la agresi\u00f3n f\u00edsica de nombre \u00d3scar N., de 29 a\u00f1os de edad, es empleado de la Central de Abastos de esta ciudad; de acuerdo con los datos recabados, los hechos sucedieron luego de que el afectado junto con un compa\u00f1ero de trabajo, se fue a tomar unas cervezas en un negocio ubicado a unos metros de su centro de trabajo, donde personas desconocidas que al parecer estuvieron peleando con botellas, uno de ellos probablemente lo confundi\u00f3 y lesion\u00f3.<\/p>\n\n\n\n<p>El hombre relat\u00f3 que estaba tomando con un amigo, entonces se acerc\u00f3 un joven con un envase de vidrio roto en la mano y cuando reaccion\u00f3 estaba sangrando en el rostro, motivo por el cual fue llevado al Hospital Regional de la Huasteca donde tuvieron que suturarle la herida con al menos 10 puntadas.<\/p>\n\n\n\n<p>El agraviado dijo que acudir\u00e1 a denunciar los hechos en la agencia del Ministerio P\u00fablico del Fuero Com\u00fan, debido a que atentaron contra su vida.<\/p>\n\n\n\n<p><\/p>\n","protected":false},"excerpt":{"rendered":"<p>Por Francisco Rosas\/Zunoticia Huejutla, Hgo.- Un joven quien fue salvajemente golpeado por desconocidos, le desfiguraron el rostro con un envase de vidrio roto que le ocasion\u00f3 una profunda herida. La v\u00edctima de la agresi\u00f3n f\u00edsica de nombre \u00d3scar N., de 29 a\u00f1os de edad, es empleado de la Central de Abastos de esta ciudad; de&hellip; <a class=\"more-link\" href=\"https:\/\/www.zunoticia.com\/noticias-de-hidalgo\/2023\/12\/01\/le-desfiguraron-el-rostro-con-un-envase-de-vidrio\/\">Seguir leyendo <span class=\"screen-reader-text\">Le desfiguraron el rostro con un envase de vidrio<\/span><\/a><\/p>\n","protected":false},"author":20,"featured_media":516332,"comment_status":"open","ping_status":"open","sticky":false,"template":"","format":"standard","meta":{"rop_custom_images_group":[],"rop_custom_messages_group":[],"rop_publish_now":"initial","rop_publish_now_accounts":{"facebook_10159540855086992_322828327761733":""},"rop_publish_now_history":[],"rop_publish_now_status":"pending","footnotes":""},"categories":[178],"tags":[259],"class_list":["post-516331","post","type-post","status-publish","format-standard","has-post-thumbnail","hentry","category-policiaca","tag-policiaca","entry"],"_links":{"self":[{"href":"https:\/\/www.zunoticia.com\/noticias-de-hidalgo\/wp-json\/wp\/v2\/posts\/516331","targetHints":{"allow":["GET"]}}],"collection":[{"href":"https:\/\/www.zunoticia.com\/noticias-de-hidalgo\/wp-json\/wp\/v2\/posts"}],"about":[{"href":"https:\/\/www.zunoticia.com\/noticias-de-hidalgo\/wp-json\/wp\/v2\/types\/post"}],"author":[{"embeddable":true,"href":"https:\/\/www.zunoticia.com\/noticias-de-hidalgo\/wp-json\/wp\/v2\/users\/20"}],"replies":[{"embeddable":true,"href":"https:\/\/www.zunoticia.com\/noticias-de-hidalgo\/wp-json\/wp\/v2\/comments?post=516331"}],"version-history":[{"count":1,"href":"https:\/\/www.zunoticia.com\/noticias-de-hidalgo\/wp-json\/wp\/v2\/posts\/516331\/revisions"}],"predecessor-version":[{"id":516333,"href":"https:\/\/www.zunoticia.com\/noticias-de-hidalgo\/wp-json\/wp\/v2\/posts\/516331\/revisions\/516333"}],"wp:featuredmedia":[{"embeddable":true,"href":"https:\/\/www.zunoticia.com\/noticias-de-hidalgo\/wp-json\/wp\/v2\/media\/516332"}],"wp:attachment":[{"href":"https:\/\/www.zunoticia.com\/noticias-de-hidalgo\/wp-json\/wp\/v2\/media?parent=516331"}],"wp:term":[{"taxonomy":"category","embeddable":true,"href":"https:\/\/www.zunoticia.com\/noticias-de-hidalgo\/wp-json\/wp\/v2\/categories?post=516331"},{"taxonomy":"post_tag","embeddable":true,"href":"https:\/\/www.zunoticia.com\/noticias-de-hidalgo\/wp-json\/wp\/v2\/tags?post=516331"}],"curies":[{"name":"wp","href":"https:\/\/api.w.org\/{rel}","templated":true}]}}