{"id":516338,"date":"2023-12-01T21:27:28","date_gmt":"2023-12-02T03:27:28","guid":{"rendered":"https:\/\/www.zunoticia.com\/noticias-de-hidalgo\/?p=516338"},"modified":"2023-12-01T21:27:30","modified_gmt":"2023-12-02T03:27:30","slug":"ine-hidalgo-instala-siete-consejos-distritales","status":"publish","type":"post","link":"https:\/\/www.zunoticia.com\/noticias-de-hidalgo\/2023\/12\/01\/ine-hidalgo-instala-siete-consejos-distritales\/","title":{"rendered":"INE Hidalgo instala siete Consejos Distritales"},"content":{"rendered":"<aside class=\"mashsb-container mashsb-main mashsb-stretched\"><div class=\"mashsb-box\"><div class=\"mashsb-count mash-large\" style=\"float:left\"><div class=\"counts mashsbcount\">65<\/div><span class=\"mashsb-sharetext\">SHARES<\/span><\/div><div class=\"mashsb-buttons\"><a class=\"mashicon-facebook mash-large mash-center mashsb-noshadow\" href=\"https:\/\/www.facebook.com\/sharer.php?u=https%3A%2F%2Fwww.zunoticia.com%2Fnoticias-de-hidalgo%2F2023%2F12%2F01%2Fine-hidalgo-instala-siete-consejos-distritales%2F\" target=\"_top\" rel=\"nofollow\"><span class=\"icon\"><\/span><span class=\"text\">Share<\/span><\/a><a class=\"mashicon-twitter mash-large mash-center mashsb-noshadow\" href=\"https:\/\/twitter.com\/intent\/tweet?text=&amp;url=https:\/\/www.zunoticia.com\/noticias-de-hidalgo\/2023\/12\/01\/ine-hidalgo-instala-siete-consejos-distritales\/\" target=\"_top\" rel=\"nofollow\"><span class=\"icon\"><\/span><span class=\"text\">Tweet<\/span><\/a><div class=\"onoffswitch2 mash-large mashsb-noshadow\" style=\"display:none\"><\/div><\/div>\n            <\/div>\n                <div style=\"clear:both\"><\/div><div class=\"mashsb-toggle-container\"><\/div><\/aside>\n            <!-- Share buttons by mashshare.net - Version: 4.0.47-->\n<ul class=\"wp-block-list\">\n<li>Las y los consejeros electorales distritales fueron designados y ratificados por el Consejo Local.<\/li>\n<\/ul>\n\n\n\n<p><em>Por Redacci\u00f3n\/Zunoticia<\/em><\/p>\n\n\n\n<p><strong>Pachuca, Hgo.-<\/strong> Hoy, a partir de las 11:00 horas, se instalaron los siete Consejos Distritales del Instituto Nacional Electoral en el estado de Hidalgo, \u00f3rganos de car\u00e1cter temporal integrados por ciudadanas y ciudadanos que vigilar\u00e1n cada una de las etapas del Proceso Electoral Federal 2023-2024, a fin de renovar la C\u00e1mara de Diputados, el Senado y la Presidencia de la Rep\u00fablica.<\/p>\n\n\n\n<p>Los Consejos Distritales se integran conforme a los previsto por la ley electoral federal por un presidente o presidenta y seis consejeras o consejeros electorales, as\u00ed como por las representaciones de los partidos pol\u00edticos y en su caso, candidaturas independientes.<\/p>\n\n\n\n<p>La integraci\u00f3n de los consejos distritales correspondientes a los distritos electorales federales qued\u00f3 integrado conforme a lo siguiente:<\/p>\n\n\n\n<h3 class=\"wp-block-heading\"><strong>DISTRITO 1 HUEJUTLA DE REYES<\/strong><\/h3>\n\n\n\n<figure class=\"wp-block-table\"><table><tbody><tr><td><strong>Nombre<\/strong><strong><\/strong><\/td><td><strong>Calidad<\/strong><strong><\/strong><\/td><\/tr><tr><td>Oscar \u00c1vila Aldana<\/td><td>Presidente<\/td><\/tr><tr><td>Liliana Hern\u00e1ndez Vite<\/td><td>Propietaria<\/td><\/tr><tr><td>Ricardo Santiago Flores Cruz<\/td><td>Propietario<\/td><\/tr><tr><td>Gregorio Alejo Zeferino<\/td><td>Propietario<\/td><\/tr><tr><td>M\u00e9lida Franco Franco<\/td><td>Propietaria<\/td><\/tr><tr><td>Leticia Rivera L\u00f3pez<\/td><td>Propietaria<\/td><\/tr><tr><td>Jorge Vicencio Hern\u00e1ndez<\/td><td>Propietario<\/td><\/tr><\/tbody><\/table><\/figure>\n\n\n\n<p><strong>DISTRITO 3 ACTOPAN<\/strong><strong><\/strong><\/p>\n\n\n\n<figure class=\"wp-block-table\"><table><tbody><tr><td><strong>Nombre<\/strong><strong><\/strong><\/td><td><strong>Calidad<\/strong><strong><\/strong><\/td><\/tr><tr><td>Daniel Larrieta Carrasco<\/td><td>Presidente<\/td><\/tr><tr><td>Jos\u00e9 Iv\u00e1n Aguilar Nepamuceno<\/td><td>Propietario<\/td><\/tr><tr><td>Juan Azpeitia Hern\u00e1ndez<\/td><td>Propietario<\/td><\/tr><tr><td>Blanca Rosa Pe\u00f1a Gonz\u00e1lez<\/td><td>Propietaria<\/td><\/tr><tr><td>M\u00f3nica Celeste G\u00f3mez Hern\u00e1ndez<\/td><td>Propietaria<\/td><\/tr><tr><td>Leticia M\u00e1rquez Y\u00e1\u00f1ez<\/td><td>Propietaria<\/td><\/tr><tr><td>Oscar Tapia Farf\u00e1n<\/td><td>Propietario<\/td><\/tr><\/tbody><\/table><\/figure>\n\n\n\n<p><strong>DISTRITO 2 IXMIQUILPAN<\/strong><\/p>\n\n\n\n<figure class=\"wp-block-table\"><table><tbody><tr><td><strong>Nombre<\/strong><strong><\/strong><\/td><td><strong>Calidad<\/strong><strong><\/strong><\/td><\/tr><tr><td>Francisco Javier Licona Dur\u00e1n<\/td><td>Presidente<strong><\/strong><\/td><\/tr><tr><td>Mar\u00eda Ang\u00e9lica Ventura Oro<\/td><td>Propietaria<\/td><\/tr><tr><td>Rogelio Jarillo Rebolledo<\/td><td>Propietario<\/td><\/tr><tr><td>Alicia Mart\u00ednez Garc\u00eda<\/td><td>Propietaria<\/td><\/tr><tr><td>Dar\u00edo Hern\u00e1ndez M\u00e9ndez<\/td><td>Propietario<\/td><\/tr><tr><td>Catalina Rafael Jim\u00e9nez<\/td><td>Propietaria<\/td><\/tr><tr><td>Rosendo Villegas Lugo<\/td><td>Propietario<\/td><\/tr><\/tbody><\/table><\/figure>\n\n\n\n<p><strong>DISTRITO 4 TULANCINGO DE BRAVO<\/strong><\/p>\n\n\n\n<figure class=\"wp-block-table\"><table><tbody><tr><td><strong>Nombre<\/strong><strong><\/strong><\/td><td><strong>Calidad<\/strong><strong><\/strong><\/td><\/tr><tr><td>Juan Antonio Reyes Trejo<\/td><td>Presidente<\/td><\/tr><tr><td>Vicente Hern\u00e1ndez Morales<\/td><td>Propietario<\/td><\/tr><tr><td>Irma Jackeline Arroyo Caro<\/td><td>Propietaria<\/td><\/tr><tr><td>Reyna Islas Ju\u00e1rez<\/td><td>Propietaria<\/td><\/tr><tr><td>Gabriel Mendoza Santill\u00e1n<\/td><td>Propietario<\/td><\/tr><tr><td>Omar Pe\u00f1aloza P\u00e9rez Julio<\/td><td>Propietario<\/td><\/tr><tr><td>Edith Rosas Vargas<\/td><td>Propietaria<\/td><\/tr><\/tbody><\/table><\/figure>\n\n\n\n<h3 class=\"wp-block-heading\"><strong>DISTRITO 5 TULA DE LLENDE<\/strong><\/h3>\n\n\n\n<figure class=\"wp-block-table\"><table><tbody><tr><td><strong>Nombre<\/strong><strong><\/strong><\/td><td><strong>Calidad<\/strong><strong><\/strong><\/td><\/tr><tr><td>Alberto Duarte Romero<\/td><td>Presidente<\/td><\/tr><tr><td>Mar\u00eda de los \u00c1ngeles Castillo Ram\u00edrez<\/td><td>Propietaria<\/td><\/tr><tr><td>Cipriano Garc\u00eda Cornejo<\/td><td>Propietario<\/td><\/tr><tr><td>Alma Delia R\u00edos Beltr\u00e1n<\/td><td>Propietaria<\/td><\/tr><tr><td>Beatriz Hern\u00e1ndez Vega<\/td><td>Propietaria<\/td><\/tr><tr><td>Guillermo Noble Monterrubio<\/td><td>Propietario<\/td><\/tr><tr><td>Felipe&nbsp;&nbsp;&nbsp;&nbsp;&nbsp;&nbsp; de&nbsp;&nbsp;&nbsp;&nbsp; Jes\u00fas Sep\u00falveda Hern\u00e1ndez<\/td><td>Propietario<\/td><\/tr><\/tbody><\/table><\/figure>\n\n\n\n<h3 class=\"wp-block-heading\"><strong>DISTRITO 7 TEPEAPULCO<\/strong><\/h3>\n\n\n\n<figure class=\"wp-block-table\"><table><tbody><tr><td><strong>Nombre<\/strong><strong><\/strong><\/td><td><strong>Calidad<\/strong><strong><\/strong><\/td><\/tr><tr><td>Arturo Tapia Mu\u00f1oz<\/td><td>Presidente<\/td><\/tr><tr><td>Marco Antonio Ju\u00e1rez Peralta<\/td><td>Propietario<\/td><\/tr><tr><td>Mart\u00edn Gerardo Meneses Vera<\/td><td>Propietario<\/td><\/tr><tr><td>Mar\u00eda de la Luz P\u00e9rez Becerril<\/td><td>Propietaria<\/td><\/tr><tr><td>Adriana Rangel Mendoza<\/td><td>Propietaria<\/td><\/tr><tr><td>Juan Carlos Rodr\u00edguez Carbajal<\/td><td>Propietario<\/td><\/tr><tr><td>Alma Ang\u00e9lica Rojo Fidel<\/td><td>Propietaria<\/td><\/tr><\/tbody><\/table><\/figure>\n\n\n\n<h3 class=\"wp-block-heading\"><strong>DISTRITO 6 PACHUCA DE SOTO<\/strong><\/h3>\n\n\n\n<figure class=\"wp-block-table\"><table><tbody><tr><td><strong>Nombre<\/strong><strong><\/strong><\/td><td><strong>Calidad<\/strong><strong><\/strong><\/td><\/tr><tr><td>Tom\u00e1s Aquino Mata Hern\u00e1ndez<\/td><td>Presidente<\/td><\/tr><tr><td>Miguel \u00c1ngel T\u00e9llez Casa\u00f1as<\/td><td>Propietario<\/td><\/tr><tr><td>Ger\u00f3nimo Pineda Escalante<\/td><td>Propietario<\/td><\/tr><tr><td>Laura Leyva Rodr\u00edguez<\/td><td>Propietaria<\/td><\/tr><tr><td>Noelia Arizb\u00e9 Granados Mendoza<\/td><td>Propietaria<\/td><\/tr><tr><td>Francisco&nbsp;&nbsp;&nbsp;&nbsp;&nbsp;&nbsp;&nbsp; Javier&nbsp;&nbsp;&nbsp;&nbsp;&nbsp;&nbsp;&nbsp; S\u00e1nchez M\u00e1rquez<\/td><td>Propietario<\/td><\/tr><tr><td>Martha Mar\u00eda Tr\u00e1paga Soto<\/td><td>Propietaria<\/td><\/tr><\/tbody><\/table><\/figure>\n\n\n\n<h3 class=\"wp-block-heading\"><strong>&nbsp;<\/strong><\/h3>\n\n\n\n<h3 class=\"wp-block-heading\"><strong>&nbsp;<\/strong><\/h3>\n\n\n\n<h3 class=\"wp-block-heading\"><strong>&nbsp;<\/strong><\/h3>\n","protected":false},"excerpt":{"rendered":"<p>Por Redacci\u00f3n\/Zunoticia Pachuca, Hgo.- Hoy, a partir de las 11:00 horas, se instalaron los siete Consejos Distritales del Instituto Nacional Electoral en el estado de Hidalgo, \u00f3rganos de car\u00e1cter temporal integrados por ciudadanas y ciudadanos que vigilar\u00e1n cada una de las etapas del Proceso Electoral Federal 2023-2024, a fin de renovar la C\u00e1mara de Diputados,&hellip; <a class=\"more-link\" href=\"https:\/\/www.zunoticia.com\/noticias-de-hidalgo\/2023\/12\/01\/ine-hidalgo-instala-siete-consejos-distritales\/\">Seguir leyendo <span class=\"screen-reader-text\">INE Hidalgo instala siete Consejos Distritales<\/span><\/a><\/p>\n","protected":false},"author":12,"featured_media":516336,"comment_status":"open","ping_status":"open","sticky":false,"template":"","format":"standard","meta":{"rop_custom_images_group":[],"rop_custom_messages_group":[],"rop_publish_now":"initial","rop_publish_now_accounts":{"facebook_10159540855086992_322828327761733":""},"rop_publish_now_history":[],"rop_publish_now_status":"pending","footnotes":""},"categories":[208],"tags":[214],"class_list":["post-516338","post","type-post","status-publish","format-standard","has-post-thumbnail","hentry","category-estado","tag-estado","entry"],"_links":{"self":[{"href":"https:\/\/www.zunoticia.com\/noticias-de-hidalgo\/wp-json\/wp\/v2\/posts\/516338","targetHints":{"allow":["GET"]}}],"collection":[{"href":"https:\/\/www.zunoticia.com\/noticias-de-hidalgo\/wp-json\/wp\/v2\/posts"}],"about":[{"href":"https:\/\/www.zunoticia.com\/noticias-de-hidalgo\/wp-json\/wp\/v2\/types\/post"}],"author":[{"embeddable":true,"href":"https:\/\/www.zunoticia.com\/noticias-de-hidalgo\/wp-json\/wp\/v2\/users\/12"}],"replies":[{"embeddable":true,"href":"https:\/\/www.zunoticia.com\/noticias-de-hidalgo\/wp-json\/wp\/v2\/comments?post=516338"}],"version-history":[{"count":1,"href":"https:\/\/www.zunoticia.com\/noticias-de-hidalgo\/wp-json\/wp\/v2\/posts\/516338\/revisions"}],"predecessor-version":[{"id":516340,"href":"https:\/\/www.zunoticia.com\/noticias-de-hidalgo\/wp-json\/wp\/v2\/posts\/516338\/revisions\/516340"}],"wp:featuredmedia":[{"embeddable":true,"href":"https:\/\/www.zunoticia.com\/noticias-de-hidalgo\/wp-json\/wp\/v2\/media\/516336"}],"wp:attachment":[{"href":"https:\/\/www.zunoticia.com\/noticias-de-hidalgo\/wp-json\/wp\/v2\/media?parent=516338"}],"wp:term":[{"taxonomy":"category","embeddable":true,"href":"https:\/\/www.zunoticia.com\/noticias-de-hidalgo\/wp-json\/wp\/v2\/categories?post=516338"},{"taxonomy":"post_tag","embeddable":true,"href":"https:\/\/www.zunoticia.com\/noticias-de-hidalgo\/wp-json\/wp\/v2\/tags?post=516338"}],"curies":[{"name":"wp","href":"https:\/\/api.w.org\/{rel}","templated":true}]}}