{"id":516404,"date":"2023-12-03T03:44:27","date_gmt":"2023-12-03T09:44:27","guid":{"rendered":"https:\/\/www.zunoticia.com\/noticias-de-hidalgo\/?p=516404"},"modified":"2023-12-03T03:44:29","modified_gmt":"2023-12-03T09:44:29","slug":"denunciaran-policias-por-detencion-ilegal","status":"publish","type":"post","link":"https:\/\/www.zunoticia.com\/noticias-de-hidalgo\/2023\/12\/03\/denunciaran-policias-por-detencion-ilegal\/","title":{"rendered":"Denunciar\u00e1n polic\u00edas\u00a0 por detenci\u00f3n Ilegal"},"content":{"rendered":"<aside class=\"mashsb-container mashsb-main mashsb-stretched\"><div class=\"mashsb-box\"><div class=\"mashsb-count mash-large\" style=\"float:left\"><div class=\"counts mashsbcount\">34<\/div><span class=\"mashsb-sharetext\">SHARES<\/span><\/div><div class=\"mashsb-buttons\"><a class=\"mashicon-facebook mash-large mash-center mashsb-noshadow\" href=\"https:\/\/www.facebook.com\/sharer.php?u=https%3A%2F%2Fwww.zunoticia.com%2Fnoticias-de-hidalgo%2F2023%2F12%2F03%2Fdenunciaran-policias-por-detencion-ilegal%2F\" target=\"_top\" rel=\"nofollow\"><span class=\"icon\"><\/span><span class=\"text\">Share<\/span><\/a><a class=\"mashicon-twitter mash-large mash-center mashsb-noshadow\" href=\"https:\/\/twitter.com\/intent\/tweet?text=&amp;url=https:\/\/www.zunoticia.com\/noticias-de-hidalgo\/2023\/12\/03\/denunciaran-policias-por-detencion-ilegal\/\" target=\"_top\" rel=\"nofollow\"><span class=\"icon\"><\/span><span class=\"text\">Tweet<\/span><\/a><div class=\"onoffswitch2 mash-large mashsb-noshadow\" style=\"display:none\"><\/div><\/div>\n            <\/div>\n                <div style=\"clear:both\"><\/div><div class=\"mashsb-toggle-container\"><\/div><\/aside>\n            <!-- Share buttons by mashshare.net - Version: 4.0.47-->\n<p><em>Roberto Meza \/ Zunoticia<\/em><\/p>\n\n\n\n<p><strong>Huejutla, Hgo. &#8211;<\/strong> Polic\u00edas municipales de la Secretar\u00eda de Seguridad P\u00fablica de esta ciudad, ser\u00e1n denunciados ante las autoridades competentes por la detenci\u00f3n ilegal de una persona del g\u00e9nero masculino, quien presuntamente fue golpeado y que en lugar de llevarse a su agresora el afectado fue retenido, encarcelado y multado.<\/p>\n\n\n\n<p>El afectado F. N. N. se\u00f1al\u00f3 que fue golpeado por su nuera J. H. H. en las inmediaciones del mercado municipal y ante la llegada de los uniformados a pesar de ser agredido los polic\u00edas lo detuvieron y encerraron en la barandilla, de la cual para salir pag\u00f3 una multa de 2500 Pesos.<\/p>\n\n\n\n<p>Por lo anterior, consider\u00f3 que se violentaron sus derechos e interpondr\u00e1 su queja ante la comisi\u00f3n de derechos humanos del estado de Hidalgo, adem\u00e1s, acudir\u00e1 ante la instancia respectiva para que se haga justicia y recuperar el dinero de la multa que le fue impuesta de manera ilegal.<\/p>\n","protected":false},"excerpt":{"rendered":"<p>Roberto Meza \/ Zunoticia Huejutla, Hgo. &#8211; Polic\u00edas municipales de la Secretar\u00eda de Seguridad P\u00fablica de esta ciudad, ser\u00e1n denunciados ante las autoridades competentes por la detenci\u00f3n ilegal de una persona del g\u00e9nero masculino, quien presuntamente fue golpeado y que en lugar de llevarse a su agresora el afectado fue retenido, encarcelado y multado. El&hellip; <a class=\"more-link\" href=\"https:\/\/www.zunoticia.com\/noticias-de-hidalgo\/2023\/12\/03\/denunciaran-policias-por-detencion-ilegal\/\">Seguir leyendo <span class=\"screen-reader-text\">Denunciar\u00e1n polic\u00edas\u00a0 por detenci\u00f3n Ilegal<\/span><\/a><\/p>\n","protected":false},"author":13,"featured_media":516410,"comment_status":"open","ping_status":"open","sticky":false,"template":"","format":"standard","meta":{"rop_custom_images_group":[],"rop_custom_messages_group":[],"rop_publish_now":"initial","rop_publish_now_accounts":{"facebook_10159540855086992_322828327761733":""},"rop_publish_now_history":[],"rop_publish_now_status":"pending","footnotes":""},"categories":[1],"tags":[],"class_list":["post-516404","post","type-post","status-publish","format-standard","has-post-thumbnail","hentry","category-sin-categoria","entry"],"_links":{"self":[{"href":"https:\/\/www.zunoticia.com\/noticias-de-hidalgo\/wp-json\/wp\/v2\/posts\/516404","targetHints":{"allow":["GET"]}}],"collection":[{"href":"https:\/\/www.zunoticia.com\/noticias-de-hidalgo\/wp-json\/wp\/v2\/posts"}],"about":[{"href":"https:\/\/www.zunoticia.com\/noticias-de-hidalgo\/wp-json\/wp\/v2\/types\/post"}],"author":[{"embeddable":true,"href":"https:\/\/www.zunoticia.com\/noticias-de-hidalgo\/wp-json\/wp\/v2\/users\/13"}],"replies":[{"embeddable":true,"href":"https:\/\/www.zunoticia.com\/noticias-de-hidalgo\/wp-json\/wp\/v2\/comments?post=516404"}],"version-history":[{"count":1,"href":"https:\/\/www.zunoticia.com\/noticias-de-hidalgo\/wp-json\/wp\/v2\/posts\/516404\/revisions"}],"predecessor-version":[{"id":516411,"href":"https:\/\/www.zunoticia.com\/noticias-de-hidalgo\/wp-json\/wp\/v2\/posts\/516404\/revisions\/516411"}],"wp:featuredmedia":[{"embeddable":true,"href":"https:\/\/www.zunoticia.com\/noticias-de-hidalgo\/wp-json\/wp\/v2\/media\/516410"}],"wp:attachment":[{"href":"https:\/\/www.zunoticia.com\/noticias-de-hidalgo\/wp-json\/wp\/v2\/media?parent=516404"}],"wp:term":[{"taxonomy":"category","embeddable":true,"href":"https:\/\/www.zunoticia.com\/noticias-de-hidalgo\/wp-json\/wp\/v2\/categories?post=516404"},{"taxonomy":"post_tag","embeddable":true,"href":"https:\/\/www.zunoticia.com\/noticias-de-hidalgo\/wp-json\/wp\/v2\/tags?post=516404"}],"curies":[{"name":"wp","href":"https:\/\/api.w.org\/{rel}","templated":true}]}}