{"id":516425,"date":"2023-12-03T15:13:20","date_gmt":"2023-12-03T21:13:20","guid":{"rendered":"https:\/\/www.zunoticia.com\/noticias-de-hidalgo\/?p=516425"},"modified":"2023-12-03T15:13:21","modified_gmt":"2023-12-03T21:13:21","slug":"ayuntamiento-convoca-a-comerciantes-a-reunion-en-el-parque-ecologico","status":"publish","type":"post","link":"https:\/\/www.zunoticia.com\/noticias-de-hidalgo\/2023\/12\/03\/ayuntamiento-convoca-a-comerciantes-a-reunion-en-el-parque-ecologico\/","title":{"rendered":"Ayuntamiento convoca a comerciantes a reuni\u00f3n en el Parque Ecol\u00f3gico"},"content":{"rendered":"<aside class=\"mashsb-container mashsb-main mashsb-stretched\"><div class=\"mashsb-box\"><div class=\"mashsb-count mash-large\" style=\"float:left\"><div class=\"counts mashsbcount\">30<\/div><span class=\"mashsb-sharetext\">SHARES<\/span><\/div><div class=\"mashsb-buttons\"><a class=\"mashicon-facebook mash-large mash-center mashsb-noshadow\" href=\"https:\/\/www.facebook.com\/sharer.php?u=https%3A%2F%2Fwww.zunoticia.com%2Fnoticias-de-hidalgo%2F2023%2F12%2F03%2Fayuntamiento-convoca-a-comerciantes-a-reunion-en-el-parque-ecologico%2F\" target=\"_top\" rel=\"nofollow\"><span class=\"icon\"><\/span><span class=\"text\">Share<\/span><\/a><a class=\"mashicon-twitter mash-large mash-center mashsb-noshadow\" href=\"https:\/\/twitter.com\/intent\/tweet?text=&amp;url=https:\/\/www.zunoticia.com\/noticias-de-hidalgo\/2023\/12\/03\/ayuntamiento-convoca-a-comerciantes-a-reunion-en-el-parque-ecologico\/\" target=\"_top\" rel=\"nofollow\"><span class=\"icon\"><\/span><span class=\"text\">Tweet<\/span><\/a><div class=\"onoffswitch2 mash-large mashsb-noshadow\" style=\"display:none\"><\/div><\/div>\n            <\/div>\n                <div style=\"clear:both\"><\/div><div class=\"mashsb-toggle-container\"><\/div><\/aside>\n            <!-- Share buttons by mashshare.net - Version: 4.0.47-->\n<p><em>Por Salvador Altamirano\/Zunoticia<\/em><\/p>\n\n\n\n<p><strong>Huejutla, Hgo.-<\/strong> El Ayuntamiento que preside Daniel Andrade Zurutuza, con la finalidad de atender de manera adecuada la problem\u00e1tica generada por la posible ubicaci\u00f3n de centros de venta al mayoreo de productos de origen asi\u00e1tico a la poblaci\u00f3n, convoca a una reuni\u00f3n a los comerciantes en general.<\/p>\n\n\n\n<p>Lo anterior, a trav\u00e9s de un oficio girado por la Secretar\u00eda General Municipal cuyo titular es Said Vargas Castel\u00e1n, en el cual se estipula que la reuni\u00f3n tendr\u00e1 efecto este lunes a las 16:00 horas (4:00 de la tarde), en las instalaciones del Parque Ecol\u00f3gico.<\/p>\n\n\n\n<p>Agrega la circular que, el prop\u00f3sito es tratar el tema relacionado con la petici\u00f3n que el bloque de organizaciones denominado &#8220;Comerciantes Unidos de Huejutla&#8221;, hizo mediante un oficio con fecha del pasado 29 de noviembre, mi\u00e9rcoles, a la autoridad municipal, en el cual se pide la no autorizaci\u00f3n de licencias para la comercializaci\u00f3n de mercanc\u00eda elaborada en la Rep\u00fablica de China a trav\u00e9s de consorcios.<\/p>\n\n\n\n<figure class=\"wp-block-image size-full\"><img fetchpriority=\"high\" decoding=\"async\" width=\"1600\" height=\"1200\" src=\"https:\/\/www.zunoticia.com\/noticias-de-hidalgo\/wp-content\/uploads\/2023\/12\/eZy-Watermark_03-12-2023_01-44-16-3930p.m.jpg\" alt=\"\" class=\"wp-image-516426\"\/><\/figure>\n\n\n\n<p>Es oportuno mencionar que, al tener conocimiento los dirigentes y adheridos a las organizaciones de comerciantes semi fijos, ambulantes y establecidos, se manifestaron los d\u00edas lunes y mi\u00e9rcoles de la semana pasada, en las instalaciones del Ayuntamiento, con el prop\u00f3sito de evitar la invasi\u00f3n de empresas chinas, expresando que, de ubicarse perjudicar\u00e1n sobre manera el comercio local.<\/p>\n\n\n\n<p>Por tal motivo, desde esas fechas est\u00e1n buscando un di\u00e1logo, en primer t\u00e9rmino, con el mandatario municipal para que la problem\u00e1tica se resuelva a su favor, o en su defecto se modere la ubicaci\u00f3n de tiendas &#8211; bodegas, ya que se mencionan ocho en total, as\u00ed como el sistema de venta.<\/p>\n","protected":false},"excerpt":{"rendered":"<p>Por Salvador Altamirano\/Zunoticia Huejutla, Hgo.- El Ayuntamiento que preside Daniel Andrade Zurutuza, con la finalidad de atender de manera adecuada la problem\u00e1tica generada por la posible ubicaci\u00f3n de centros de venta al mayoreo de productos de origen asi\u00e1tico a la poblaci\u00f3n, convoca a una reuni\u00f3n a los comerciantes en general. Lo anterior, a trav\u00e9s de&hellip; <a class=\"more-link\" href=\"https:\/\/www.zunoticia.com\/noticias-de-hidalgo\/2023\/12\/03\/ayuntamiento-convoca-a-comerciantes-a-reunion-en-el-parque-ecologico\/\">Seguir leyendo <span class=\"screen-reader-text\">Ayuntamiento convoca a comerciantes a reuni\u00f3n en el Parque Ecol\u00f3gico<\/span><\/a><\/p>\n","protected":false},"author":12,"featured_media":516427,"comment_status":"open","ping_status":"open","sticky":false,"template":"","format":"standard","meta":{"rop_custom_images_group":[],"rop_custom_messages_group":[],"rop_publish_now":"initial","rop_publish_now_accounts":{"facebook_10159540855086992_322828327761733":""},"rop_publish_now_history":[],"rop_publish_now_status":"pending","footnotes":""},"categories":[181],"tags":[121],"class_list":["post-516425","post","type-post","status-publish","format-standard","has-post-thumbnail","hentry","category-huejutla","tag-huejutla","entry"],"_links":{"self":[{"href":"https:\/\/www.zunoticia.com\/noticias-de-hidalgo\/wp-json\/wp\/v2\/posts\/516425","targetHints":{"allow":["GET"]}}],"collection":[{"href":"https:\/\/www.zunoticia.com\/noticias-de-hidalgo\/wp-json\/wp\/v2\/posts"}],"about":[{"href":"https:\/\/www.zunoticia.com\/noticias-de-hidalgo\/wp-json\/wp\/v2\/types\/post"}],"author":[{"embeddable":true,"href":"https:\/\/www.zunoticia.com\/noticias-de-hidalgo\/wp-json\/wp\/v2\/users\/12"}],"replies":[{"embeddable":true,"href":"https:\/\/www.zunoticia.com\/noticias-de-hidalgo\/wp-json\/wp\/v2\/comments?post=516425"}],"version-history":[{"count":1,"href":"https:\/\/www.zunoticia.com\/noticias-de-hidalgo\/wp-json\/wp\/v2\/posts\/516425\/revisions"}],"predecessor-version":[{"id":516428,"href":"https:\/\/www.zunoticia.com\/noticias-de-hidalgo\/wp-json\/wp\/v2\/posts\/516425\/revisions\/516428"}],"wp:featuredmedia":[{"embeddable":true,"href":"https:\/\/www.zunoticia.com\/noticias-de-hidalgo\/wp-json\/wp\/v2\/media\/516427"}],"wp:attachment":[{"href":"https:\/\/www.zunoticia.com\/noticias-de-hidalgo\/wp-json\/wp\/v2\/media?parent=516425"}],"wp:term":[{"taxonomy":"category","embeddable":true,"href":"https:\/\/www.zunoticia.com\/noticias-de-hidalgo\/wp-json\/wp\/v2\/categories?post=516425"},{"taxonomy":"post_tag","embeddable":true,"href":"https:\/\/www.zunoticia.com\/noticias-de-hidalgo\/wp-json\/wp\/v2\/tags?post=516425"}],"curies":[{"name":"wp","href":"https:\/\/api.w.org\/{rel}","templated":true}]}}