{"id":516472,"date":"2023-12-03T19:19:54","date_gmt":"2023-12-04T01:19:54","guid":{"rendered":"https:\/\/www.zunoticia.com\/noticias-de-hidalgo\/?p=516472"},"modified":"2023-12-03T19:19:56","modified_gmt":"2023-12-04T01:19:56","slug":"elogian-exposicion-de-fotos-denominada-los-colores-de-mi-tierra","status":"publish","type":"post","link":"https:\/\/www.zunoticia.com\/noticias-de-hidalgo\/2023\/12\/03\/elogian-exposicion-de-fotos-denominada-los-colores-de-mi-tierra\/","title":{"rendered":"Elogian exposici\u00f3n de fotos denominada &#8220;Los colores de mi tierra&#8221;"},"content":{"rendered":"<aside class=\"mashsb-container mashsb-main mashsb-stretched\"><div class=\"mashsb-box\"><div class=\"mashsb-count mash-large\" style=\"float:left\"><div class=\"counts mashsbcount\">38<\/div><span class=\"mashsb-sharetext\">SHARES<\/span><\/div><div class=\"mashsb-buttons\"><a class=\"mashicon-facebook mash-large mash-center mashsb-noshadow\" href=\"https:\/\/www.facebook.com\/sharer.php?u=https%3A%2F%2Fwww.zunoticia.com%2Fnoticias-de-hidalgo%2F2023%2F12%2F03%2Felogian-exposicion-de-fotos-denominada-los-colores-de-mi-tierra%2F\" target=\"_top\" rel=\"nofollow\"><span class=\"icon\"><\/span><span class=\"text\">Share<\/span><\/a><a class=\"mashicon-twitter mash-large mash-center mashsb-noshadow\" href=\"https:\/\/twitter.com\/intent\/tweet?text=&amp;url=https:\/\/www.zunoticia.com\/noticias-de-hidalgo\/2023\/12\/03\/elogian-exposicion-de-fotos-denominada-los-colores-de-mi-tierra\/\" target=\"_top\" rel=\"nofollow\"><span class=\"icon\"><\/span><span class=\"text\">Tweet<\/span><\/a><div class=\"onoffswitch2 mash-large mashsb-noshadow\" style=\"display:none\"><\/div><\/div>\n            <\/div>\n                <div style=\"clear:both\"><\/div><div class=\"mashsb-toggle-container\"><\/div><\/aside>\n            <!-- Share buttons by mashshare.net - Version: 4.0.47-->\n<p><em>Por Salvador Altamirano\/Zunoticia<\/em><\/p>\n\n\n\n<p><strong>Huejutla, Hgo.-<\/strong> Hay quienes refieren que la fotograf\u00eda es el arte y la t\u00e9cnica que consiste en capturar im\u00e1genes, y como un pintor sobre el lienzo, el fot\u00f3grafo es capaz de expresarse de manera creativa por medio de la lente de una c\u00e1mara.<\/p>\n\n\n\n<p>Lo anterior, queda impl\u00edcito en la exposici\u00f3n fotogr\u00e1fica denominada &#8220;Los colores de mi tierra&#8221;, de Reyes Flores Quintero, quien expresa en su presentaci\u00f3n: &#8220;Hay a quienes les gusta vivir momentos&#8230;yo prefiero capturarlos&#8221;.<\/p>\n\n\n\n<p>La referida exposici\u00f3n de fotograf\u00edas permanece en el Quiosco Municipal y su per\u00edmetro, desde hace ya un mes, instalada con motivo de la tradicional celebraci\u00f3n de Xantolo, la cual a diario es visitada y admirada por las im\u00e1genes 100 % huastecas, por la belleza y esencia que quienes fueron fotografiados proyectan.<\/p>\n\n\n\n<figure class=\"wp-block-image size-full\"><img fetchpriority=\"high\" decoding=\"async\" width=\"1600\" height=\"1200\" src=\"https:\/\/www.zunoticia.com\/noticias-de-hidalgo\/wp-content\/uploads\/2023\/12\/eZy-Watermark_03-12-2023_05-41-11-1810p.m.jpg\" alt=\"\" class=\"wp-image-516455\"\/><\/figure>\n\n\n\n<p>Por tal motivo, quien responde al nombre de Benjam\u00edn Aldana Alarc\u00f3n, originario de Ciudad Valles, San Luis Potos\u00ed, elogi\u00f3 la depurada t\u00e9cnica del fot\u00f3grafo para eternizar momentos, desde una sonrisa hasta los pasos de un personaje, lo que denota su vasta experiencia, dijo.<\/p>\n\n\n\n<p>Para finalizar, coment\u00f3 que, la Regi\u00f3n Huasteca en s\u00ed es extremadamente viva en colores y tradiciones, en su gente, lo cual es manifiesto, dijo, en la exposici\u00f3n que consider\u00f3 asombrosa, por la viveza de las im\u00e1genes captadas, algunas de personas en movimiento.<\/p>\n","protected":false},"excerpt":{"rendered":"<p>Por Salvador Altamirano\/Zunoticia Huejutla, Hgo.- Hay quienes refieren que la fotograf\u00eda es el arte y la t\u00e9cnica que consiste en capturar im\u00e1genes, y como un pintor sobre el lienzo, el fot\u00f3grafo es capaz de expresarse de manera creativa por medio de la lente de una c\u00e1mara. Lo anterior, queda impl\u00edcito en la exposici\u00f3n fotogr\u00e1fica denominada&hellip; <a class=\"more-link\" href=\"https:\/\/www.zunoticia.com\/noticias-de-hidalgo\/2023\/12\/03\/elogian-exposicion-de-fotos-denominada-los-colores-de-mi-tierra\/\">Seguir leyendo <span class=\"screen-reader-text\">Elogian exposici\u00f3n de fotos denominada &#8220;Los colores de mi tierra&#8221;<\/span><\/a><\/p>\n","protected":false},"author":12,"featured_media":516453,"comment_status":"open","ping_status":"open","sticky":false,"template":"","format":"standard","meta":{"rop_custom_images_group":[],"rop_custom_messages_group":[],"rop_publish_now":"initial","rop_publish_now_accounts":{"facebook_10159540855086992_322828327761733":""},"rop_publish_now_history":[],"rop_publish_now_status":"pending","footnotes":""},"categories":[181],"tags":[121],"class_list":["post-516472","post","type-post","status-publish","format-standard","has-post-thumbnail","hentry","category-huejutla","tag-huejutla","entry"],"_links":{"self":[{"href":"https:\/\/www.zunoticia.com\/noticias-de-hidalgo\/wp-json\/wp\/v2\/posts\/516472","targetHints":{"allow":["GET"]}}],"collection":[{"href":"https:\/\/www.zunoticia.com\/noticias-de-hidalgo\/wp-json\/wp\/v2\/posts"}],"about":[{"href":"https:\/\/www.zunoticia.com\/noticias-de-hidalgo\/wp-json\/wp\/v2\/types\/post"}],"author":[{"embeddable":true,"href":"https:\/\/www.zunoticia.com\/noticias-de-hidalgo\/wp-json\/wp\/v2\/users\/12"}],"replies":[{"embeddable":true,"href":"https:\/\/www.zunoticia.com\/noticias-de-hidalgo\/wp-json\/wp\/v2\/comments?post=516472"}],"version-history":[{"count":1,"href":"https:\/\/www.zunoticia.com\/noticias-de-hidalgo\/wp-json\/wp\/v2\/posts\/516472\/revisions"}],"predecessor-version":[{"id":516473,"href":"https:\/\/www.zunoticia.com\/noticias-de-hidalgo\/wp-json\/wp\/v2\/posts\/516472\/revisions\/516473"}],"wp:featuredmedia":[{"embeddable":true,"href":"https:\/\/www.zunoticia.com\/noticias-de-hidalgo\/wp-json\/wp\/v2\/media\/516453"}],"wp:attachment":[{"href":"https:\/\/www.zunoticia.com\/noticias-de-hidalgo\/wp-json\/wp\/v2\/media?parent=516472"}],"wp:term":[{"taxonomy":"category","embeddable":true,"href":"https:\/\/www.zunoticia.com\/noticias-de-hidalgo\/wp-json\/wp\/v2\/categories?post=516472"},{"taxonomy":"post_tag","embeddable":true,"href":"https:\/\/www.zunoticia.com\/noticias-de-hidalgo\/wp-json\/wp\/v2\/tags?post=516472"}],"curies":[{"name":"wp","href":"https:\/\/api.w.org\/{rel}","templated":true}]}}