{"id":516477,"date":"2023-12-03T19:43:50","date_gmt":"2023-12-04T01:43:50","guid":{"rendered":"https:\/\/www.zunoticia.com\/noticias-de-hidalgo\/?p=516477"},"modified":"2023-12-03T19:43:51","modified_gmt":"2023-12-04T01:43:51","slug":"atiende-regidora-recorrido-a-comunidades-de-tlanchinol","status":"publish","type":"post","link":"https:\/\/www.zunoticia.com\/noticias-de-hidalgo\/2023\/12\/03\/atiende-regidora-recorrido-a-comunidades-de-tlanchinol\/","title":{"rendered":"Atiende regidora recorrido a comunidades de Tlanchinol"},"content":{"rendered":"<aside class=\"mashsb-container mashsb-main mashsb-stretched\"><div class=\"mashsb-box\"><div class=\"mashsb-count mash-large\" style=\"float:left\"><div class=\"counts mashsbcount\">29<\/div><span class=\"mashsb-sharetext\">SHARES<\/span><\/div><div class=\"mashsb-buttons\"><a class=\"mashicon-facebook mash-large mash-center mashsb-noshadow\" href=\"https:\/\/www.facebook.com\/sharer.php?u=https%3A%2F%2Fwww.zunoticia.com%2Fnoticias-de-hidalgo%2F2023%2F12%2F03%2Fatiende-regidora-recorrido-a-comunidades-de-tlanchinol%2F\" target=\"_top\" rel=\"nofollow\"><span class=\"icon\"><\/span><span class=\"text\">Share<\/span><\/a><a class=\"mashicon-twitter mash-large mash-center mashsb-noshadow\" href=\"https:\/\/twitter.com\/intent\/tweet?text=&amp;url=https:\/\/www.zunoticia.com\/noticias-de-hidalgo\/2023\/12\/03\/atiende-regidora-recorrido-a-comunidades-de-tlanchinol\/\" target=\"_top\" rel=\"nofollow\"><span class=\"icon\"><\/span><span class=\"text\">Tweet<\/span><\/a><div class=\"onoffswitch2 mash-large mashsb-noshadow\" style=\"display:none\"><\/div><\/div>\n            <\/div>\n                <div style=\"clear:both\"><\/div><div class=\"mashsb-toggle-container\"><\/div><\/aside>\n            <!-- Share buttons by mashshare.net - Version: 4.0.47-->\n<p><em>Por Mois\u00e9s Medrano\/Zunoticia<\/em><\/p>\n\n\n\n<p><strong>Tlanchinol, Hgo.-<\/strong> Nora Aidh\u00e9 Luciano, Regidora municipal por Morena, fue recibida en de Pilcuatla por vecinos y autoridades de la comunidad, dentro del destape de disfrazados celebrado, en el que se puso fin a la temporada del Mijkailjuitl.<\/p>\n\n\n\n<p>La regidora dijo que, fue un honor ser parte de las tradiciones de los pueblos de su municipio donde se fortalecen los principios y valores m\u00e1s congruentes con la vida p\u00fablica de todas y todos los habitantes.<\/p>\n\n\n\n<figure class=\"wp-block-image size-full\"><img decoding=\"async\" src=\"https:\/\/www.zunoticia.com\/noticias-de-hidalgo\/wp-content\/uploads\/2023\/12\/eZy-Watermark_03-12-2023_05-02-37-8370p.m-1.jpg\" alt=\"\" class=\"wp-image-516464\"\/><\/figure>\n\n\n\n<p>Entrevistada a distancia con respecto al evento programado por la comunidad dijo que atendi\u00f3 a una invitaci\u00f3n del delegado y los vecinos que cada a\u00f1o participan fomentando en las nuevas generaciones las tradiciones culturales que nos mantiene vigentes y unidos como pueblo.<\/p>\n\n\n\n<p>Detall\u00f3 que, dentro de su encargo se mantiene activa desde el inicio de su funci\u00f3n p\u00fablica, muy cercana a los pueblos de su municipio, como parte de la responsabilidad que asumi\u00f3 con mucho compromiso y respeto.<\/p>\n\n\n\n<figure class=\"wp-block-image size-full\"><img fetchpriority=\"high\" decoding=\"async\" width=\"1600\" height=\"900\" src=\"https:\/\/www.zunoticia.com\/noticias-de-hidalgo\/wp-content\/uploads\/2023\/12\/eZy-Watermark_03-12-2023_05-02-52-2150p.m.jpg\" alt=\"\" class=\"wp-image-516439\"\/><\/figure>\n\n\n\n<p>Asegur\u00f3 que, ella ha sido una mujer con trabajo constante, cercano y apegado a los principios del movimiento que representa en la administraci\u00f3n municipal, siempre buscando lo mejor para los habitantes de su pueblo, construyendo una oposici\u00f3n firme, abierta, transparente y responsable&nbsp; que le permita transitar las necesidades de la poblaci\u00f3n con gesti\u00f3n y trabajo&nbsp;directo.<\/p>\n","protected":false},"excerpt":{"rendered":"<p>Por Mois\u00e9s Medrano\/Zunoticia Tlanchinol, Hgo.- Nora Aidh\u00e9 Luciano, Regidora municipal por Morena, fue recibida en de Pilcuatla por vecinos y autoridades de la comunidad, dentro del destape de disfrazados celebrado, en el que se puso fin a la temporada del Mijkailjuitl. La regidora dijo que, fue un honor ser parte de las tradiciones de los&hellip; <a class=\"more-link\" href=\"https:\/\/www.zunoticia.com\/noticias-de-hidalgo\/2023\/12\/03\/atiende-regidora-recorrido-a-comunidades-de-tlanchinol\/\">Seguir leyendo <span class=\"screen-reader-text\">Atiende regidora recorrido a comunidades de Tlanchinol<\/span><\/a><\/p>\n","protected":false},"author":12,"featured_media":516443,"comment_status":"open","ping_status":"open","sticky":false,"template":"","format":"standard","meta":{"rop_custom_images_group":[],"rop_custom_messages_group":[],"rop_publish_now":"initial","rop_publish_now_accounts":{"facebook_10159540855086992_322828327761733":""},"rop_publish_now_history":[],"rop_publish_now_status":"pending","footnotes":""},"categories":[219,201],"tags":[127],"class_list":["post-516477","post","type-post","status-publish","format-standard","has-post-thumbnail","hentry","category-sierra","category-tlanchinol","tag-tlanchinol","entry"],"_links":{"self":[{"href":"https:\/\/www.zunoticia.com\/noticias-de-hidalgo\/wp-json\/wp\/v2\/posts\/516477","targetHints":{"allow":["GET"]}}],"collection":[{"href":"https:\/\/www.zunoticia.com\/noticias-de-hidalgo\/wp-json\/wp\/v2\/posts"}],"about":[{"href":"https:\/\/www.zunoticia.com\/noticias-de-hidalgo\/wp-json\/wp\/v2\/types\/post"}],"author":[{"embeddable":true,"href":"https:\/\/www.zunoticia.com\/noticias-de-hidalgo\/wp-json\/wp\/v2\/users\/12"}],"replies":[{"embeddable":true,"href":"https:\/\/www.zunoticia.com\/noticias-de-hidalgo\/wp-json\/wp\/v2\/comments?post=516477"}],"version-history":[{"count":1,"href":"https:\/\/www.zunoticia.com\/noticias-de-hidalgo\/wp-json\/wp\/v2\/posts\/516477\/revisions"}],"predecessor-version":[{"id":516479,"href":"https:\/\/www.zunoticia.com\/noticias-de-hidalgo\/wp-json\/wp\/v2\/posts\/516477\/revisions\/516479"}],"wp:featuredmedia":[{"embeddable":true,"href":"https:\/\/www.zunoticia.com\/noticias-de-hidalgo\/wp-json\/wp\/v2\/media\/516443"}],"wp:attachment":[{"href":"https:\/\/www.zunoticia.com\/noticias-de-hidalgo\/wp-json\/wp\/v2\/media?parent=516477"}],"wp:term":[{"taxonomy":"category","embeddable":true,"href":"https:\/\/www.zunoticia.com\/noticias-de-hidalgo\/wp-json\/wp\/v2\/categories?post=516477"},{"taxonomy":"post_tag","embeddable":true,"href":"https:\/\/www.zunoticia.com\/noticias-de-hidalgo\/wp-json\/wp\/v2\/tags?post=516477"}],"curies":[{"name":"wp","href":"https:\/\/api.w.org\/{rel}","templated":true}]}}