{"id":516478,"date":"2023-12-03T19:57:26","date_gmt":"2023-12-04T01:57:26","guid":{"rendered":"https:\/\/www.zunoticia.com\/noticias-de-hidalgo\/?p=516478"},"modified":"2023-12-03T19:57:27","modified_gmt":"2023-12-04T01:57:27","slug":"continua-gestion-de-apoyos-funcionales-en-el-dif-municipal","status":"publish","type":"post","link":"https:\/\/www.zunoticia.com\/noticias-de-hidalgo\/2023\/12\/03\/continua-gestion-de-apoyos-funcionales-en-el-dif-municipal\/","title":{"rendered":"Contin\u00faa gesti\u00f3n de apoyos funcionales en el DIF municipal"},"content":{"rendered":"<aside class=\"mashsb-container mashsb-main mashsb-stretched\"><div class=\"mashsb-box\"><div class=\"mashsb-count mash-large\" style=\"float:left\"><div class=\"counts mashsbcount\">31<\/div><span class=\"mashsb-sharetext\">SHARES<\/span><\/div><div class=\"mashsb-buttons\"><a class=\"mashicon-facebook mash-large mash-center mashsb-noshadow\" href=\"https:\/\/www.facebook.com\/sharer.php?u=https%3A%2F%2Fwww.zunoticia.com%2Fnoticias-de-hidalgo%2F2023%2F12%2F03%2Fcontinua-gestion-de-apoyos-funcionales-en-el-dif-municipal%2F\" target=\"_top\" rel=\"nofollow\"><span class=\"icon\"><\/span><span class=\"text\">Share<\/span><\/a><a class=\"mashicon-twitter mash-large mash-center mashsb-noshadow\" href=\"https:\/\/twitter.com\/intent\/tweet?text=&amp;url=https:\/\/www.zunoticia.com\/noticias-de-hidalgo\/2023\/12\/03\/continua-gestion-de-apoyos-funcionales-en-el-dif-municipal\/\" target=\"_top\" rel=\"nofollow\"><span class=\"icon\"><\/span><span class=\"text\">Tweet<\/span><\/a><div class=\"onoffswitch2 mash-large mashsb-noshadow\" style=\"display:none\"><\/div><\/div>\n            <\/div>\n                <div style=\"clear:both\"><\/div><div class=\"mashsb-toggle-container\"><\/div><\/aside>\n            <!-- Share buttons by mashshare.net - Version: 4.0.47-->\n<p><a><em>Por \u00c1ngel Silverio\/Zunoticia<\/em><\/a><\/p>\n\n\n\n<p><strong>San Felipe Orizatl\u00e1n, Hgo.-<\/strong> Preocupados por mejorar la calidad de vida de quienes padecen de alguna discapacidad, el sistema DIF municipal contin\u00faa trabajando fuertemente para gestionar apoyos y aparatos funcionales para la poblaci\u00f3n m\u00e1s vulnerable, tal como se hizo en d\u00edas pasados donde se benefici\u00f3 a personas de esta demarcaci\u00f3n.<\/p>\n\n\n\n<p>Fue a trav\u00e9s del Sistema DIF, quien en coordinaci\u00f3n con el programa Ayudas T\u00e9cnicas del CRIH, realiz\u00f3 la entrega de apoyos a las personas m\u00e1s vulnerables de la poblaci\u00f3n, siendo en esta ocasi\u00f3n que se hizo la entrega de 6 sillas de ruedas, en las instalaciones de la Unidad B\u00e1sica de Rehabilitaci\u00f3n (UBR), beneficiando a familias orizatlenses que m\u00e1s lo necesitan.<\/p>\n\n\n\n<p>&#8220;Estas acciones no podr\u00edan ser una realidad sin el apoyo constante de la alcaldesa Erika Saab Lara para las familias de Orizatl\u00e1n, claro ejemplo de que existe la intenci\u00f3n de apoyar a quienes lo requieren es la construcci\u00f3n de esta unidad b\u00e1sica de rehabilitaci\u00f3n, la cual era muy necesaria y que gracias a sus gestiones y al gobernador del estado que se logr\u00f3&#8221; indic\u00f3 Cesar Becerra, presidente del DIF local.<\/p>\n\n\n\n<p>Cabe recordar que, tambi\u00e9n se est\u00e1 invitando a quienes requieran de pr\u00f3tesis oculares a que se registren a la jornada que habr\u00e1 de realizarse del d\u00eda 6 al 8 de diciembre, para m\u00e1s informaci\u00f3n pueden acudir al DIF municipal.<\/p>\n","protected":false},"excerpt":{"rendered":"<p>Por \u00c1ngel Silverio\/Zunoticia San Felipe Orizatl\u00e1n, Hgo.- Preocupados por mejorar la calidad de vida de quienes padecen de alguna discapacidad, el sistema DIF municipal contin\u00faa trabajando fuertemente para gestionar apoyos y aparatos funcionales para la poblaci\u00f3n m\u00e1s vulnerable, tal como se hizo en d\u00edas pasados donde se benefici\u00f3 a personas de esta demarcaci\u00f3n. Fue a&hellip; <a class=\"more-link\" href=\"https:\/\/www.zunoticia.com\/noticias-de-hidalgo\/2023\/12\/03\/continua-gestion-de-apoyos-funcionales-en-el-dif-municipal\/\">Seguir leyendo <span class=\"screen-reader-text\">Contin\u00faa gesti\u00f3n de apoyos funcionales en el DIF municipal<\/span><\/a><\/p>\n","protected":false},"author":12,"featured_media":516458,"comment_status":"open","ping_status":"open","sticky":false,"template":"","format":"standard","meta":{"rop_custom_images_group":[],"rop_custom_messages_group":[],"rop_publish_now":"initial","rop_publish_now_accounts":{"facebook_10159540855086992_322828327761733":""},"rop_publish_now_history":[],"rop_publish_now_status":"pending","footnotes":""},"categories":[180],"tags":[129],"class_list":["post-516478","post","type-post","status-publish","format-standard","has-post-thumbnail","hentry","category-orizatlan","tag-orizatlan","entry"],"_links":{"self":[{"href":"https:\/\/www.zunoticia.com\/noticias-de-hidalgo\/wp-json\/wp\/v2\/posts\/516478","targetHints":{"allow":["GET"]}}],"collection":[{"href":"https:\/\/www.zunoticia.com\/noticias-de-hidalgo\/wp-json\/wp\/v2\/posts"}],"about":[{"href":"https:\/\/www.zunoticia.com\/noticias-de-hidalgo\/wp-json\/wp\/v2\/types\/post"}],"author":[{"embeddable":true,"href":"https:\/\/www.zunoticia.com\/noticias-de-hidalgo\/wp-json\/wp\/v2\/users\/12"}],"replies":[{"embeddable":true,"href":"https:\/\/www.zunoticia.com\/noticias-de-hidalgo\/wp-json\/wp\/v2\/comments?post=516478"}],"version-history":[{"count":1,"href":"https:\/\/www.zunoticia.com\/noticias-de-hidalgo\/wp-json\/wp\/v2\/posts\/516478\/revisions"}],"predecessor-version":[{"id":516483,"href":"https:\/\/www.zunoticia.com\/noticias-de-hidalgo\/wp-json\/wp\/v2\/posts\/516478\/revisions\/516483"}],"wp:featuredmedia":[{"embeddable":true,"href":"https:\/\/www.zunoticia.com\/noticias-de-hidalgo\/wp-json\/wp\/v2\/media\/516458"}],"wp:attachment":[{"href":"https:\/\/www.zunoticia.com\/noticias-de-hidalgo\/wp-json\/wp\/v2\/media?parent=516478"}],"wp:term":[{"taxonomy":"category","embeddable":true,"href":"https:\/\/www.zunoticia.com\/noticias-de-hidalgo\/wp-json\/wp\/v2\/categories?post=516478"},{"taxonomy":"post_tag","embeddable":true,"href":"https:\/\/www.zunoticia.com\/noticias-de-hidalgo\/wp-json\/wp\/v2\/tags?post=516478"}],"curies":[{"name":"wp","href":"https:\/\/api.w.org\/{rel}","templated":true}]}}