{"id":516480,"date":"2023-12-03T19:53:10","date_gmt":"2023-12-04T01:53:10","guid":{"rendered":"https:\/\/www.zunoticia.com\/noticias-de-hidalgo\/?p=516480"},"modified":"2023-12-03T19:53:11","modified_gmt":"2023-12-04T01:53:11","slug":"eligieron-a-nuevas-autoridades-de-la-delegacion-de-ahuatitla","status":"publish","type":"post","link":"https:\/\/www.zunoticia.com\/noticias-de-hidalgo\/2023\/12\/03\/eligieron-a-nuevas-autoridades-de-la-delegacion-de-ahuatitla\/","title":{"rendered":"Eligieron a nuevas autoridades de la delegaci\u00f3n de Ahuatitla"},"content":{"rendered":"<aside class=\"mashsb-container mashsb-main mashsb-stretched\"><div class=\"mashsb-box\"><div class=\"mashsb-count mash-large\" style=\"float:left\"><div class=\"counts mashsbcount\">26<\/div><span class=\"mashsb-sharetext\">SHARES<\/span><\/div><div class=\"mashsb-buttons\"><a class=\"mashicon-facebook mash-large mash-center mashsb-noshadow\" href=\"https:\/\/www.facebook.com\/sharer.php?u=https%3A%2F%2Fwww.zunoticia.com%2Fnoticias-de-hidalgo%2F2023%2F12%2F03%2Feligieron-a-nuevas-autoridades-de-la-delegacion-de-ahuatitla%2F\" target=\"_top\" rel=\"nofollow\"><span class=\"icon\"><\/span><span class=\"text\">Share<\/span><\/a><a class=\"mashicon-twitter mash-large mash-center mashsb-noshadow\" href=\"https:\/\/twitter.com\/intent\/tweet?text=&amp;url=https:\/\/www.zunoticia.com\/noticias-de-hidalgo\/2023\/12\/03\/eligieron-a-nuevas-autoridades-de-la-delegacion-de-ahuatitla\/\" target=\"_top\" rel=\"nofollow\"><span class=\"icon\"><\/span><span class=\"text\">Tweet<\/span><\/a><div class=\"onoffswitch2 mash-large mashsb-noshadow\" style=\"display:none\"><\/div><\/div>\n            <\/div>\n                <div style=\"clear:both\"><\/div><div class=\"mashsb-toggle-container\"><\/div><\/aside>\n            <!-- Share buttons by mashshare.net - Version: 4.0.47-->\n<ul class=\"wp-block-list\">\n<li>Entrar\u00e1n en funciones en el mes de enero del 2024.<\/li>\n<\/ul>\n\n\n\n<p><em>Por \u00c1ngel Silverio\/Zunoticia<\/em><\/p>\n\n\n\n<p><strong>San Felipe Orizatl\u00e1n, Hgo.-<\/strong> En un ambiente de unidad, ese pasado 30 de noviembre autoridades de la delegaci\u00f3n de Ahuatitla eligieron a quienes ser\u00e1n la pr\u00f3xima comitiva que encabece a la autoridad delegacional, por lo que este pasado primero de diciembre fue presentada ante una asamblea.<\/p>\n\n\n\n<p>Regidos bajo sus usos y costumbres, los ex delegados eligieron al nuevo fiscal y a la nueva autoridad que habr\u00e1 de entrar en funciones el pr\u00f3ximo mes de enero del a\u00f1o 2024, siendo en esta ocasi\u00f3n una mujer quien lleve la batuta de la comunidad.<\/p>\n\n\n\n<figure class=\"wp-block-image size-full\"><img fetchpriority=\"high\" decoding=\"async\" width=\"1600\" height=\"898\" src=\"https:\/\/www.zunoticia.com\/noticias-de-hidalgo\/wp-content\/uploads\/2023\/12\/eZy-Watermark_03-12-2023_04-46-32-7870p.m.jpg\" alt=\"\" class=\"wp-image-516433\"\/><\/figure>\n\n\n\n<p>Para este pr\u00f3ximo a\u00f1o, la nueva comitiva qued\u00f3 de la siguiente manera, como fiscal, Basilio Pedro; secretario, Mardonio Mart\u00ednez de la cruz; como tesorero Justo Francisco Hern\u00e1ndez; mientras que la nueva comitiva delegacional, y atendiendo la equidad de g\u00e9nero, en esta nueva administraci\u00f3n estar\u00e1 encabezada por Erika Hern\u00e1ndez Hern\u00e1ndez, el delegado suplente ser\u00e1 Flori\u00e1n Hern\u00e1ndez Hern\u00e1ndez, en el cargo de tesorero, Francisco Melo Hern\u00e1ndez y como secretaria, Alem Vianey Pav\u00f3n Pi\u00f1a.<\/p>\n\n\n\n<p>Este primero de diciembre, la nueva comitiva fue presentada a la asamblea, donde fueron invitados todos los habitantes, quienes a mano alzada avalaron la propuesta de los ex delegados, as\u00ed tambi\u00e9n fueron avalados por la autoridad municipal que representa la alcaldesa Erika Saab Lara.<\/p>\n","protected":false},"excerpt":{"rendered":"<p>Por \u00c1ngel Silverio\/Zunoticia San Felipe Orizatl\u00e1n, Hgo.- En un ambiente de unidad, ese pasado 30 de noviembre autoridades de la delegaci\u00f3n de Ahuatitla eligieron a quienes ser\u00e1n la pr\u00f3xima comitiva que encabece a la autoridad delegacional, por lo que este pasado primero de diciembre fue presentada ante una asamblea. Regidos bajo sus usos y costumbres,&hellip; <a class=\"more-link\" href=\"https:\/\/www.zunoticia.com\/noticias-de-hidalgo\/2023\/12\/03\/eligieron-a-nuevas-autoridades-de-la-delegacion-de-ahuatitla\/\">Seguir leyendo <span class=\"screen-reader-text\">Eligieron a nuevas autoridades de la delegaci\u00f3n de Ahuatitla<\/span><\/a><\/p>\n","protected":false},"author":12,"featured_media":516432,"comment_status":"open","ping_status":"open","sticky":false,"template":"","format":"standard","meta":{"rop_custom_images_group":[],"rop_custom_messages_group":[],"rop_publish_now":"initial","rop_publish_now_accounts":{"facebook_10159540855086992_322828327761733":""},"rop_publish_now_history":[],"rop_publish_now_status":"pending","footnotes":""},"categories":[180],"tags":[129],"class_list":["post-516480","post","type-post","status-publish","format-standard","has-post-thumbnail","hentry","category-orizatlan","tag-orizatlan","entry"],"_links":{"self":[{"href":"https:\/\/www.zunoticia.com\/noticias-de-hidalgo\/wp-json\/wp\/v2\/posts\/516480","targetHints":{"allow":["GET"]}}],"collection":[{"href":"https:\/\/www.zunoticia.com\/noticias-de-hidalgo\/wp-json\/wp\/v2\/posts"}],"about":[{"href":"https:\/\/www.zunoticia.com\/noticias-de-hidalgo\/wp-json\/wp\/v2\/types\/post"}],"author":[{"embeddable":true,"href":"https:\/\/www.zunoticia.com\/noticias-de-hidalgo\/wp-json\/wp\/v2\/users\/12"}],"replies":[{"embeddable":true,"href":"https:\/\/www.zunoticia.com\/noticias-de-hidalgo\/wp-json\/wp\/v2\/comments?post=516480"}],"version-history":[{"count":1,"href":"https:\/\/www.zunoticia.com\/noticias-de-hidalgo\/wp-json\/wp\/v2\/posts\/516480\/revisions"}],"predecessor-version":[{"id":516481,"href":"https:\/\/www.zunoticia.com\/noticias-de-hidalgo\/wp-json\/wp\/v2\/posts\/516480\/revisions\/516481"}],"wp:featuredmedia":[{"embeddable":true,"href":"https:\/\/www.zunoticia.com\/noticias-de-hidalgo\/wp-json\/wp\/v2\/media\/516432"}],"wp:attachment":[{"href":"https:\/\/www.zunoticia.com\/noticias-de-hidalgo\/wp-json\/wp\/v2\/media?parent=516480"}],"wp:term":[{"taxonomy":"category","embeddable":true,"href":"https:\/\/www.zunoticia.com\/noticias-de-hidalgo\/wp-json\/wp\/v2\/categories?post=516480"},{"taxonomy":"post_tag","embeddable":true,"href":"https:\/\/www.zunoticia.com\/noticias-de-hidalgo\/wp-json\/wp\/v2\/tags?post=516480"}],"curies":[{"name":"wp","href":"https:\/\/api.w.org\/{rel}","templated":true}]}}