{"id":516504,"date":"2023-12-03T22:21:11","date_gmt":"2023-12-04T04:21:11","guid":{"rendered":"https:\/\/www.zunoticia.com\/noticias-de-hidalgo\/?p=516504"},"modified":"2023-12-03T22:21:13","modified_gmt":"2023-12-04T04:21:13","slug":"reconoce-jms-labor-de-educadoras","status":"publish","type":"post","link":"https:\/\/www.zunoticia.com\/noticias-de-hidalgo\/2023\/12\/03\/reconoce-jms-labor-de-educadoras\/","title":{"rendered":"Reconoce JMS labor de educadoras"},"content":{"rendered":"<aside class=\"mashsb-container mashsb-main mashsb-stretched\"><div class=\"mashsb-box\"><div class=\"mashsb-count mash-large\" style=\"float:left\"><div class=\"counts mashsbcount\">19<\/div><span class=\"mashsb-sharetext\">SHARES<\/span><\/div><div class=\"mashsb-buttons\"><a class=\"mashicon-facebook mash-large mash-center mashsb-noshadow\" href=\"https:\/\/www.facebook.com\/sharer.php?u=https%3A%2F%2Fwww.zunoticia.com%2Fnoticias-de-hidalgo%2F2023%2F12%2F03%2Freconoce-jms-labor-de-educadoras%2F\" target=\"_top\" rel=\"nofollow\"><span class=\"icon\"><\/span><span class=\"text\">Share<\/span><\/a><a class=\"mashicon-twitter mash-large mash-center mashsb-noshadow\" href=\"https:\/\/twitter.com\/intent\/tweet?text=&amp;url=https:\/\/www.zunoticia.com\/noticias-de-hidalgo\/2023\/12\/03\/reconoce-jms-labor-de-educadoras\/\" target=\"_top\" rel=\"nofollow\"><span class=\"icon\"><\/span><span class=\"text\">Tweet<\/span><\/a><div class=\"onoffswitch2 mash-large mashsb-noshadow\" style=\"display:none\"><\/div><\/div>\n            <\/div>\n                <div style=\"clear:both\"><\/div><div class=\"mashsb-toggle-container\"><\/div><\/aside>\n            <!-- Share buttons by mashshare.net - Version: 4.0.47-->\n<p><em>Por Redacci\u00f3n\/Zunoticia<\/em><\/p>\n\n\n\n<p><strong>Pachuca de Soto, Hgo.-<\/strong> El gobernador Julio Menchaca Salazar (JMS), tras asistir a la conferencia \u201cCalidad y Calidez\u201d, dirigida a jefas de sector, supervisoras escolares y apoyos t\u00e9cnicos pedag\u00f3gicos del nivel de Educaci\u00f3n Preescolar, reconoci\u00f3 el trabajo que realizan las educadoras en favor de la ni\u00f1ez del estado..<\/p>\n\n\n\n<p>Durante el evento que organiz\u00f3 el Instituto Hidalguense de Educaci\u00f3n (IHE), el mandatario se\u00f1al\u00f3 que la experiencia y sabidur\u00eda de las y los docentes contribuye en la construcci\u00f3n de una sociedad con j\u00f3venes, mujeres y hombres dispuestos a enfrentar la vida de una mejor manera.<\/p>\n\n\n\n<p>Menchaca Salazar conmin\u00f3 a las maestras y maestros, as\u00ed como al personal de apoyo y asistencia a la educaci\u00f3n de nivel preescolar, a continuar con el compromiso, inter\u00e9s y vocaci\u00f3n de servicio que les caracteriza, pues con \u201cesmero dedican gran parte de su tiempo a su labor en favor de la educaci\u00f3n\u201d.<\/p>\n\n\n\n<p>Natividad Castrej\u00f3n Valdez, secretario de Educaci\u00f3n P\u00fablica de Hidalgo, agradeci\u00f3 la presencia del gobernador a la conferencia \u201cCalidad y Calidez\u201d, ya que este tipo de actividades est\u00e1n orientadas a fomentar una educaci\u00f3n socioemocional con enfoque humanista.<\/p>\n\n\n\n<figure class=\"wp-block-image size-full\"><img fetchpriority=\"high\" decoding=\"async\" width=\"1280\" height=\"854\" src=\"https:\/\/www.zunoticia.com\/noticias-de-hidalgo\/wp-content\/uploads\/2023\/12\/WhatsApp-Image-2023-12-03-at-9.07.33-PM-3-1.jpeg\" alt=\"\" class=\"wp-image-516507\"\/><\/figure>\n\n\n\n<p>Nancy Adriana Le\u00f3n Vite, directora general de Educaci\u00f3n B\u00e1sica, se\u00f1al\u00f3 que, con la directriz de la SEPH, los niveles y modalidades educativos se suman al trabajo realizado por el gobierno de la transformaci\u00f3n en favor de la comunidad educativa escolar.<\/p>\n\n\n\n<p>En su calidad de ponente, Samuel Nava Alc\u00e1ntara, director de Educaci\u00f3n Socioemocional de la SEPH, abord\u00f3 temas como \u201cTrabajo en equipo\u201d, \u201cComunicaci\u00f3n Asertiva\u201d (clara, directa y honesta), \u201cFlexibilidad\u201d, \u201cReconocimiento de actitudes\u201d, entre otros.<\/p>\n\n\n\n<p>Finalmente, el gobernador Julio Menchaca extern\u00f3 su felicitaci\u00f3n al personal educativo con motivo de las fiestas decembrinas y les dese\u00f3 que el pr\u00f3ximo a\u00f1o est\u00e9 lleno de realizaciones, salud y bienestar.<\/p>\n","protected":false},"excerpt":{"rendered":"<p>Por Redacci\u00f3n\/Zunoticia Pachuca de Soto, Hgo.- El gobernador Julio Menchaca Salazar (JMS), tras asistir a la conferencia \u201cCalidad y Calidez\u201d, dirigida a jefas de sector, supervisoras escolares y apoyos t\u00e9cnicos pedag\u00f3gicos del nivel de Educaci\u00f3n Preescolar, reconoci\u00f3 el trabajo que realizan las educadoras en favor de la ni\u00f1ez del estado.. Durante el evento que organiz\u00f3&hellip; <a class=\"more-link\" href=\"https:\/\/www.zunoticia.com\/noticias-de-hidalgo\/2023\/12\/03\/reconoce-jms-labor-de-educadoras\/\">Seguir leyendo <span class=\"screen-reader-text\">Reconoce JMS labor de educadoras<\/span><\/a><\/p>\n","protected":false},"author":22,"featured_media":516505,"comment_status":"open","ping_status":"open","sticky":false,"template":"","format":"standard","meta":{"rop_custom_images_group":[],"rop_custom_messages_group":[],"rop_publish_now":"initial","rop_publish_now_accounts":{"facebook_10159540855086992_322828327761733":""},"rop_publish_now_history":[],"rop_publish_now_status":"pending","footnotes":""},"categories":[208],"tags":[214],"class_list":["post-516504","post","type-post","status-publish","format-standard","has-post-thumbnail","hentry","category-estado","tag-estado","entry"],"_links":{"self":[{"href":"https:\/\/www.zunoticia.com\/noticias-de-hidalgo\/wp-json\/wp\/v2\/posts\/516504","targetHints":{"allow":["GET"]}}],"collection":[{"href":"https:\/\/www.zunoticia.com\/noticias-de-hidalgo\/wp-json\/wp\/v2\/posts"}],"about":[{"href":"https:\/\/www.zunoticia.com\/noticias-de-hidalgo\/wp-json\/wp\/v2\/types\/post"}],"author":[{"embeddable":true,"href":"https:\/\/www.zunoticia.com\/noticias-de-hidalgo\/wp-json\/wp\/v2\/users\/22"}],"replies":[{"embeddable":true,"href":"https:\/\/www.zunoticia.com\/noticias-de-hidalgo\/wp-json\/wp\/v2\/comments?post=516504"}],"version-history":[{"count":1,"href":"https:\/\/www.zunoticia.com\/noticias-de-hidalgo\/wp-json\/wp\/v2\/posts\/516504\/revisions"}],"predecessor-version":[{"id":516508,"href":"https:\/\/www.zunoticia.com\/noticias-de-hidalgo\/wp-json\/wp\/v2\/posts\/516504\/revisions\/516508"}],"wp:featuredmedia":[{"embeddable":true,"href":"https:\/\/www.zunoticia.com\/noticias-de-hidalgo\/wp-json\/wp\/v2\/media\/516505"}],"wp:attachment":[{"href":"https:\/\/www.zunoticia.com\/noticias-de-hidalgo\/wp-json\/wp\/v2\/media?parent=516504"}],"wp:term":[{"taxonomy":"category","embeddable":true,"href":"https:\/\/www.zunoticia.com\/noticias-de-hidalgo\/wp-json\/wp\/v2\/categories?post=516504"},{"taxonomy":"post_tag","embeddable":true,"href":"https:\/\/www.zunoticia.com\/noticias-de-hidalgo\/wp-json\/wp\/v2\/tags?post=516504"}],"curies":[{"name":"wp","href":"https:\/\/api.w.org\/{rel}","templated":true}]}}