{"id":516517,"date":"2023-12-03T22:27:36","date_gmt":"2023-12-04T04:27:36","guid":{"rendered":"https:\/\/www.zunoticia.com\/noticias-de-hidalgo\/?p=516517"},"modified":"2023-12-03T22:27:38","modified_gmt":"2023-12-04T04:27:38","slug":"reconoce-gobierno-de-hidalgo-a-deportistas-tras-su-labor-en-los-paranacionales-conade-2023","status":"publish","type":"post","link":"https:\/\/www.zunoticia.com\/noticias-de-hidalgo\/2023\/12\/03\/reconoce-gobierno-de-hidalgo-a-deportistas-tras-su-labor-en-los-paranacionales-conade-2023\/","title":{"rendered":"Reconoce gobierno de Hidalgo a deportistas tras su labor en los Paranacionales CONADE 2023"},"content":{"rendered":"<aside class=\"mashsb-container mashsb-main mashsb-stretched\"><div class=\"mashsb-box\"><div class=\"mashsb-count mash-large\" style=\"float:left\"><div class=\"counts mashsbcount\">24<\/div><span class=\"mashsb-sharetext\">SHARES<\/span><\/div><div class=\"mashsb-buttons\"><a class=\"mashicon-facebook mash-large mash-center mashsb-noshadow\" href=\"https:\/\/www.facebook.com\/sharer.php?u=https%3A%2F%2Fwww.zunoticia.com%2Fnoticias-de-hidalgo%2F2023%2F12%2F03%2Freconoce-gobierno-de-hidalgo-a-deportistas-tras-su-labor-en-los-paranacionales-conade-2023%2F\" target=\"_top\" rel=\"nofollow\"><span class=\"icon\"><\/span><span class=\"text\">Share<\/span><\/a><a class=\"mashicon-twitter mash-large mash-center mashsb-noshadow\" href=\"https:\/\/twitter.com\/intent\/tweet?text=&amp;url=https:\/\/www.zunoticia.com\/noticias-de-hidalgo\/2023\/12\/03\/reconoce-gobierno-de-hidalgo-a-deportistas-tras-su-labor-en-los-paranacionales-conade-2023\/\" target=\"_top\" rel=\"nofollow\"><span class=\"icon\"><\/span><span class=\"text\">Tweet<\/span><\/a><div class=\"onoffswitch2 mash-large mashsb-noshadow\" style=\"display:none\"><\/div><\/div>\n            <\/div>\n                <div style=\"clear:both\"><\/div><div class=\"mashsb-toggle-container\"><\/div><\/aside>\n            <!-- Share buttons by mashshare.net - Version: 4.0.47-->\n<ul class=\"wp-block-list\">\n<li>Se destac\u00f3 la conquista de 52 preseas, adem\u00e1s del primer lugar en Para danza deportiva.<\/li>\n<\/ul>\n\n\n\n<p><em>Por Redacci\u00f3n\/Zunoticia<\/em><\/p>\n\n\n\n<p><strong>Pachuca de Soto, Hgo.-<\/strong> Cada medalla representa la perseverancia, resiliencia y la capacidad de superar obst\u00e1culos con car\u00e1cter y determinaci\u00f3n, as\u00ed lo asegur\u00f3 el secretario de Educaci\u00f3n P\u00fablica de la entidad, Natividad Castrej\u00f3n Valdez, al reunirse con las y los atletas que representaron al estado en los Paranacionales CONADE 2023.<\/p>\n\n\n\n<p>El servidor p\u00fablico asegur\u00f3 que sus haza\u00f1as deportivas son testimonio de lo que se puede lograr con dedicaci\u00f3n, pasi\u00f3n y valent\u00eda, por lo que refrend\u00f3 el compromiso del gobernador Julio Menchaca Salazar, de impulsar todas las acciones necesarias para brindar los apoyos que requieren.<\/p>\n\n\n\n<p>Adem\u00e1s, reconoci\u00f3 que representan uno de los sectores cuyo desempe\u00f1o aporta para lograr una sociedad m\u00e1s participativa, democr\u00e1tica, justa e igualitaria, tal y como lo exige la transformaci\u00f3n del estado.<\/p>\n\n\n\n<p>\u201cDeseo mayores \u00e9xitos para ustedes j\u00f3venes, disfruten los deportes en los que participan, que no sea un acto l\u00fadico, que sea un acto gozoso, de crecimiento, de plenitud&#8221;, reconoci\u00f3 el apoyo, esfuerzo y trabajo de las familias y tutores, por todo su trabajo en equipo.<\/p>\n\n\n\n<p>En su oportunidad, la presidenta de la Asociaci\u00f3n de Deporte Adaptado Especial, Delia Lizbeth G\u00f3mez D\u00edaz, agradeci\u00f3 al secretario Natividad Castrej\u00f3n por el apoyo que brinda para el deporte, adem\u00e1s felicit\u00f3 a los deportistas por el esfuerzo, dedicaci\u00f3n y empe\u00f1o que han puesto en sus entrenamientos.<\/p>\n\n\n\n<p>Los atletas Carlos Derik Olvera Sunamo, Sa\u00fal Pineda Sebasti\u00e1n, y Dair Octavio Zamora Le\u00f3n, a nombre de los galardonados, agradecieron a todos por el apoyo que les dan y por confiar en ellos, lo que les entusiasma para prepararse para la competencia del siguiente a\u00f1o.<\/p>\n\n\n\n<figure class=\"wp-block-image size-full\"><img fetchpriority=\"high\" decoding=\"async\" width=\"800\" height=\"534\" src=\"https:\/\/www.zunoticia.com\/noticias-de-hidalgo\/wp-content\/uploads\/2023\/12\/WhatsApp-Image-2023-12-03-at-9.07.32-PM.jpeg\" alt=\"\" class=\"wp-image-516519\"\/><\/figure>\n\n\n\n<p>Cabe destacar que en su actuaci\u00f3n en los Juegos Paranacionales CONADE 2023 los atletas que formaron parte de la delegaci\u00f3n hidalguense, posicionaron a la entidad en el lugar 15 del medallero nacional, donde obtuvieron un total de 52 preseas.<\/p>\n\n\n\n<p>Fueron 22 oros, 18 platas y 12 bronces; en tanto que la delegaci\u00f3n hidalguense hizo historia en danza deportiva, conquistando el primer lugar a nivel nacional de la disciplina, dejando en segundo lugar a Nuevo Le\u00f3n, con 15 preseas, y Quintana Roo, en tercer lugar, con 11.<\/p>\n\n\n\n<p>En el evento estuvo presente el director general del Instituto Hidalguense del Deporte (INHIDE), Pipino Isidro Cuevas Gonz\u00e1lez; la directora de Cultura F\u00edsica y Deporte, Nadia Lugo Santamar\u00eda, as\u00ed como directores de las diferentes \u00e1reas, atletas, padres y madres de familia.<\/p>\n","protected":false},"excerpt":{"rendered":"<p>Por Redacci\u00f3n\/Zunoticia Pachuca de Soto, Hgo.- Cada medalla representa la perseverancia, resiliencia y la capacidad de superar obst\u00e1culos con car\u00e1cter y determinaci\u00f3n, as\u00ed lo asegur\u00f3 el secretario de Educaci\u00f3n P\u00fablica de la entidad, Natividad Castrej\u00f3n Valdez, al reunirse con las y los atletas que representaron al estado en los Paranacionales CONADE 2023. El servidor p\u00fablico&hellip; <a class=\"more-link\" href=\"https:\/\/www.zunoticia.com\/noticias-de-hidalgo\/2023\/12\/03\/reconoce-gobierno-de-hidalgo-a-deportistas-tras-su-labor-en-los-paranacionales-conade-2023\/\">Seguir leyendo <span class=\"screen-reader-text\">Reconoce gobierno de Hidalgo a deportistas tras su labor en los Paranacionales CONADE 2023<\/span><\/a><\/p>\n","protected":false},"author":22,"featured_media":516518,"comment_status":"open","ping_status":"open","sticky":false,"template":"","format":"standard","meta":{"rop_custom_images_group":[],"rop_custom_messages_group":[],"rop_publish_now":"initial","rop_publish_now_accounts":{"facebook_10159540855086992_322828327761733":""},"rop_publish_now_history":[],"rop_publish_now_status":"pending","footnotes":""},"categories":[208],"tags":[214],"class_list":["post-516517","post","type-post","status-publish","format-standard","has-post-thumbnail","hentry","category-estado","tag-estado","entry"],"_links":{"self":[{"href":"https:\/\/www.zunoticia.com\/noticias-de-hidalgo\/wp-json\/wp\/v2\/posts\/516517","targetHints":{"allow":["GET"]}}],"collection":[{"href":"https:\/\/www.zunoticia.com\/noticias-de-hidalgo\/wp-json\/wp\/v2\/posts"}],"about":[{"href":"https:\/\/www.zunoticia.com\/noticias-de-hidalgo\/wp-json\/wp\/v2\/types\/post"}],"author":[{"embeddable":true,"href":"https:\/\/www.zunoticia.com\/noticias-de-hidalgo\/wp-json\/wp\/v2\/users\/22"}],"replies":[{"embeddable":true,"href":"https:\/\/www.zunoticia.com\/noticias-de-hidalgo\/wp-json\/wp\/v2\/comments?post=516517"}],"version-history":[{"count":1,"href":"https:\/\/www.zunoticia.com\/noticias-de-hidalgo\/wp-json\/wp\/v2\/posts\/516517\/revisions"}],"predecessor-version":[{"id":516520,"href":"https:\/\/www.zunoticia.com\/noticias-de-hidalgo\/wp-json\/wp\/v2\/posts\/516517\/revisions\/516520"}],"wp:featuredmedia":[{"embeddable":true,"href":"https:\/\/www.zunoticia.com\/noticias-de-hidalgo\/wp-json\/wp\/v2\/media\/516518"}],"wp:attachment":[{"href":"https:\/\/www.zunoticia.com\/noticias-de-hidalgo\/wp-json\/wp\/v2\/media?parent=516517"}],"wp:term":[{"taxonomy":"category","embeddable":true,"href":"https:\/\/www.zunoticia.com\/noticias-de-hidalgo\/wp-json\/wp\/v2\/categories?post=516517"},{"taxonomy":"post_tag","embeddable":true,"href":"https:\/\/www.zunoticia.com\/noticias-de-hidalgo\/wp-json\/wp\/v2\/tags?post=516517"}],"curies":[{"name":"wp","href":"https:\/\/api.w.org\/{rel}","templated":true}]}}