{"id":516525,"date":"2023-12-03T22:31:15","date_gmt":"2023-12-04T04:31:15","guid":{"rendered":"https:\/\/www.zunoticia.com\/noticias-de-hidalgo\/?p=516525"},"modified":"2023-12-03T22:31:16","modified_gmt":"2023-12-04T04:31:16","slug":"hidalguenses-viajaron-a-florida-a-reencontrarse-con-sus-familias","status":"publish","type":"post","link":"https:\/\/www.zunoticia.com\/noticias-de-hidalgo\/2023\/12\/03\/hidalguenses-viajaron-a-florida-a-reencontrarse-con-sus-familias\/","title":{"rendered":"Hidalguenses viajaron a Florida a reencontrarse con sus familias"},"content":{"rendered":"<aside class=\"mashsb-container mashsb-main mashsb-stretched\"><div class=\"mashsb-box\"><div class=\"mashsb-count mash-large\" style=\"float:left\"><div class=\"counts mashsbcount\">35<\/div><span class=\"mashsb-sharetext\">SHARES<\/span><\/div><div class=\"mashsb-buttons\"><a class=\"mashicon-facebook mash-large mash-center mashsb-noshadow\" href=\"https:\/\/www.facebook.com\/sharer.php?u=https%3A%2F%2Fwww.zunoticia.com%2Fnoticias-de-hidalgo%2F2023%2F12%2F03%2Fhidalguenses-viajaron-a-florida-a-reencontrarse-con-sus-familias%2F\" target=\"_top\" rel=\"nofollow\"><span class=\"icon\"><\/span><span class=\"text\">Share<\/span><\/a><a class=\"mashicon-twitter mash-large mash-center mashsb-noshadow\" href=\"https:\/\/twitter.com\/intent\/tweet?text=&amp;url=https:\/\/www.zunoticia.com\/noticias-de-hidalgo\/2023\/12\/03\/hidalguenses-viajaron-a-florida-a-reencontrarse-con-sus-familias\/\" target=\"_top\" rel=\"nofollow\"><span class=\"icon\"><\/span><span class=\"text\">Tweet<\/span><\/a><div class=\"onoffswitch2 mash-large mashsb-noshadow\" style=\"display:none\"><\/div><\/div>\n            <\/div>\n                <div style=\"clear:both\"><\/div><div class=\"mashsb-toggle-container\"><\/div><\/aside>\n            <!-- Share buttons by mashshare.net - Version: 4.0.47-->\n<ul class=\"wp-block-list\">\n<li>35 adultos mayores de 10 municipios.<\/li>\n\n\n\n<li>Dos grupos m\u00e1s saldr\u00e1n el pr\u00f3ximo a\u00f1o a los estados de Nevada y Oklahoma.<\/li>\n<\/ul>\n\n\n\n<p><em>Por Redacci\u00f3n\/Zunoticia<\/em><\/p>\n\n\n\n<p><strong>Ixmiquilpan, Hgo.-<\/strong> Con la finalidad de promover la reunificaci\u00f3n familiar entre los migrantes hidalguenses que radican en el estado de Florida, Estados Unidos, la Secretar\u00eda de Bienestar e Inclusi\u00f3n Social (Sebiso), reactiv\u00f3 el programa \u201cRa\u00edces de Hidalgo\u201d.<\/p>\n\n\n\n<p>Es por eso que la titular de la Sebiso, Simey Olvera Bautista, acompa\u00f1ada de la subsecretaria de Desarrollo Social y Humano, Neyda Naranjo Baltazar, y la presidenta municipal de Ixmiquilpan, Araceli Beltr\u00e1n Contreras, hicieron entrega de 35 visas americanas.<\/p>\n\n\n\n<p>Los beneficiarios son personas adultas mayores originarias de 10 municipios, por lo que ahora podr\u00e1n entrar y salir de los Estados Unidos durante un periodo de 10 a\u00f1os.<\/p>\n\n\n\n<p>Simey Olvera afirm\u00f3 que este tipo de acciones son parte de la justicia social que busca reforzar el gobierno de Hidalgo, pues acerca a familias que por mucho tiempo no se hab\u00edan visto, y que por diversas condiciones no pueden regresar.<\/p>\n\n\n\n<p>Subray\u00f3 que gracias a este programa los padres y madres de los migrantes pueden ir, en este caso a Florida, para volver a ver a sus seres amados y conocer a sus nietos y hasta bisnietos.<\/p>\n\n\n\n<p>\u201cLa encomienda que tenemos de parte de nuestro gobernador, Julio Menchaca, es facilitar el camino para que vayan y abracen a sus familias, pues gracias a la asesor\u00eda y el acompa\u00f1amiento que brinda el gobierno de la Cuarta Transformaci\u00f3n, as\u00ed como de las presidencias municipales y las organizaciones de migrantes, es que este sue\u00f1o se puede volver realidad&#8221;, resalt\u00f3 la servidora p\u00fablica.<\/p>\n\n\n\n<figure class=\"wp-block-image size-full\"><img fetchpriority=\"high\" decoding=\"async\" width=\"1280\" height=\"853\" src=\"https:\/\/www.zunoticia.com\/noticias-de-hidalgo\/wp-content\/uploads\/2023\/12\/WhatsApp-Image-2023-12-03-at-9.07.33-PM-4.jpeg\" alt=\"\" class=\"wp-image-516527\"\/><\/figure>\n\n\n\n<p>Al respecto, la subsecretaria Neyda Naranjo explic\u00f3 que este programa est\u00e1 dirigido a personas mayores de 65 a\u00f1os que por m\u00e1s de 10 a\u00f1os no han visto a sus hijas e hijos, y a trav\u00e9s de la Sebiso se les acompa\u00f1a y asesora ante la Embajada de los Estados Unidos para lograr la obtenci\u00f3n de la visa.<\/p>\n\n\n\n<p>Asimismo, se\u00f1al\u00f3 que ya hay dos grupos m\u00e1s que saldr\u00e1n el pr\u00f3ximo a\u00f1o a los estados de Nevada y de Oklahoma, parte de una lista de espera que ya se tiene en la Direcci\u00f3n General de Atenci\u00f3n a Migrantes, misma que gracias a los acuerdos realizados con la Embajada de los Estados Unidos, comenz\u00f3 a avanzar.&nbsp;<\/p>\n\n\n\n<p>La presidenta Municipal de Ixmiquilpan, agradeci\u00f3 al gobernador Julio Menchaca y se dijo satisfecha con las gestiones y trabajo en equipo que se realiz\u00f3 por parte de su ayuntamiento, con la Sebiso, ya que gracias a ese esfuerzo coordinado de gobiernos de izquierda, muchas personas, gran parte del Valle del Mezquital, cumplen el anhelo que por mucho tiempo parec\u00eda imposible.<\/p>\n\n\n\n<p>Para mayores informes sobre este programa y otras acciones que se realizan en la Direcci\u00f3n General de Atenci\u00f3n a Migrantes, pueden acudir a las instalaciones de la Subsecretar\u00eda de Desarrollo Social y Humano ubicadas en la calle Jos\u00e9 Mar\u00eda Pino Su\u00e1rez #301 Col. Real de Minas en Pachuca Hidalgo o comunicarse al n\u00famero 771 10 74 358.<\/p>\n","protected":false},"excerpt":{"rendered":"<p>Por Redacci\u00f3n\/Zunoticia Ixmiquilpan, Hgo.- Con la finalidad de promover la reunificaci\u00f3n familiar entre los migrantes hidalguenses que radican en el estado de Florida, Estados Unidos, la Secretar\u00eda de Bienestar e Inclusi\u00f3n Social (Sebiso), reactiv\u00f3 el programa \u201cRa\u00edces de Hidalgo\u201d. Es por eso que la titular de la Sebiso, Simey Olvera Bautista, acompa\u00f1ada de la subsecretaria&hellip; <a class=\"more-link\" href=\"https:\/\/www.zunoticia.com\/noticias-de-hidalgo\/2023\/12\/03\/hidalguenses-viajaron-a-florida-a-reencontrarse-con-sus-familias\/\">Seguir leyendo <span class=\"screen-reader-text\">Hidalguenses viajaron a Florida a reencontrarse con sus familias<\/span><\/a><\/p>\n","protected":false},"author":22,"featured_media":516526,"comment_status":"open","ping_status":"open","sticky":false,"template":"","format":"standard","meta":{"rop_custom_images_group":[],"rop_custom_messages_group":[],"rop_publish_now":"initial","rop_publish_now_accounts":{"facebook_10159540855086992_322828327761733":""},"rop_publish_now_history":[],"rop_publish_now_status":"pending","footnotes":""},"categories":[208],"tags":[214],"class_list":["post-516525","post","type-post","status-publish","format-standard","has-post-thumbnail","hentry","category-estado","tag-estado","entry"],"_links":{"self":[{"href":"https:\/\/www.zunoticia.com\/noticias-de-hidalgo\/wp-json\/wp\/v2\/posts\/516525","targetHints":{"allow":["GET"]}}],"collection":[{"href":"https:\/\/www.zunoticia.com\/noticias-de-hidalgo\/wp-json\/wp\/v2\/posts"}],"about":[{"href":"https:\/\/www.zunoticia.com\/noticias-de-hidalgo\/wp-json\/wp\/v2\/types\/post"}],"author":[{"embeddable":true,"href":"https:\/\/www.zunoticia.com\/noticias-de-hidalgo\/wp-json\/wp\/v2\/users\/22"}],"replies":[{"embeddable":true,"href":"https:\/\/www.zunoticia.com\/noticias-de-hidalgo\/wp-json\/wp\/v2\/comments?post=516525"}],"version-history":[{"count":1,"href":"https:\/\/www.zunoticia.com\/noticias-de-hidalgo\/wp-json\/wp\/v2\/posts\/516525\/revisions"}],"predecessor-version":[{"id":516528,"href":"https:\/\/www.zunoticia.com\/noticias-de-hidalgo\/wp-json\/wp\/v2\/posts\/516525\/revisions\/516528"}],"wp:featuredmedia":[{"embeddable":true,"href":"https:\/\/www.zunoticia.com\/noticias-de-hidalgo\/wp-json\/wp\/v2\/media\/516526"}],"wp:attachment":[{"href":"https:\/\/www.zunoticia.com\/noticias-de-hidalgo\/wp-json\/wp\/v2\/media?parent=516525"}],"wp:term":[{"taxonomy":"category","embeddable":true,"href":"https:\/\/www.zunoticia.com\/noticias-de-hidalgo\/wp-json\/wp\/v2\/categories?post=516525"},{"taxonomy":"post_tag","embeddable":true,"href":"https:\/\/www.zunoticia.com\/noticias-de-hidalgo\/wp-json\/wp\/v2\/tags?post=516525"}],"curies":[{"name":"wp","href":"https:\/\/api.w.org\/{rel}","templated":true}]}}