{"id":516723,"date":"2023-12-05T11:44:12","date_gmt":"2023-12-05T17:44:12","guid":{"rendered":"https:\/\/www.zunoticia.com\/noticias-de-hidalgo\/?p=516723"},"modified":"2023-12-05T11:44:14","modified_gmt":"2023-12-05T17:44:14","slug":"el-jueves-encenderan-el-arbol-navideno","status":"publish","type":"post","link":"https:\/\/www.zunoticia.com\/noticias-de-hidalgo\/2023\/12\/05\/el-jueves-encenderan-el-arbol-navideno\/","title":{"rendered":"El jueves encender\u00e1n el \u00e1rbol navide\u00f1o"},"content":{"rendered":"<aside class=\"mashsb-container mashsb-main mashsb-stretched\"><div class=\"mashsb-box\"><div class=\"mashsb-count mash-large\" style=\"float:left\"><div class=\"counts mashsbcount\">18<\/div><span class=\"mashsb-sharetext\">SHARES<\/span><\/div><div class=\"mashsb-buttons\"><a class=\"mashicon-facebook mash-large mash-center mashsb-noshadow\" href=\"https:\/\/www.facebook.com\/sharer.php?u=https%3A%2F%2Fwww.zunoticia.com%2Fnoticias-de-hidalgo%2F2023%2F12%2F05%2Fel-jueves-encenderan-el-arbol-navideno%2F\" target=\"_top\" rel=\"nofollow\"><span class=\"icon\"><\/span><span class=\"text\">Share<\/span><\/a><a class=\"mashicon-twitter mash-large mash-center mashsb-noshadow\" href=\"https:\/\/twitter.com\/intent\/tweet?text=&amp;url=https:\/\/www.zunoticia.com\/noticias-de-hidalgo\/2023\/12\/05\/el-jueves-encenderan-el-arbol-navideno\/\" target=\"_top\" rel=\"nofollow\"><span class=\"icon\"><\/span><span class=\"text\">Tweet<\/span><\/a><div class=\"onoffswitch2 mash-large mashsb-noshadow\" style=\"display:none\"><\/div><\/div>\n            <\/div>\n                <div style=\"clear:both\"><\/div><div class=\"mashsb-toggle-container\"><\/div><\/aside>\n            <!-- Share buttons by mashshare.net - Version: 4.0.47-->\n<p><em>Por Le\u00f3n Eduardo Fern\u00e1ndez Huesca \/ Zunoticia<\/em><\/p>\n\n\n\n<p><strong>Xochiatipan, Hgo<\/strong>.- En el marco de los festejos decembrinos 2023, el ayuntamiento que preside \u00d3scar Bautista Guti\u00e9rrez, dio a conocer el programa de actividades para el pr\u00f3ximo d\u00eda 7 del mes y a\u00f1o en curso.<\/p>\n\n\n\n<p>En ese sentido, a partir de las 5:00 de la tarde dar\u00e1 inicio el festival, con la participaci\u00f3n de alumnos de instituciones educativas con la interpretaci\u00f3n de villancicos, as\u00ed como presentaci\u00f3n de un show de payasos, el encendido del \u00e1rbol y al t\u00e9rmino la tradicional posada.<\/p>\n\n\n\n<p>Las actividades se desarrollan con la colaboraci\u00f3n del Sistema Municipal DIF a cargo de la se\u00f1ora Dulce Fabiola Hern\u00e1ndez Fuentes, as\u00ed como del personal de otras \u00e1reas del gobierno local.<\/p>\n","protected":false},"excerpt":{"rendered":"<p>Por Le\u00f3n Eduardo Fern\u00e1ndez Huesca \/ Zunoticia Xochiatipan, Hgo.- En el marco de los festejos decembrinos 2023, el ayuntamiento que preside \u00d3scar Bautista Guti\u00e9rrez, dio a conocer el programa de actividades para el pr\u00f3ximo d\u00eda 7 del mes y a\u00f1o en curso. En ese sentido, a partir de las 5:00 de la tarde dar\u00e1 inicio&hellip; <a class=\"more-link\" href=\"https:\/\/www.zunoticia.com\/noticias-de-hidalgo\/2023\/12\/05\/el-jueves-encenderan-el-arbol-navideno\/\">Seguir leyendo <span class=\"screen-reader-text\">El jueves encender\u00e1n el \u00e1rbol navide\u00f1o<\/span><\/a><\/p>\n","protected":false},"author":20,"featured_media":516724,"comment_status":"open","ping_status":"open","sticky":false,"template":"","format":"standard","meta":{"rop_custom_images_group":[],"rop_custom_messages_group":[],"rop_publish_now":"initial","rop_publish_now_accounts":{"facebook_10159540855086992_322828327761733":""},"rop_publish_now_history":[],"rop_publish_now_status":"pending","footnotes":""},"categories":[179,202],"tags":[229,135],"class_list":["post-516723","post","type-post","status-publish","format-standard","has-post-thumbnail","hentry","category-huasteca","category-xochiatipan","tag-huasteca","tag-xochiatipan","entry"],"_links":{"self":[{"href":"https:\/\/www.zunoticia.com\/noticias-de-hidalgo\/wp-json\/wp\/v2\/posts\/516723","targetHints":{"allow":["GET"]}}],"collection":[{"href":"https:\/\/www.zunoticia.com\/noticias-de-hidalgo\/wp-json\/wp\/v2\/posts"}],"about":[{"href":"https:\/\/www.zunoticia.com\/noticias-de-hidalgo\/wp-json\/wp\/v2\/types\/post"}],"author":[{"embeddable":true,"href":"https:\/\/www.zunoticia.com\/noticias-de-hidalgo\/wp-json\/wp\/v2\/users\/20"}],"replies":[{"embeddable":true,"href":"https:\/\/www.zunoticia.com\/noticias-de-hidalgo\/wp-json\/wp\/v2\/comments?post=516723"}],"version-history":[{"count":1,"href":"https:\/\/www.zunoticia.com\/noticias-de-hidalgo\/wp-json\/wp\/v2\/posts\/516723\/revisions"}],"predecessor-version":[{"id":516725,"href":"https:\/\/www.zunoticia.com\/noticias-de-hidalgo\/wp-json\/wp\/v2\/posts\/516723\/revisions\/516725"}],"wp:featuredmedia":[{"embeddable":true,"href":"https:\/\/www.zunoticia.com\/noticias-de-hidalgo\/wp-json\/wp\/v2\/media\/516724"}],"wp:attachment":[{"href":"https:\/\/www.zunoticia.com\/noticias-de-hidalgo\/wp-json\/wp\/v2\/media?parent=516723"}],"wp:term":[{"taxonomy":"category","embeddable":true,"href":"https:\/\/www.zunoticia.com\/noticias-de-hidalgo\/wp-json\/wp\/v2\/categories?post=516723"},{"taxonomy":"post_tag","embeddable":true,"href":"https:\/\/www.zunoticia.com\/noticias-de-hidalgo\/wp-json\/wp\/v2\/tags?post=516723"}],"curies":[{"name":"wp","href":"https:\/\/api.w.org\/{rel}","templated":true}]}}