{"id":516927,"date":"2023-12-06T18:03:19","date_gmt":"2023-12-07T00:03:19","guid":{"rendered":"https:\/\/www.zunoticia.com\/noticias-de-hidalgo\/?p=516927"},"modified":"2023-12-06T18:03:21","modified_gmt":"2023-12-07T00:03:21","slug":"preparan-encendido-del-arbol-navideno","status":"publish","type":"post","link":"https:\/\/www.zunoticia.com\/noticias-de-hidalgo\/2023\/12\/06\/preparan-encendido-del-arbol-navideno\/","title":{"rendered":"Preparan encendido del \u00e1rbol navide\u00f1o"},"content":{"rendered":"<aside class=\"mashsb-container mashsb-main mashsb-stretched\"><div class=\"mashsb-box\"><div class=\"mashsb-count mash-large\" style=\"float:left\"><div class=\"counts mashsbcount\">21<\/div><span class=\"mashsb-sharetext\">SHARES<\/span><\/div><div class=\"mashsb-buttons\"><a class=\"mashicon-facebook mash-large mash-center mashsb-noshadow\" href=\"https:\/\/www.facebook.com\/sharer.php?u=https%3A%2F%2Fwww.zunoticia.com%2Fnoticias-de-hidalgo%2F2023%2F12%2F06%2Fpreparan-encendido-del-arbol-navideno%2F\" target=\"_top\" rel=\"nofollow\"><span class=\"icon\"><\/span><span class=\"text\">Share<\/span><\/a><a class=\"mashicon-twitter mash-large mash-center mashsb-noshadow\" href=\"https:\/\/twitter.com\/intent\/tweet?text=&amp;url=https:\/\/www.zunoticia.com\/noticias-de-hidalgo\/2023\/12\/06\/preparan-encendido-del-arbol-navideno\/\" target=\"_top\" rel=\"nofollow\"><span class=\"icon\"><\/span><span class=\"text\">Tweet<\/span><\/a><div class=\"onoffswitch2 mash-large mashsb-noshadow\" style=\"display:none\"><\/div><\/div>\n            <\/div>\n                <div style=\"clear:both\"><\/div><div class=\"mashsb-toggle-container\"><\/div><\/aside>\n            <!-- Share buttons by mashshare.net - Version: 4.0.47-->\n<p><em>Por Roberto Meza\/Zunoticia<\/em><\/p>\n\n\n\n<p><strong>Yahualica, Hgo.<\/strong> &#8211; Parte de los festejos que est\u00e1 organizando el gobierno municipal que preside el Licenciado Sen\u00f3n Navarro Morales, es el encendido del \u00e1rbol de navidad, que se llevar\u00e1 la pr\u00f3xima semana, lo que se busca es ofrecer a la sociedad yahualiquense un gran evento decembrino.<\/p>\n\n\n\n<p>Mientras tanto, personal de las diversas \u00e1reas, coordinado por la direcci\u00f3n de Cultura municipal que preside, est\u00e1n detallando la instalaci\u00f3n del pino navide\u00f1o, as\u00ed como de los dem\u00e1s arreglos que se colocaron en la zona centro de esta municipalidad.<\/p>\n\n\n\n<p>Personal de Cultura dio a conocer que tambi\u00e9n se est\u00e1 detallando la programaci\u00f3n del evento, en donde habr\u00e1 diversos n\u00fameros art\u00edsticos que se desarrollar\u00e1n estando invitadas todas las escuelas, por lo que se hace la invitaci\u00f3n a acompa\u00f1ar al presidente municipal en tan importante acto.<\/p>\n\n\n\n<p>Tentativamente ser\u00e1 el pr\u00f3ximo lunes cuando el edil lleve el encendido del \u00e1rbol de navidad y pasar un rato de convivencia con todas las familias.<\/p>\n\n\n\n<p><\/p>\n","protected":false},"excerpt":{"rendered":"<p>Por Roberto Meza\/Zunoticia Yahualica, Hgo. &#8211; Parte de los festejos que est\u00e1 organizando el gobierno municipal que preside el Licenciado Sen\u00f3n Navarro Morales, es el encendido del \u00e1rbol de navidad, que se llevar\u00e1 la pr\u00f3xima semana, lo que se busca es ofrecer a la sociedad yahualiquense un gran evento decembrino. Mientras tanto, personal de las&hellip; <a class=\"more-link\" href=\"https:\/\/www.zunoticia.com\/noticias-de-hidalgo\/2023\/12\/06\/preparan-encendido-del-arbol-navideno\/\">Seguir leyendo <span class=\"screen-reader-text\">Preparan encendido del \u00e1rbol navide\u00f1o<\/span><\/a><\/p>\n","protected":false},"author":20,"featured_media":516928,"comment_status":"open","ping_status":"open","sticky":false,"template":"","format":"standard","meta":{"rop_custom_images_group":[],"rop_custom_messages_group":[],"rop_publish_now":"initial","rop_publish_now_accounts":{"facebook_10159540855086992_322828327761733":""},"rop_publish_now_history":[],"rop_publish_now_status":"pending","footnotes":""},"categories":[179,203],"tags":[229,123],"class_list":["post-516927","post","type-post","status-publish","format-standard","has-post-thumbnail","hentry","category-huasteca","category-yahualica","tag-huasteca","tag-yahualica","entry"],"_links":{"self":[{"href":"https:\/\/www.zunoticia.com\/noticias-de-hidalgo\/wp-json\/wp\/v2\/posts\/516927","targetHints":{"allow":["GET"]}}],"collection":[{"href":"https:\/\/www.zunoticia.com\/noticias-de-hidalgo\/wp-json\/wp\/v2\/posts"}],"about":[{"href":"https:\/\/www.zunoticia.com\/noticias-de-hidalgo\/wp-json\/wp\/v2\/types\/post"}],"author":[{"embeddable":true,"href":"https:\/\/www.zunoticia.com\/noticias-de-hidalgo\/wp-json\/wp\/v2\/users\/20"}],"replies":[{"embeddable":true,"href":"https:\/\/www.zunoticia.com\/noticias-de-hidalgo\/wp-json\/wp\/v2\/comments?post=516927"}],"version-history":[{"count":1,"href":"https:\/\/www.zunoticia.com\/noticias-de-hidalgo\/wp-json\/wp\/v2\/posts\/516927\/revisions"}],"predecessor-version":[{"id":516929,"href":"https:\/\/www.zunoticia.com\/noticias-de-hidalgo\/wp-json\/wp\/v2\/posts\/516927\/revisions\/516929"}],"wp:featuredmedia":[{"embeddable":true,"href":"https:\/\/www.zunoticia.com\/noticias-de-hidalgo\/wp-json\/wp\/v2\/media\/516928"}],"wp:attachment":[{"href":"https:\/\/www.zunoticia.com\/noticias-de-hidalgo\/wp-json\/wp\/v2\/media?parent=516927"}],"wp:term":[{"taxonomy":"category","embeddable":true,"href":"https:\/\/www.zunoticia.com\/noticias-de-hidalgo\/wp-json\/wp\/v2\/categories?post=516927"},{"taxonomy":"post_tag","embeddable":true,"href":"https:\/\/www.zunoticia.com\/noticias-de-hidalgo\/wp-json\/wp\/v2\/tags?post=516927"}],"curies":[{"name":"wp","href":"https:\/\/api.w.org\/{rel}","templated":true}]}}