{"id":516942,"date":"2023-12-06T18:46:24","date_gmt":"2023-12-07T00:46:24","guid":{"rendered":"https:\/\/www.zunoticia.com\/noticias-de-hidalgo\/?p=516942"},"modified":"2023-12-06T18:46:25","modified_gmt":"2023-12-07T00:46:25","slug":"importante-capacitacion-a-citricultores-de-la-region","status":"publish","type":"post","link":"https:\/\/www.zunoticia.com\/noticias-de-hidalgo\/2023\/12\/06\/importante-capacitacion-a-citricultores-de-la-region\/","title":{"rendered":"Importante capacitaci\u00f3n a citricultores de la regi\u00f3n"},"content":{"rendered":"<aside class=\"mashsb-container mashsb-main mashsb-stretched\"><div class=\"mashsb-box\"><div class=\"mashsb-count mash-large\" style=\"float:left\"><div class=\"counts mashsbcount\">23<\/div><span class=\"mashsb-sharetext\">SHARES<\/span><\/div><div class=\"mashsb-buttons\"><a class=\"mashicon-facebook mash-large mash-center mashsb-noshadow\" href=\"https:\/\/www.facebook.com\/sharer.php?u=https%3A%2F%2Fwww.zunoticia.com%2Fnoticias-de-hidalgo%2F2023%2F12%2F06%2Fimportante-capacitacion-a-citricultores-de-la-region%2F\" target=\"_top\" rel=\"nofollow\"><span class=\"icon\"><\/span><span class=\"text\">Share<\/span><\/a><a class=\"mashicon-twitter mash-large mash-center mashsb-noshadow\" href=\"https:\/\/twitter.com\/intent\/tweet?text=&amp;url=https:\/\/www.zunoticia.com\/noticias-de-hidalgo\/2023\/12\/06\/importante-capacitacion-a-citricultores-de-la-region\/\" target=\"_top\" rel=\"nofollow\"><span class=\"icon\"><\/span><span class=\"text\">Tweet<\/span><\/a><div class=\"onoffswitch2 mash-large mashsb-noshadow\" style=\"display:none\"><\/div><\/div>\n            <\/div>\n                <div style=\"clear:both\"><\/div><div class=\"mashsb-toggle-container\"><\/div><\/aside>\n            <!-- Share buttons by mashshare.net - Version: 4.0.47-->\n<p><em>Por \u00c1ngel Silverio\/Zunoticia<\/em><\/p>\n\n\n\n<p><strong>San Felipe Orizatl\u00e1n, Hgo.<\/strong> \u2013 \u201cAl ser el municipio, uno de los principales productores de c\u00edtricos en el estado, la ma\u00f1ana de este mi\u00e9rcoles llevamos a cabo la capacitaci\u00f3n de manejo integral de c\u00edtricos de la regi\u00f3n sierra y huasteca, por parte del Comit\u00e9 Estatal de Sanidad Vegetal del Estado de Hidalgo en coordinaci\u00f3n con el \u00e1rea de Proyectos Productivos, que tiene como objetivo que la cosecha de c\u00edtricos tenga un desarrollo sano y permanente\u201d.<\/p>\n\n\n\n<p>El secretario municipal, Camilo Melo Rivera, se\u00f1al\u00f3 lo anterior y a nombre de la alcaldesa Erika Saab Lara agradeci\u00f3 estas acciones que sin duda son para beneficio de los productores de la regi\u00f3n, por ello, en coordinaci\u00f3n con el Comit\u00e9 Estatal de Sanidad Vegetal del Estado de Hidalgo (CESAVEH) y el \u00e1rea de Proyectos Productivos Municipal llevaron a cabo esta capacitaci\u00f3n.<\/p>\n\n\n\n<p>La capacitaci\u00f3n fue impartida por personal del Instituto Nacional de Investigaciones Forestales, Agr\u00edcolas y Pecuarias (INIFAP), la cual estuvo dirigida a productores citr\u00edcolas, t\u00e9cnicos de campo de la zona huasteca y sierra; adem\u00e1s se dio a conocer el panorama de la situaci\u00f3n actual de plagas y enfermedades presentes en la zona del Estado, como las medidas implementadas, acciones de prevenci\u00f3n y control que afectan a la citricultura.<\/p>\n\n\n\n<p>Estos programas se dan con la finalidad de proteger la citricultura de la regi\u00f3n huasteca, haciendo relevancia en el manejo nutricional con productos org\u00e1nicos y el uso de microorganismos ben\u00e9ficos que ayuden en la regeneraci\u00f3n del suelo.<\/p>\n\n\n\n<figure class=\"wp-block-image size-full\"><img fetchpriority=\"high\" decoding=\"async\" width=\"940\" height=\"788\" src=\"https:\/\/www.zunoticia.com\/noticias-de-hidalgo\/wp-content\/uploads\/2023\/12\/Zunoticia-1-57.png\" alt=\"\" class=\"wp-image-516944\"\/><\/figure>\n","protected":false},"excerpt":{"rendered":"<p>Por \u00c1ngel Silverio\/Zunoticia San Felipe Orizatl\u00e1n, Hgo. \u2013 \u201cAl ser el municipio, uno de los principales productores de c\u00edtricos en el estado, la ma\u00f1ana de este mi\u00e9rcoles llevamos a cabo la capacitaci\u00f3n de manejo integral de c\u00edtricos de la regi\u00f3n sierra y huasteca, por parte del Comit\u00e9 Estatal de Sanidad Vegetal del Estado de Hidalgo&hellip; <a class=\"more-link\" href=\"https:\/\/www.zunoticia.com\/noticias-de-hidalgo\/2023\/12\/06\/importante-capacitacion-a-citricultores-de-la-region\/\">Seguir leyendo <span class=\"screen-reader-text\">Importante capacitaci\u00f3n a citricultores de la regi\u00f3n<\/span><\/a><\/p>\n","protected":false},"author":20,"featured_media":516943,"comment_status":"open","ping_status":"open","sticky":false,"template":"","format":"standard","meta":{"rop_custom_images_group":[],"rop_custom_messages_group":[],"rop_publish_now":"initial","rop_publish_now_accounts":{"facebook_10159540855086992_322828327761733":""},"rop_publish_now_history":[],"rop_publish_now_status":"pending","footnotes":""},"categories":[179,180],"tags":[229,129],"class_list":["post-516942","post","type-post","status-publish","format-standard","has-post-thumbnail","hentry","category-huasteca","category-orizatlan","tag-huasteca","tag-orizatlan","entry"],"_links":{"self":[{"href":"https:\/\/www.zunoticia.com\/noticias-de-hidalgo\/wp-json\/wp\/v2\/posts\/516942","targetHints":{"allow":["GET"]}}],"collection":[{"href":"https:\/\/www.zunoticia.com\/noticias-de-hidalgo\/wp-json\/wp\/v2\/posts"}],"about":[{"href":"https:\/\/www.zunoticia.com\/noticias-de-hidalgo\/wp-json\/wp\/v2\/types\/post"}],"author":[{"embeddable":true,"href":"https:\/\/www.zunoticia.com\/noticias-de-hidalgo\/wp-json\/wp\/v2\/users\/20"}],"replies":[{"embeddable":true,"href":"https:\/\/www.zunoticia.com\/noticias-de-hidalgo\/wp-json\/wp\/v2\/comments?post=516942"}],"version-history":[{"count":1,"href":"https:\/\/www.zunoticia.com\/noticias-de-hidalgo\/wp-json\/wp\/v2\/posts\/516942\/revisions"}],"predecessor-version":[{"id":516945,"href":"https:\/\/www.zunoticia.com\/noticias-de-hidalgo\/wp-json\/wp\/v2\/posts\/516942\/revisions\/516945"}],"wp:featuredmedia":[{"embeddable":true,"href":"https:\/\/www.zunoticia.com\/noticias-de-hidalgo\/wp-json\/wp\/v2\/media\/516943"}],"wp:attachment":[{"href":"https:\/\/www.zunoticia.com\/noticias-de-hidalgo\/wp-json\/wp\/v2\/media?parent=516942"}],"wp:term":[{"taxonomy":"category","embeddable":true,"href":"https:\/\/www.zunoticia.com\/noticias-de-hidalgo\/wp-json\/wp\/v2\/categories?post=516942"},{"taxonomy":"post_tag","embeddable":true,"href":"https:\/\/www.zunoticia.com\/noticias-de-hidalgo\/wp-json\/wp\/v2\/tags?post=516942"}],"curies":[{"name":"wp","href":"https:\/\/api.w.org\/{rel}","templated":true}]}}