{"id":516957,"date":"2023-12-06T19:59:26","date_gmt":"2023-12-07T01:59:26","guid":{"rendered":"https:\/\/www.zunoticia.com\/noticias-de-hidalgo\/?p=516957"},"modified":"2023-12-06T21:27:14","modified_gmt":"2023-12-07T03:27:14","slug":"exhiben-a-armando-por-usar-pobreza-de-olma-para-campana","status":"publish","type":"post","link":"https:\/\/www.zunoticia.com\/noticias-de-hidalgo\/2023\/12\/06\/exhiben-a-armando-por-usar-pobreza-de-olma-para-campana\/","title":{"rendered":"Exhiben a aspirante de usar pobreza para campa\u00f1a"},"content":{"rendered":"<aside class=\"mashsb-container mashsb-main mashsb-stretched\"><div class=\"mashsb-box\"><div class=\"mashsb-count mash-large\" style=\"float:left\"><div class=\"counts mashsbcount\">70<\/div><span class=\"mashsb-sharetext\">SHARES<\/span><\/div><div class=\"mashsb-buttons\"><a class=\"mashicon-facebook mash-large mash-center mashsb-noshadow\" href=\"https:\/\/www.facebook.com\/sharer.php?u=https%3A%2F%2Fwww.zunoticia.com%2Fnoticias-de-hidalgo%2F2023%2F12%2F06%2Fexhiben-a-armando-por-usar-pobreza-de-olma-para-campana%2F\" target=\"_top\" rel=\"nofollow\"><span class=\"icon\"><\/span><span class=\"text\">Share<\/span><\/a><a class=\"mashicon-twitter mash-large mash-center mashsb-noshadow\" href=\"https:\/\/twitter.com\/intent\/tweet?text=&amp;url=https:\/\/www.zunoticia.com\/noticias-de-hidalgo\/2023\/12\/06\/exhiben-a-armando-por-usar-pobreza-de-olma-para-campana\/\" target=\"_top\" rel=\"nofollow\"><span class=\"icon\"><\/span><span class=\"text\">Tweet<\/span><\/a><div class=\"onoffswitch2 mash-large mashsb-noshadow\" style=\"display:none\"><\/div><\/div>\n            <\/div>\n                <div style=\"clear:both\"><\/div><div class=\"mashsb-toggle-container\"><\/div><\/aside>\n            <!-- Share buttons by mashshare.net - Version: 4.0.47-->\n<ul class=\"wp-block-list\">\n<li>Le piden a Armando Bautista Lara respeto y se disculpe con la comunidad por usar im\u00e1genes para campa\u00f1a pol\u00edtica y dijo \u201cno por unas lechitas y galletitas nos venga a usar\u201d.<\/li>\n<\/ul>\n\n\n\n<p><em>Por Mois\u00e9s Medrano\/Zunoticia<\/em><\/p>\n\n\n\n<p><strong>Yahualica<\/strong><strong>, Hgo<\/strong><strong>.-<\/strong> El delegado de la comunidad de Olma Aurelio Herrera San Juan ayer v\u00eda telef\u00f3nica pidi\u00f3 respeto y solicit\u00f3 al aspirante de Morena Armando Bautista Lara asista a la comunidad a pedir disculpas a Olma por usar im\u00e1genes y hacer campa\u00f1a pol\u00edtica de gestiones que no vivi\u00f3 y nunca estuvo, por lo que levantar\u00eda un acta en la que deslinda a la comunidad de ser parte de su inter\u00e9s pol\u00edtico.<\/p>\n\n\n\n<p>Asegura que \u00e9l no estaba en la comunidad que cuando lleg\u00f3 el vecino de la cabecera de Yahualica quien ya estaba entregando unas lechitas a mujeres y galletas para los ni\u00f1os, lo que le agradeci\u00f3 que, s\u00ed hubo gr\u00e1ficas con \u00e9l, pero que de \u00e9stas no le inform\u00f3 ser\u00edan parte de su campa\u00f1a pol\u00edtica la cual no aprueba \u00e9l ni la comunidad su uso.<\/p>\n\n\n\n<figure class=\"wp-block-image size-full\"><img fetchpriority=\"high\" decoding=\"async\" width=\"1200\" height=\"800\" src=\"https:\/\/www.zunoticia.com\/noticias-de-hidalgo\/wp-content\/uploads\/2023\/12\/eZy-Watermark_06-12-2023_07-49-54-8790p.m.jpg\" alt=\"\" class=\"wp-image-516960\"\/><\/figure>\n\n\n\n<p>Lo anterior fue luego de un video p\u00fablico en redes sociales, donde el aspirante Armando Bautista se muestra como oriundo de Olma y ser parte de la lucha de la gesti\u00f3n del camino y electrificaci\u00f3n que por m\u00e1s de treinta a\u00f1os hizo la gente \u201cYo no hab\u00eda visto su publicaci\u00f3n, me acabo de enterar, el s\u00e1bado que vino \u00e9l ya estaba en la comunidad, pero yo no sab\u00eda de ese video que se publica en redes y lo que publican no es as\u00ed\u201d.<\/p>\n\n\n\n<p>El ciudadano se refiere a las gestiones del camino a Olma que fue una lucha y toma de presidencia contra el alcalde Eustorgio a quien no tienen nada que agradecer. \u201cA mi no me dijo que iban a hacer un video ni nada de eso, \u00e9l fue a mi casa y me fue a saludar y llevaba unas galletitas para los ni\u00f1os y unas lechitas para las mam\u00e1s\u201d.<\/p>\n\n\n\n<p>Cuestionado si Armando Bautista efectivamente era nacido en Olma \u00a8no, sus pap\u00e1s eran de ac\u00e1, ellos viven en Yahualica, lo que tengo entendido es que a su pap\u00e1 lo corrieron de Olma porque creo quem\u00f3 una choza de unas familias, una casita de zacate y los corrieron de la comunidad y se vinieron a la cabecera municipal\u201d.<\/p>\n\n\n\n<p>El delegado dijo que su pap\u00e1 siempre ha dicho que \u00e9l es de Olma, pero su hijo no y la gente le dice que a \u00e9l lo corrieron porque quem\u00f3 una casa de zacate \u201cpero Armando Bautista no naci\u00f3 aqu\u00ed\u201d.<\/p>\n\n\n\n<p>Pidi\u00f3 al aspirante tenga respeto de la lucha de la comunidad por sus beneficios y lo llam\u00f3 a disculparse p\u00fablicamente \u201cle pido que tenga respeto por la lucha que la comunidad ha hecho y si bien sus pap\u00e1s nacieron ah\u00ed lo que no se vale es que se use la comunidad para fines pol\u00edticos no aprobados por la gente, va a tener que pedir disculpas a la comunidad\u201d.<\/p>\n\n\n\n<p>\u201cAprovecho para agradecer a la comunidad el trabajo de organizaci\u00f3n al buen amigo compa Nato hoy diputado local y la subsecretar\u00eda de gobierno en su momento al licenciado Gerardo Canales y Orta Blanco de la Procuradur\u00eda Agraria quienes estuvieron con nosotros en un seguimiento cercano\u201d. Finaliz\u00f3. &nbsp;<\/p>\n","protected":false},"excerpt":{"rendered":"<p>Por Mois\u00e9s Medrano\/Zunoticia Yahualica, Hgo.- El delegado de la comunidad de Olma Aurelio Herrera San Juan ayer v\u00eda telef\u00f3nica pidi\u00f3 respeto y solicit\u00f3 al aspirante de Morena Armando Bautista Lara asista a la comunidad a pedir disculpas a Olma por usar im\u00e1genes y hacer campa\u00f1a pol\u00edtica de gestiones que no vivi\u00f3 y nunca estuvo, por&hellip; <a class=\"more-link\" href=\"https:\/\/www.zunoticia.com\/noticias-de-hidalgo\/2023\/12\/06\/exhiben-a-armando-por-usar-pobreza-de-olma-para-campana\/\">Seguir leyendo <span class=\"screen-reader-text\">Exhiben a aspirante de usar pobreza para campa\u00f1a<\/span><\/a><\/p>\n","protected":false},"author":12,"featured_media":516987,"comment_status":"open","ping_status":"open","sticky":false,"template":"","format":"standard","meta":{"rop_custom_images_group":[],"rop_custom_messages_group":[],"rop_publish_now":"initial","rop_publish_now_accounts":{"facebook_10159540855086992_322828327761733":""},"rop_publish_now_history":[],"rop_publish_now_status":"pending","footnotes":""},"categories":[179,203],"tags":[123],"class_list":["post-516957","post","type-post","status-publish","format-standard","has-post-thumbnail","hentry","category-huasteca","category-yahualica","tag-yahualica","entry"],"_links":{"self":[{"href":"https:\/\/www.zunoticia.com\/noticias-de-hidalgo\/wp-json\/wp\/v2\/posts\/516957","targetHints":{"allow":["GET"]}}],"collection":[{"href":"https:\/\/www.zunoticia.com\/noticias-de-hidalgo\/wp-json\/wp\/v2\/posts"}],"about":[{"href":"https:\/\/www.zunoticia.com\/noticias-de-hidalgo\/wp-json\/wp\/v2\/types\/post"}],"author":[{"embeddable":true,"href":"https:\/\/www.zunoticia.com\/noticias-de-hidalgo\/wp-json\/wp\/v2\/users\/12"}],"replies":[{"embeddable":true,"href":"https:\/\/www.zunoticia.com\/noticias-de-hidalgo\/wp-json\/wp\/v2\/comments?post=516957"}],"version-history":[{"count":3,"href":"https:\/\/www.zunoticia.com\/noticias-de-hidalgo\/wp-json\/wp\/v2\/posts\/516957\/revisions"}],"predecessor-version":[{"id":516992,"href":"https:\/\/www.zunoticia.com\/noticias-de-hidalgo\/wp-json\/wp\/v2\/posts\/516957\/revisions\/516992"}],"wp:featuredmedia":[{"embeddable":true,"href":"https:\/\/www.zunoticia.com\/noticias-de-hidalgo\/wp-json\/wp\/v2\/media\/516987"}],"wp:attachment":[{"href":"https:\/\/www.zunoticia.com\/noticias-de-hidalgo\/wp-json\/wp\/v2\/media?parent=516957"}],"wp:term":[{"taxonomy":"category","embeddable":true,"href":"https:\/\/www.zunoticia.com\/noticias-de-hidalgo\/wp-json\/wp\/v2\/categories?post=516957"},{"taxonomy":"post_tag","embeddable":true,"href":"https:\/\/www.zunoticia.com\/noticias-de-hidalgo\/wp-json\/wp\/v2\/tags?post=516957"}],"curies":[{"name":"wp","href":"https:\/\/api.w.org\/{rel}","templated":true}]}}