{"id":517533,"date":"2023-12-10T16:09:21","date_gmt":"2023-12-10T22:09:21","guid":{"rendered":"https:\/\/www.zunoticia.com\/noticias-de-hidalgo\/?p=517533"},"modified":"2023-12-10T16:28:41","modified_gmt":"2023-12-10T22:28:41","slug":"en-huejutla-hacen-caso-omiso-al-derecho-del-peaton","status":"publish","type":"post","link":"https:\/\/www.zunoticia.com\/noticias-de-hidalgo\/2023\/12\/10\/en-huejutla-hacen-caso-omiso-al-derecho-del-peaton\/","title":{"rendered":"En Huejutla hacen caso omiso al derecho del peat\u00f3n"},"content":{"rendered":"<aside class=\"mashsb-container mashsb-main mashsb-stretched\"><div class=\"mashsb-box\"><div class=\"mashsb-count mash-large\" style=\"float:left\"><div class=\"counts mashsbcount\">16<\/div><span class=\"mashsb-sharetext\">SHARES<\/span><\/div><div class=\"mashsb-buttons\"><a class=\"mashicon-facebook mash-large mash-center mashsb-noshadow\" href=\"https:\/\/www.facebook.com\/sharer.php?u=https%3A%2F%2Fwww.zunoticia.com%2Fnoticias-de-hidalgo%2F2023%2F12%2F10%2Fen-huejutla-hacen-caso-omiso-al-derecho-del-peaton%2F\" target=\"_top\" rel=\"nofollow\"><span class=\"icon\"><\/span><span class=\"text\">Share<\/span><\/a><a class=\"mashicon-twitter mash-large mash-center mashsb-noshadow\" href=\"https:\/\/twitter.com\/intent\/tweet?text=&amp;url=https:\/\/www.zunoticia.com\/noticias-de-hidalgo\/2023\/12\/10\/en-huejutla-hacen-caso-omiso-al-derecho-del-peaton\/\" target=\"_top\" rel=\"nofollow\"><span class=\"icon\"><\/span><span class=\"text\">Tweet<\/span><\/a><div class=\"onoffswitch2 mash-large mashsb-noshadow\" style=\"display:none\"><\/div><\/div>\n            <\/div>\n                <div style=\"clear:both\"><\/div><div class=\"mashsb-toggle-container\"><\/div><\/aside>\n            <!-- Share buttons by mashshare.net - Version: 4.0.47-->\n<p><em>Por Salvador Altamirano\/Zunoticia<\/em><\/p>\n\n\n\n<p><strong>Huejutla, Hgo.-<\/strong> Habitantes de la poblaci\u00f3n expresaron que, en Huejutla de unos a\u00f1os a la fecha, ha incrementado sobre manera el parque vehicular, lo cual es un riesgo para los peatones.<\/p>\n\n\n\n<p>Agregaron que, lo anterior, porque hace falta cultura vial en los conductores, ya que la mayor\u00eda se siente omnipotente y no respeta se\u00f1alamientos de vialidad, ni los espacios que le corresponde al peat\u00f3n.<\/p>\n\n\n\n<p>Explicaron que, una muestra de ello se observ\u00f3 por en\u00e9sima ocasi\u00f3n este domingo en la Avenida Hidalgo, de la zona Centro, en donde el conductor de una camioneta de color gris estacion\u00f3 su unidad sobre un paso peatonal.<\/p>\n\n\n\n<p>Quien se identific\u00f3 con el nombre de Carlos Olmos P\u00e9rez, exhort\u00f3 a la direcci\u00f3n de Tr\u00e1nsito y Vialidad Municipal para que los elementos adscritos sean m\u00e1s celosos en el cumplimiento de su deber, en especial, para hacer respetar el derecho de los peatones.<\/p>\n\n\n\n<p>Para finalizar, subray\u00f3 que la \u00fanica manera de que est\u00e9 &#8220;vigente&#8221; el Reglamento de Tr\u00e1nsito en Huejutla, es aplicar mano dura sin distinci\u00f3n alguna, de lo contrario, seguir\u00e1 permaneciendo el &#8220;caso omiso&#8221; a este, tanto de los conductores como de autoridades.<\/p>\n","protected":false},"excerpt":{"rendered":"<p>Por Salvador Altamirano\/Zunoticia Huejutla, Hgo.- Habitantes de la poblaci\u00f3n expresaron que, en Huejutla de unos a\u00f1os a la fecha, ha incrementado sobre manera el parque vehicular, lo cual es un riesgo para los peatones. Agregaron que, lo anterior, porque hace falta cultura vial en los conductores, ya que la mayor\u00eda se siente omnipotente y no&hellip; <a class=\"more-link\" href=\"https:\/\/www.zunoticia.com\/noticias-de-hidalgo\/2023\/12\/10\/en-huejutla-hacen-caso-omiso-al-derecho-del-peaton\/\">Seguir leyendo <span class=\"screen-reader-text\">En Huejutla hacen caso omiso al derecho del peat\u00f3n<\/span><\/a><\/p>\n","protected":false},"author":12,"featured_media":517550,"comment_status":"open","ping_status":"open","sticky":false,"template":"","format":"standard","meta":{"rop_custom_images_group":[],"rop_custom_messages_group":[],"rop_publish_now":"initial","rop_publish_now_accounts":{"facebook_10159540855086992_322828327761733":""},"rop_publish_now_history":[],"rop_publish_now_status":"pending","footnotes":""},"categories":[181],"tags":[121],"class_list":["post-517533","post","type-post","status-publish","format-standard","has-post-thumbnail","hentry","category-huejutla","tag-huejutla","entry"],"_links":{"self":[{"href":"https:\/\/www.zunoticia.com\/noticias-de-hidalgo\/wp-json\/wp\/v2\/posts\/517533","targetHints":{"allow":["GET"]}}],"collection":[{"href":"https:\/\/www.zunoticia.com\/noticias-de-hidalgo\/wp-json\/wp\/v2\/posts"}],"about":[{"href":"https:\/\/www.zunoticia.com\/noticias-de-hidalgo\/wp-json\/wp\/v2\/types\/post"}],"author":[{"embeddable":true,"href":"https:\/\/www.zunoticia.com\/noticias-de-hidalgo\/wp-json\/wp\/v2\/users\/12"}],"replies":[{"embeddable":true,"href":"https:\/\/www.zunoticia.com\/noticias-de-hidalgo\/wp-json\/wp\/v2\/comments?post=517533"}],"version-history":[{"count":1,"href":"https:\/\/www.zunoticia.com\/noticias-de-hidalgo\/wp-json\/wp\/v2\/posts\/517533\/revisions"}],"predecessor-version":[{"id":517534,"href":"https:\/\/www.zunoticia.com\/noticias-de-hidalgo\/wp-json\/wp\/v2\/posts\/517533\/revisions\/517534"}],"wp:featuredmedia":[{"embeddable":true,"href":"https:\/\/www.zunoticia.com\/noticias-de-hidalgo\/wp-json\/wp\/v2\/media\/517550"}],"wp:attachment":[{"href":"https:\/\/www.zunoticia.com\/noticias-de-hidalgo\/wp-json\/wp\/v2\/media?parent=517533"}],"wp:term":[{"taxonomy":"category","embeddable":true,"href":"https:\/\/www.zunoticia.com\/noticias-de-hidalgo\/wp-json\/wp\/v2\/categories?post=517533"},{"taxonomy":"post_tag","embeddable":true,"href":"https:\/\/www.zunoticia.com\/noticias-de-hidalgo\/wp-json\/wp\/v2\/tags?post=517533"}],"curies":[{"name":"wp","href":"https:\/\/api.w.org\/{rel}","templated":true}]}}